{"id":19499,"date":"2023-01-27T02:51:13","date_gmt":"2023-01-27T05:51:13","guid":{"rendered":"https:\/\/revistaepocadigital.com.ar\/?p=19499"},"modified":"2023-01-27T02:51:13","modified_gmt":"2023-01-27T05:51:13","slug":"el-talento-de-fabian-scovenna-volcado-en-obahia","status":"publish","type":"post","link":"https:\/\/revistaepocadigital.com.ar\/?p=19499","title":{"rendered":"EL TALENTO DE FABI\u00c1N SCOVENNA VOLCADO EN O\u00b4BAH\u00cdA"},"content":{"rendered":"<div><strong><strong>LOS TAN POPULARES, LOGRADOS Y TAN CONCURRIDOS CARNAVALES EN GUALEGUAYCH\u00da, CONOCIDOS EN TODO EL PA\u00cdS.<\/strong><\/strong><\/div>\n<p><!--more--><\/p>\n<div><\/div>\n<blockquote>\n<div>\n<h6 style=\"text-align: left;\">Tienen en la edici\u00f3n 2023 que va hasta finalizar el mes de febrero, a un exaltacrucense en un rol preponderante. Desde mayo del a\u00f1o pasado, como te contamos en EPOCA, el creativo y talentoso director art\u00edstico y productor, Fabi\u00e1n Scovenna, se desempe\u00f1a como director de la tan conocida y destacada comparsa O&#8217;BAHIA, que junto a MAR\u00cd MAR\u00cd, KAMARR, ARA YEVI y PAPELITOS, conforman las cinco comparsas con m\u00e1s de 40 a\u00f1os de trayectoria, que ofrecen a\u00f1o tras a\u00f1o, el espect\u00e1culo m\u00e1s importante a cielo abierto de nuestro pa\u00eds.<\/h6>\n<h6 style=\"text-align: left;\">Este a\u00f1o, bajo la direcci\u00f3n de Scovenna, con m\u00e1s de 220 integrantes la comparsa O&#8217;Bahia presenta su argumento &#8220;O&#8217;BAHIA ROCK&#8221; en el &#8220;Carnaval del Pa\u00eds&#8221; como es denominado el de Gualeguaych\u00fa, donde compite con su tem\u00e1tica para llevarse la anhelada copa de campe\u00f3n.<\/h6>\n<h6><strong><em>&#8220;&#8230;Se oye un estrepitoso sonido que golpea tu pecho haci\u00e9ndote vibrar.<\/em><\/strong><\/h6>\n<h6><strong><em>Avanza a paso firme desafiando sentidos y l\u00edmites; llegando a cada rinc\u00f3n del planeta e invadiendo esta ciudad.<\/em><\/strong><\/h6>\n<h6><strong><em>Es la fuerza de la guitarra que seduce a la musa del carnaval para que un nuevo estilo musical inicie; se fusionan y emerge desde esta noche el OBAHIA ROCK&#8230;.&#8221;<\/em><\/strong><\/h6>\n<\/div>\n<\/blockquote>\n<h6><\/h6>\n<p><img loading=\"lazy\" decoding=\"async\" class=\"size-full wp-image-19503\" src=\"https:\/\/revistaepocadigital.com.ar\/wp-content\/uploads\/2023\/01\/obahi-logo.jpg\" alt=\"\" width=\"389\" height=\"389\" srcset=\"https:\/\/revistaepocadigital.com.ar\/wp-content\/uploads\/2023\/01\/obahi-logo.jpg 389w, https:\/\/revistaepocadigital.com.ar\/wp-content\/uploads\/2023\/01\/obahi-logo-300x300.jpg 300w, https:\/\/revistaepocadigital.com.ar\/wp-content\/uploads\/2023\/01\/obahi-logo-150x150.jpg 150w\" sizes=\"auto, (max-width: 389px) 100vw, 389px\" \/><\/p>\n<p>&nbsp;<\/p>\n<blockquote>\n<div>\n<h6><img loading=\"lazy\" decoding=\"async\" class=\"aligncenter size-full wp-image-19504\" src=\"https:\/\/revistaepocadigital.com.ar\/wp-content\/uploads\/2023\/01\/obahi.jpg\" alt=\"\" width=\"648\" height=\"793\" srcset=\"https:\/\/revistaepocadigital.com.ar\/wp-content\/uploads\/2023\/01\/obahi.jpg 648w, https:\/\/revistaepocadigital.com.ar\/wp-content\/uploads\/2023\/01\/obahi-245x300.jpg 245w, https:\/\/revistaepocadigital.com.ar\/wp-content\/uploads\/2023\/01\/obahi-343x420.jpg 343w\" sizes=\"auto, (max-width: 648px) 100vw, 648px\" \/><\/h6>\n<h6><img loading=\"lazy\" decoding=\"async\" class=\"aligncenter size-full wp-image-19505\" src=\"https:\/\/revistaepocadigital.com.ar\/wp-content\/uploads\/2023\/01\/obAHI-3.jpg\" alt=\"\" width=\"853\" height=\"1280\" srcset=\"https:\/\/revistaepocadigital.com.ar\/wp-content\/uploads\/2023\/01\/obAHI-3.jpg 853w, https:\/\/revistaepocadigital.com.ar\/wp-content\/uploads\/2023\/01\/obAHI-3-200x300.jpg 200w, https:\/\/revistaepocadigital.com.ar\/wp-content\/uploads\/2023\/01\/obAHI-3-800x1200.jpg 800w, https:\/\/revistaepocadigital.com.ar\/wp-content\/uploads\/2023\/01\/obAHI-3-768x1152.jpg 768w, https:\/\/revistaepocadigital.com.ar\/wp-content\/uploads\/2023\/01\/obAHI-3-696x1044.jpg 696w, https:\/\/revistaepocadigital.com.ar\/wp-content\/uploads\/2023\/01\/obAHI-3-280x420.jpg 280w, https:\/\/revistaepocadigital.com.ar\/wp-content\/uploads\/2023\/01\/obAHI-3-560x840.jpg 560w\" sizes=\"auto, (max-width: 853px) 100vw, 853px\" \/><\/h6>\n<h6><img loading=\"lazy\" decoding=\"async\" class=\"aligncenter size-full wp-image-19506\" src=\"https:\/\/revistaepocadigital.com.ar\/wp-content\/uploads\/2023\/01\/obahia-2.jpg\" alt=\"\" width=\"597\" height=\"896\" srcset=\"https:\/\/revistaepocadigital.com.ar\/wp-content\/uploads\/2023\/01\/obahia-2.jpg 597w, https:\/\/revistaepocadigital.com.ar\/wp-content\/uploads\/2023\/01\/obahia-2-200x300.jpg 200w, https:\/\/revistaepocadigital.com.ar\/wp-content\/uploads\/2023\/01\/obahia-2-280x420.jpg 280w, https:\/\/revistaepocadigital.com.ar\/wp-content\/uploads\/2023\/01\/obahia-2-560x840.jpg 560w\" sizes=\"auto, (max-width: 597px) 100vw, 597px\" \/><\/h6>\n<h6><img loading=\"lazy\" decoding=\"async\" class=\"aligncenter size-full wp-image-19507\" src=\"https:\/\/revistaepocadigital.com.ar\/wp-content\/uploads\/2023\/01\/OBAHI4.jpg\" alt=\"\" width=\"432\" height=\"288\" srcset=\"https:\/\/revistaepocadigital.com.ar\/wp-content\/uploads\/2023\/01\/OBAHI4.jpg 432w, https:\/\/revistaepocadigital.com.ar\/wp-content\/uploads\/2023\/01\/OBAHI4-300x200.jpg 300w\" sizes=\"auto, (max-width: 432px) 100vw, 432px\" \/><\/h6>\n<h6 style=\"text-align: left;\">En esta nueva edici\u00f3n que viene desarroll\u00e1ndose en el conocido Cors\u00f3dromo, se destacan tambi\u00e9n en la comparsa O\u00b4Bah\u00eda, conocidos exaltacrucenses como Florencia Scovenna, Lucas D\u00edaz y\u00a0 el hist\u00f3rico &#8220;Pampa&#8221; Grillo, un verdadero apasionado\u00a0 de los carnavales.<\/h6>\n<h6 style=\"text-align: left;\"><em>Los desfiles se realizan en el Cors\u00f3dromo de la ciudad, cuya pasarela mide m\u00e1s de 500 metros de extensi\u00f3n, y que cuenta con una capacidad de 40 mil personas sentadas en tribunas, sillas y zonas Vip\u00b4s.<\/em><\/h6>\n<p>&nbsp;<\/p>\n<h6><strong><em>Las entradas pueden adquirise mediante p\u00e1gina oficial del carnaval de Gualeguaych\u00fa:<\/em><\/strong><br \/>\n<strong><em>https:\/\/www.carnavaldelpais.com.ar\/<\/em><\/strong><\/h6>\n<p>&nbsp;<\/p>\n<h6 style=\"text-align: left;\">Fabi\u00e1n Scovenna forma parte de los Carnavales desde el a\u00f1o 2003, cuando comenz\u00f3 en aquella recordada presentaci\u00f3n de O&#8217;Bahia en los carnavales de Capilla del Se\u00f1or, que tuvieran lugar sobre la calle Pellegrini, ante inmensa cantidad de p\u00fablico.<br \/>\nDesde ese momento hasta la actualidad es integrante de la comparsa y en su trayectoria obtuvo el primer puesto como portabanderas en los a\u00f1os 2012, 2016, 2018, 2020 y 2022.<\/h6>\n<\/div>\n<\/blockquote>\n<div>Fotos: Prensa O\u00b4Bah\u00eda.<\/div>\n","protected":false},"excerpt":{"rendered":"<p>LOS TAN POPULARES, LOGRADOS Y TAN CONCURRIDOS CARNAVALES EN GUALEGUAYCH\u00da, CONOCIDOS EN TODO EL PA\u00cdS.<\/p>\n","protected":false},"author":4,"featured_media":19502,"comment_status":"open","ping_status":"open","sticky":false,"template":"","format":"standard","meta":{"footnotes":"","jetpack_publicize_message":"","jetpack_publicize_feature_enabled":true,"jetpack_social_post_already_shared":false,"jetpack_social_options":{"image_generator_settings":{"template":"highway","default_image_id":0,"font":"","enabled":false},"version":2}},"categories":[12,13],"tags":[],"class_list":["post-19499","post","type-post","status-publish","format-standard","has-post-thumbnail","hentry","category-espectaculos","category-interes-general"],"jetpack_publicize_connections":[],"jetpack_featured_media_url":"https:\/\/revistaepocadigital.com.ar\/wp-content\/uploads\/2023\/01\/OBAHI-PORT.jpg","jetpack_likes_enabled":true,"_links":{"self":[{"href":"https:\/\/revistaepocadigital.com.ar\/index.php?rest_route=\/wp\/v2\/posts\/19499","targetHints":{"allow":["GET"]}}],"collection":[{"href":"https:\/\/revistaepocadigital.com.ar\/index.php?rest_route=\/wp\/v2\/posts"}],"about":[{"href":"https:\/\/revistaepocadigital.com.ar\/index.php?rest_route=\/wp\/v2\/types\/post"}],"author":[{"embeddable":true,"href":"https:\/\/revistaepocadigital.com.ar\/index.php?rest_route=\/wp\/v2\/users\/4"}],"replies":[{"embeddable":true,"href":"https:\/\/revistaepocadigital.com.ar\/index.php?rest_route=%2Fwp%2Fv2%2Fcomments&post=19499"}],"version-history":[{"count":0,"href":"https:\/\/revistaepocadigital.com.ar\/index.php?rest_route=\/wp\/v2\/posts\/19499\/revisions"}],"wp:featuredmedia":[{"embeddable":true,"href":"https:\/\/revistaepocadigital.com.ar\/index.php?rest_route=\/wp\/v2\/media\/19502"}],"wp:attachment":[{"href":"https:\/\/revistaepocadigital.com.ar\/index.php?rest_route=%2Fwp%2Fv2%2Fmedia&parent=19499"}],"wp:term":[{"taxonomy":"category","embeddable":true,"href":"https:\/\/revistaepocadigital.com.ar\/index.php?rest_route=%2Fwp%2Fv2%2Fcategories&post=19499"},{"taxonomy":"post_tag","embeddable":true,"href":"https:\/\/revistaepocadigital.com.ar\/index.php?rest_route=%2Fwp%2Fv2%2Ftags&post=19499"}],"curies":[{"name":"wp","href":"https:\/\/api.w.org\/{rel}","templated":true}]}}