{"id":19519,"date":"2023-01-28T19:57:14","date_gmt":"2023-01-28T22:57:14","guid":{"rendered":"https:\/\/revistaepocadigital.com.ar\/?p=19519"},"modified":"2023-01-28T19:58:33","modified_gmt":"2023-01-28T22:58:33","slug":"cepral-informa-3","status":"publish","type":"post","link":"https:\/\/revistaepocadigital.com.ar\/?p=19519","title":{"rendered":"Cepral informa"},"content":{"rendered":"<p><img decoding=\"async\" src=\"https:\/\/41sau.img.a.d.sendibm1.com\/im\/2340286\/61d7dfa0b34b1472b2dbdc5e764896a0a393b3fa2d1884b19e8e8ad54242c335.jpg?e=7FmwgONhgWVQoCYgkB0E-p6i6XZAjOUkmlhMyTfB7Y1ANQ3HE72ajBu-TWMwhDeDAWbaM9Gn3RtKy3YUm8k40g8xGGzQ2ilP1wln_UH0LZqPa7_7Qqm1gYRdSKzoivyeYpsBNZs_lkLOWhVfc7TU3QC1LCj4w1-VHKs-MGqTwFVShj1g4YmiwY5baWndrQcCTZ270AUbHkCdD75khKsoJZYKmWwbufJwbCvfNw\" alt=\"\" border=\"0\" hspace=\"0\" data-inlineimagemanipulating=\"true\" \/><\/p>\n<p><img decoding=\"async\" src=\"https:\/\/41sau.img.a.d.sendibm1.com\/im\/2340286\/52e38a18b19d445d6f4a958b56e670c90438a1d78b2408b89aa3c6284a5a0573.gif?e=7JtElUWm3rbedg2uQS2OPBKByU3yku-sw7VqNPgJ6Bo2bXBwvmRA-v3__m6pV_9eDDGzXexXqo4nVLTidSIzghEUgx_gwFK7fYpVbZ4YB4lVLwWHWdj1VUq7z14cqxMXmeHEsx00po0oh2JCrK0sFO4VGyX5g_-Vw4ewr-TdrjkRU46-YvxkJzkJ1ahBX5ETRMK1U52M_D2caQ2HBJSc5KtqBHl2OUrn0IcTrw\" alt=\"\" border=\"0\" hspace=\"0\" data-inlineimagemanipulating=\"true\" \/><\/p>\n<p><strong>\u00a1En Contacto!<\/strong><\/p>\n<div><strong>Estimados vecinos y usuarios:<\/strong><\/div>\n<div><\/div>\n<div>Les compartimos las principales noticias de nuestra Cooperativa.<\/div>\n<div><\/div>\n<div>\n<p>Nos encontramos en plena tarea de reconstrucci\u00f3n de nuestras redes, si bien a\u00fan nos falta mucho para alcanzar el estado \u00f3ptimo. Nuestros equipos de trabajo, acompa\u00f1ados de 3 dotaciones tercerizadas, contin\u00faan abocados a la tarea de restaurar las l\u00edneas de Media y de Baja Tensi\u00f3n con los recursos que contamos.<\/p>\n<p>Finalizamos los informes de los relevamientos de las l\u00edneas que abastecen los Servicios de Electricidad y los de Telecomunicaciones, dado el elevado monto necesario para su restauraci\u00f3n, nos encontramos present\u00e1ndolos a los diversos organismos municipales, provinciales y nacionales con el objetivo de solicitar ayuda para poder encarar este enorme desaf\u00edo.<\/p>\n<\/div>\n<div><\/div>\n<div>Tuvimos una recepci\u00f3n favorable en lo que respecta al Servicio El\u00e9ctrico mediante la solicitud que hemos realizado\u00a0 ante el OCEBA y ya contamos con una resoluci\u00f3n por la que se nos brindar\u00e1 un resarcimiento por los gastos incurridos hasta el momento.<\/div>\n<div><\/div>\n<div>Hasta la fecha no obtuvimos respuesta acerca del \u00e1rea de Telecomunicaciones.<\/div>\n<div><\/div>\n<div>No obstante esta situaci\u00f3n, continuamos trabajando para cumplir con las responsabilidades asumidas con nuestros usuarios.<\/div>\n<div><\/div>\n<div>Los mantendremos informados de los avances de nuestra gesti\u00f3n.<\/div>\n<div><\/div>\n<div><strong><strong>\u00a0 \u00a0 \u00a0 \u00a0 \u00a0 \u00a0 \u00a0 \u00a0 \u00a0 \u00a0 \u00a0 \u00a0 \u00a0 \u00a0 \u00a0 \u00a0 \u00a0 \u00a0 \u00a0 \u00a0 \u00a0 \u00a0 \u00a0 Consejo de Administraci\u00f3n Cepral<br \/>\n<\/strong><\/strong><strong><br \/>\n<\/strong><\/div>\n<p><img decoding=\"async\" src=\"https:\/\/41sau.img.a.d.sendibm1.com\/im\/2340286\/f904fd3f7b7068f173f9167c132f89f25f12346a88e9bfb9f266bc7009aae7e4.jpg?e=1-Pu-9FJonRdeQp_eCofjFbUwCWflZd5vHCAnWD49y5N1lBE_9HgbghnBlrZJnpkxpzBuA7W1BurRwxDe6lRdytLEDvpmc4EDXvAMxjAWRGyBWPZ3-nL1DuMvWQqhKmub9xOUSoQj1O9ShgE8tKbsta_tx4t7pTlJ3xRi5BDsqT80Fu_nSKMihBHT6DflyW721ydcYVI4ABR2dybNcbStA-aXWYxa_kLRoVu4A\" alt=\"\" border=\"0\" hspace=\"0\" data-inlineimagemanipulating=\"true\" \/><img decoding=\"async\" src=\"https:\/\/41sau.img.a.d.sendibm1.com\/im\/2340286\/42b3e5d1a88e5565fcb215642e310cff9716c544d32549ebcc2c1c98b1fddfc7.jpg?e=WkqEueOGBDFHPEut7_nqtJSW9X2sGP_okWLKuYdhcq9wDZqGUi7oyP7MfIks7P8lQq2d2wp4SpM7TXez0UTHGoMq3ejUNlqtc1epaJMkpsk6IoafH11WjRi03pzOv4U-4LzRQn3KLKWX0sSVuY0wP-uziRRQ0ERi0sRHqO8Xe4QCc_02u4qnjw2V6NekPNBbq428PrPOpHQU-daeVIuZWg-AOnDPG1v8UmUWAA\" alt=\"\" border=\"0\" hspace=\"0\" data-inlineimagemanipulating=\"true\" \/><\/p>\n<div>Ahora adem\u00e1s de poder pagar las facturas de CEPRAL en los locales de RAPIPAGO, lo puede hacer desde su hogar: en l\u00ednea o por Whatsapp.<\/div>\n<div><strong>En l\u00ednea, ingresando a:<\/strong><br \/>\n<a href=\"https:\/\/41sau.r.a.d.sendibm1.com\/mk\/cl\/f\/mVYh91QvxzRM7tRoRh16uZ6lC6DUnnxL5XFVV1zxUEVTSDR1poB5mhxRgfmeWWrgTqIzZSZwiB5seBnTe7iMniuGQw6WuBBG-t-GqXt7cbIQZMSuQMkQt_g7ayPB2V8O5b5t5y5n2eY_ASS9o5gO0K1_i8y88xohEksCQRTvRPPBHaIsxPDKoIZDxlcjEYXP7EBAYYG3YNe_has9n-2J4FEwqc0SC7VeHZn681HOA_TqSOszJY_UkTjjrZmcTsWtHY6gG5tubmGfBQDstPDGoxaableb2jPnadCUIWfzo5eZvDWgzaLPJKFKaSiBMP6zAoI74xYFDtAsWfxN-SB_g0AOwJrQyLTQuKO69l-Zy-2GVddkXseMJwYZALjE6gXpL5K4eIMOjqS1kVjHEyGnQJ3-_6qQryYMKA\" target=\"_blank\" rel=\"noreferrer noopener\">https:\/\/pagar.rapipago.com.ar\/rapipagoWeb\/pagos\/<\/a>Seguir los pasos para pagar con c\u00f3digo de barra, si tiene su Factura \u00f3<br \/>\ncon el n\u00famero de unidad m\u00e1s el digito verificador que figuran en la factura (6 d\u00edgitos en total). (Sin necesidad de contar con Factura que desea pagar).<\/p>\n<\/div>\n<div><strong>Por Whatsapp:<\/strong><\/div>\n<div>Agendar el N\u00b0<strong> 11 2621-7274<\/strong><\/div>\n<div>Seguir los pasos para pagar con Foto del c\u00f3digo de barra (si tiene la Factura) \u00f3 con el n\u00famero de unidad m\u00e1s el d\u00edgito verificador que figuran en la factura. (En caso de no tener la Factura que desea pagar).<\/div>\n<div><\/div>\n<div>Este medio se suma a todos los otros con los que ya cuenta Cepral:<\/div>\n<div><a href=\"https:\/\/41sau.r.a.d.sendibm1.com\/mk\/cl\/f\/vbtanQBCvXaJpDl_nSuVXVTuKfzbNo0yu3bMglaafK1gzqc7P3rTvGxqi6ONyYjX82bsrULo8xPfHm0r839uMOO47vQcQQT-mGjfkWh-sm-sNHz6-oz0eI9rikkh1yLYYMLHHFmJNB_Smm1vjtHNVRo6Dj-a3a1Iv3EsrjBP8N7Bp5ILGWdOMOENgI8L0go41QHgLGpUTUrgHT8untKJzC5YOldSmvM\" target=\"_blank\" rel=\"noreferrer noopener\">https:\/\/cepral.coop\/main\/medios-de-pago\/<\/a><\/div>\n<hr \/>\n<p><img decoding=\"async\" src=\"https:\/\/41sau.img.a.d.sendibm1.com\/im\/2340286\/7394240060181d8149e7bb2cf09af22f2ca17efadedf4dae19b86cbd452791de.jpg?e=urToEZ2praY3vgueReGOIvAtzhVysZMochCMnz5Tbw29gzu2F2TUgQY2Er9Y2yo-O7gIAsW2nkRbZUL--jOMsFjor3POccuuD_bdN2L9Wkg4jk6t38q9ZyzEksnjL4jgFaRBGCSK6kEQ7A97OFSGlFgWk_lEkTyhtE6HwpUyRYkR1-WEFz5PiJqs4TJESbtEdq1wqcoX1ePfh6UMrgovN9HuD6MZFhna93dsVw\" alt=\"\" border=\"0\" hspace=\"0\" data-inlineimagemanipulating=\"true\" \/><\/p>\n<div id=\"ydp1be9f503yahoo_quoted_4951166336\" class=\"ydp1be9f503yahoo_quoted\">\n<div style=\"font-size: 13px; font-family: 'Helvetica Neue', Helvetica, Arial, sans-serif; color: #26282a;\">\n<div><img decoding=\"async\" src=\"https:\/\/41sau.img.a.d.sendibm1.com\/im\/2340286\/7a71bc7adc13699dbdb518a89a8d660b6b14e0641f734217e2e3b98409edfbc3.jpg?e=a3I1GI_w5WBr_kuFA28Tk386pe3ZFI_sBI0ZnydCPLdMv7obY_9OK8oXHUkWrokjVgmQ_KcBNhbGXK5en4FCjQ7kg2GLXer_X7Rqx9rKwNDEGfoT0Ef1BbdzJ2ojRnSRrTPWHmHEFD9CB0ll4zCNg3ZeYEcIorq90T2ynNEyIHzsg3E7K6V25mqPLL5FaajwfeAD65PLyd8DY0hRteqFMV9VHSWUMAoHtVM1hA\" alt=\"\" border=\"0\" hspace=\"0\" data-inlineimagemanipulating=\"true\" \/><\/div>\n<\/div>\n<\/div>\n<div>\n<div>Con nuestros equipos , sumados a las cuadrillas contratadas nos encontramos haciendo tareas de conexi\u00f3n a nuevos usuarios y migraci\u00f3n a quienes ten\u00edan ADSL, muchos de los cuales ten\u00edan los servicios bonificados.<\/div>\n<div>\n<div><\/div>\n<div><strong>Diariamente estamos efectuando entre 12 y 15 nuevos altas del Servicio Fibra \u00d3ptica en tu Hogar en los barrios que ya tienen la infraestructura.<\/strong><\/div>\n<div><\/div>\n<div>En cuanto a los barrios <strong>Pa<\/strong><strong>rque Exaltaci\u00f3n <\/strong>y<strong> Los Pinos que a\u00fan no cuentan con Fibra \u00d3ptica, hemos\u00a0 finalizando la restituci\u00f3n de los postes que hab\u00edan quedado en mal estado, levantando las l\u00edneas y\u00a0<\/strong>continuamos realizando las reparaciones en aquellos casos puntuales para poder restablecer los servicios de Internet ADSL.<\/div>\n<hr \/>\n<\/div>\n<\/div>\n<div><img decoding=\"async\" src=\"https:\/\/41sau.img.a.d.sendibm1.com\/im\/2340286\/5569f0acf05becdff07d32b54605b005fa9a12ee7eaa9c618de51bb45118efa1.jpg?e=dpI1DTpGuaUWCgYXLE-YpeZ3uuotWqCs5ghwm3BG2WcPpOlUg8z_Kd6ucyBSGfJtrwSyMoTTYbS52OibGATfJpwTsQ9-3S9zQb9IC3LmzPq8rDcmx5KJA1SDDoZOolhh3v0PcThTZW9C18xHDtyvU0O8r_G-PVwHG5Mz83ksaVfEjhUWmBgAfubp0ROUZkLZwBFGZyAzRxaPY05zZbn6c18AoXbq-xTOIVE0RQ\" alt=\"\" border=\"0\" hspace=\"0\" data-inlineimagemanipulating=\"true\" \/><\/div>\n<div>\n<div><strong>SERVICIO ELECTRICO DOMICILIARIO<\/strong><\/div>\n<div><strong>PRESENTACI\u00d3N DE INFORMES<\/strong><\/div>\n<div><\/div>\n<div><\/div>\n<div>\n<div>Una vez finalizado el an\u00e1lisis y evaluaci\u00f3n de la magnitud de los da\u00f1os de la red de distribuci\u00f3n a reconstruir pos-tormenta, hemos presentado ante diversos organismos los informes correspondientes .<\/div>\n<div>Por Reglamento de Servicio, Cepral present\u00f3 toda la documentaci\u00f3n que avala los gastos en los que ha incurrido nuestra Cooperativa para poder restablecer el Servicio El\u00e9ctrico en todo nuestro \u00e1rea de concesi\u00f3n hasta el momento. Detallando tambi\u00e9n el estimado para poder reconstruir las dos terceras partes de nuestras l\u00edneas da\u00f1adas.<\/div>\n<div>Destacamos que luego de ello contamos con el inestimable apoyo pol\u00edtico del Municipio de Exaltaci\u00f3n de la Cruz<\/div>\n<div><\/div>\n<div>En virtud de ello el OCEBA,\u200b\u00a0Organismo de Control de Energ\u00eda El\u00e9ctrica de la Provincia de Buenos Aires, que anualmente cuenta con una previsi\u00f3n para afrontar las p\u00e9rdidas ante situaciones de cat\u00e1strofes clim\u00e1ticas, a trav\u00e9s de su Resoluci\u00f3n conjunta Nro. RESOC-2023-GDEBA-OCEBA detallada en:\u00a0 \u00a0 \u00a0 \u00a0<a href=\"https:\/\/41sau.r.a.d.sendibm1.com\/mk\/cl\/f\/IFQiLf5bWO2R9UX8JMTf20be7EWi4aVo9D9r6pZyff1nagLpjhGFkFlM2GxEaGpSNpWj0FpWqeJWXll5og24uD7TDIfZYeAmOCJqZ3hZidl4sb_SxxlHU-NbxBbYEmNdX5n7KERbQgEH7DMdeiCgV1DNmRuqUzFiSBm-sAMBiwZB_ppuQ-nPpxp7IY177p1fYwxBSNLl6igeykuODMKnepSW4NLdNU8Bqy60cfHvDIct1SnKfrpG_NF3Cxj_n_U6yjc7Iw3KEBuAdCDe3-oVvoPzX-BIIT4r2vHemgKd07MRXCSFyQo7tnmrca0ZPp_RgjRxUx81L3JuCN5YEQi0FWaF_p0AQLc0hQeErVie5Q\" target=\"_blank\" rel=\"noreferrer noopener\">https:\/\/www.oceba.gba.gov.ar\/nueva_web\/adjuntos\/23\/RESOC%202023%2020%20GDEBA%20OCEBA%20%20COOP%20PARADA%20ROBLES%20Fondo.pdf<\/a><\/div>\n<div><\/div>\n<div>\n<p>considera que corresponde proceder al reconocimiento del costo de los materiales y equipos afines utilizados para normalizar el servicio p\u00fablico de electricidad a cargo de la COOPERATIVA EL\u00c9CTRICA Y DE TECNIFICACI\u00d3N AGROPECUARIA PARADA ROBLES- ARROYO DE LA CRUZ LIMITADA, por la suma de Pesos veinti\u00fan millones noventa y nueve mil quinientos sesenta y nueve con 43\/100 ($ 21.099.569,43), conforme la Resoluci\u00f3n OCEBA N\u00b0 0214\/17, condicionado ello, al monto mensual existente y a la cantidad de prestadoras a las que se consideren beneficiarias en igual per\u00edodo y a la magnitud de los hechos;<\/p>\n<p><strong>Cabe aclarar que esta suma es en resarcimiento por lo que CEPRAL ya ha gastado para poder restituir los servicios.\u00a0 De los informes presentados esto cubre la tercera parte de lo que se estima necesario para poder reconstruir el total de las l\u00edneas de Media y Baja Tensi\u00f3n da\u00f1adas, donde sumados los da\u00f1os del tendido del Servicio El\u00e9ctrico y el de Telecomunicaciones llega a los $60.000.000.<\/strong><\/p>\n<\/div>\n<div><\/div>\n<\/div>\n<div><strong>\u00a0 \u00a0 \u00a0 \u00a0 \u00a0 \u00a0 \u00a0 \u00a0 \u00a0 \u00a0 \u00a0 \u00a0 \u00a0 \u00a0 \u00a0 \u00a0 \u00a0 \u00a0 \u00a0 \u00a0 \u00a0 \u00a0 \u00a0 Consejo de Administraci\u00f3n Cepral<\/strong><\/div>\n<p>&nbsp;<\/p>\n<hr \/>\n<\/div>\n<div><img decoding=\"async\" src=\"https:\/\/41sau.img.a.d.sendibm1.com\/im\/2340286\/a78dea11c66e79d5d0975684cd0d924a082d26ec6ffbd95275022c1518af3b36.jpg?e=dZUS0lb8AsSv4mGIByWHVCYFzAvItvUAO9d7JKE5xlZUbBY8lMUl3MD1XLa-olm57Z5iK5wj94Kj15iuWLOHgBw7uwmdAEKOSP_T2zv4UsZss1UCXlH-1ZPVi_NUCcPypNufUcmKIi_s0mdXfNH6LNRIWNSI2dtK9aTluRO3XD3OiCwv8t5JREFudCgt826_ArJEKdEXBVBKMBkY0NB2YnXqe4cc38H1-c3K4A\" alt=\"\" border=\"0\" hspace=\"0\" data-inlineimagemanipulating=\"true\" \/><\/div>\n<div>\n<div><strong>ALUMBRADO P\u00daBLICO<\/strong><\/div>\n<div><\/div>\n<div><strong>En relaci\u00f3n a los graves da\u00f1os ocasionados por la tormenta en la que se vio afectada\u00a0 la totalidad del \u00e1rea de concesi\u00f3n de la Cooperativa, los mayores destrozos se reflejaron en el Servicio de Alumbrado P\u00fablico, sector donde superamos las 4.500 luminarias instaladas.<\/strong><\/div>\n<div><\/div>\n<div><strong>Las zonas m\u00e1s afectadas fueron los barrios El Remanso, Parque Exaltaci\u00f3n, Jular\u00f3,\u00a0 El Zorzal, Altos de Robles,\u00a0 Parque la Verdad y un sector de Parque Sakura.<\/strong><\/div>\n<div><\/div>\n<div>Una vez finalizado nuestros reportes y como resultado de la situaci\u00f3n analizada, se desprendi\u00f3 que si la Cooperativa no recibe ayuda econ\u00f3mica externa acorde a la erogaci\u00f3n que deber\u00e1 realizar en los pr\u00f3ximos meses para reconstruir el sistema circuito el\u00e9ctrico de alumbrado p\u00fablico da\u00f1ado, no ser\u00e1 viable planificarlo con recursos genuinos en un plazo razonablemente l\u00f3gico.\u00a0 Y ello inevitablemente incidir\u00e1 en la cantidad de reclamos del alumbrado p\u00fablico que no podr\u00edan ser resueltos.<\/div>\n<div>En consecuencia, hasta la fecha hemos presentado nuestros informes de alumbrado dominiciliario y v\u00eda p\u00fablica ante el Intendente de Exaltaci\u00f3n de la Cruz y a otros organismos, con la finalidad de darle visibilidad a la crucial situaci\u00f3n en la que se encuentra nuestra Cooperativa.<\/div>\n<div><\/div>\n<div><strong>Aclaramos, una vez m\u00e1s, que Cepral es simplemente un prestador de servicios de alumbrado p\u00fablico, no teniendo responsabilidad sobre la administraci\u00f3n del mismo.<\/strong><\/div>\n<div><\/div>\n<div>\n<div><\/div>\n<\/div>\n<div><strong>\u00a0 \u00a0 \u00a0 \u00a0 \u00a0 \u00a0 \u00a0 \u00a0 \u00a0 \u00a0 \u00a0 \u00a0 \u00a0 \u00a0 \u00a0 \u00a0 \u00a0 \u00a0 \u00a0 \u00a0 \u00a0 \u00a0 \u00a0 Consejo de Administraci\u00f3n Cepral<\/strong><\/div>\n<\/div>\n<div>\n<hr \/>\n<\/div>\n<div>\n<div><strong>PARA UNA MEJOR ATENCI\u00d3N EN NUESTRA SEDE:<\/strong><\/div>\n<div>\n<p>\u00a1Recomendamos gestionar previamente un turno personalizado a trav\u00e9s de nuestra p\u00e1gina web o desde el chat de CepralBot!<\/p>\n<hr \/>\n<\/div>\n<\/div>\n<div><img decoding=\"async\" src=\"https:\/\/41sau.img.a.d.sendibm1.com\/im\/2340286\/e4c75eb3b8a1caaf2f85bef24e98f1fbc6c09b65eefa47ad6d12d5e07dc25676.jpg?e=MQkQvzMGQRNNr-hmPoK102e9lD3R3WFN0gHnY6E2ESednHuvzVzWePBIvhrpRPQha2YB6Sthob-iwn0k8zbi1yn25iV3osCGhKZcsKiDuH7B4_mcEhLBkB9rhX7S9V2ufB6rSCev8RPbolSORNhPDgNDUfpEpV8vef3Up9jCt4bfnwPyJR5f9yfX1qn31LacH21IdorXUInlbA-tn32XMEmERD6DkMdIX49zJQ\" alt=\"\" border=\"0\" hspace=\"0\" data-inlineimagemanipulating=\"true\" \/><\/div>\n<div>\n<div>Uno de los emergentes de lo acontecido el 9 de diciembre es que todo el esfuerzo realizado por Cepral en el saneamiento de las redes, mediante las sucesivas campa\u00f1as de poda que viene llevando a cabo en los \u00faltimos a\u00f1os, no ha sido suficiente para minimizar los da\u00f1os en masa producidos por el estado de los \u00e1rboles, tanto en el \u00e1mbito p\u00fablico como privado.<\/div>\n<div>Desde los distintos medios de comunicaci\u00f3n utilizados por nuestra Cooperativa anualmente venimos realizando campa\u00f1as de concientizaci\u00f3n para reforzar nuestras campa\u00f1as de\u00a0 poda. De igual manera solicitamos a los vecinos no dejar las ramas de sus podas particulares debajo de las l\u00edneas de cableado.<\/div>\n<div><strong>Hoy nuestra Cooperativa debe asumir <u>un costo de m\u00e1s de 35 millones de pesos<\/u> por los da\u00f1os ocasionados por las caidas de \u00e1rboles y ramas de gran porte que quebraron nuestras columnas, cortaron nuestras redes, destruyeron transformadores.<\/strong><\/div>\n<div><strong>Como ya lo explicamos, la mayor\u00eda de estos inconvenientes se podr\u00edan haber evitado si los vecinos cumplieran con su responsabilidad en el mantenimiento de la forestaci\u00f3n ubicada dentro del per\u00edmetro de sus propiedades y que afectan las redes de servicios p\u00fablicos.<\/strong><\/div>\n<div>\n<p><strong>Informamos que dicha forestaci\u00f3n no deber\u00e1 tener contacto con la red el\u00e9ctrica. De ser as\u00ed, el propietario deber\u00e1 realizar inmediatamente la poda. Caso contrario, \u00e9ste ser\u00e1 responsable por los da\u00f1os y perjuicios que se originen tanto para nuestra instituci\u00f3n como as\u00ed tambi\u00e9n para los vecinos que resulten afectados.<\/strong><\/p>\n<p>Debemos entender que son muchos los da\u00f1os y perjuicios que ocasiona una mala o inexistente poda.<\/p>\n<\/div>\n<div><strong>informamos los compromisos asumidos al contratar el servicio el\u00e9ctrico, detallados en la Resoluci\u00f3n 158\/11 del OCEBA y la Ordenanza Municipal Nro. 039\/2003 que obligan a asumir las tareas de poda por parte de los vecinos<\/strong><\/div>\n<hr \/>\n<\/div>\n<div><img decoding=\"async\" src=\"https:\/\/41sau.img.a.d.sendibm1.com\/im\/2340286\/34eb07d62d1b5e138559393c05e2ebe6424cff186f89370c3b746891de9d7b20.jpg?e=5UXqJuvbakAFaY0ABA2h4gtWRrq_06sVL_4u590c45zSRXc2Bq2AWBpeZONw5TYkJDJFzsUNMbw1tS6kQypdfNggeygvH7HXc_74qNTNDx5q8b4L3-lsWTfNb8NGMWvZMjH6VucyifirCtAdt9H9Y3Sqf6KtFalELj78jk3aYGy6iUWSwKOQXu4VpLCrSZ3eidGyWRRjcF52d1vVa9wh3aTfYeaBJQPQTeFmWA\" alt=\"\" border=\"0\" hspace=\"0\" data-inlineimagemanipulating=\"true\" \/><\/div>\n<div>\n<div><strong>\u00bfA qu\u00e9 se deben los reiterados cortes del servicio el\u00e9ctrico?\u00a0<\/strong><\/div>\n<div>\n<div>\n<div>\n<div>Volvemos a solicitar la colaboraci\u00f3n de los vecinos en cuanto a la poda y mantenimiento de sus \u00e1rboles.\u00a0 Como lo venimos remarcando, muchos de los cortes de servicio el\u00e9ctrico se podr\u00edan evitar.<\/div>\n<div>El evento ocurrido el dia de hoy, viernes 27 de enero, <strong>que afect\u00f3 a m\u00e1s de 1.600 usuarios, se debe, una vez m\u00e1s a la ca\u00edda de un \u00e1rbol sobre la l\u00ednea de los servicios, en este caso sobre las calles Peric\u00f3n y El Entrevero.<\/strong><\/div>\n<div>Lo ocurrido escapa al mantenimiento preventivo incluido en las acciones que llevamos a cabo desde la Cooperativa para el saneamiento de redes, debido a que como puede verse en la foto que ilustra esta nota,\u00a0 el \u00e1rbol ca\u00eddo proviene de la propiedad de un vecino.<\/div>\n<div><\/div>\n<div>Recordamos lo establecido en el contrato de conexi\u00f3n sobre la responsabilidad de los usuarios de mantener los \u00e1rboles plantados en la propiedad a una distancia no menor a los 3 metros de las redes el\u00e9ctricas. Esto es importante debido que un gran porcentaje de las contingencia ocurridas (como en este el caso) se deben a las interferencias ocasionadas por la existencia de abundante vegetaci\u00f3n plantada por los vecinos en las cercan\u00edas de las redes el\u00e9ctricas.<\/div>\n<hr \/>\n<\/div>\n<\/div>\n<\/div>\n<\/div>\n<div><strong><img loading=\"lazy\" decoding=\"async\" class=\"alignleft\" src=\"https:\/\/41sau.img.a.d.sendibm1.com\/im\/2340286\/cf060f71fc00e78630c06ff80f7a3e19ee0f044b8f38f98e8457d472e0d76469.jpg?e=tAd1O0MHC_LIncMkIWpDBVE7xt3FpKyEggwJsHNJ0HmOop9rmy-JB1_3qn6nulYm5HH0eWCXJM04nLEi9wf7vZWmckRygBYa7v5v4teUyxChhSNqTo0gCEgTxcNd81XMD_VQSCUeLm-iVNLTjQXVOqpSG0g3o95368mHT0cwtfxP2ZRVCLHxs0mEhfc1kJl29djqGf_UJubHUc-hNU_Fyh4BCD9q9Uso0pGXKg\" alt=\"\" width=\"132\" height=\"244\" border=\"0\" hspace=\"0\" data-inlineimagemanipulating=\"true\" data-id=\"1674874932149\" \/>FIBRA \u00d3PTICA EN TU HOGAR PARA\u00a0 LOS VECINOS DE LAS SERIES\u00a0 1\u00b0, 2\u00b0, 3\u00b0, 4\u00b0 Y 6\u00b0 DE EL REMANSO Y JULAR\u00d3.<\/strong><\/div>\n<div>\n<div>Seguimos programando las fechas de instalaci\u00f3n de los Servicios de Fibra \u00d3ptica en Tu Hogar y convocando a nuevos usuarios.<\/div>\n<div><\/div>\n<div>Hemos contratado cuadrillas externas para poder agilizar las tareas y cumplir con los plazos comprometidos.<\/div>\n<div><\/div>\n<div>A la fecha nos encontramos realizando un promedio de 12 a 15 altas diarias.<\/div>\n<\/div>\n<div><\/div>\n<hr \/>\n<div><\/div>\n<div><img decoding=\"async\" src=\"https:\/\/41sau.img.a.d.sendibm1.com\/im\/2340286\/ff68697b0bacf433fedc7a67283b6a7e25e55c73925223e9b5544590836f94ed.jpg?e=pB6ndtFokxc6-ypoaoFqq_6uHcC8C_fUR7DSdcMlfxCJpN_HF5kFCyeteJL6HjuCfNLMGm3X4hMyd8LT6Nt1MhHaeDQwVtwbxJ2l17X8W08jGaF8LxQyh_ebmuJ-rMWwMTqHL2HXrFx7Cyg7KkFf1uVeYiz3spqNo3nO7q-2rUZIllTh_7PbGlXvLGvL-tgkbHVKKkC0bGP954lFNV8jSvJ8u4qI3L02v42luA\" alt=\"\" border=\"0\" hspace=\"0\" data-inlineimagemanipulating=\"true\" \/><\/div>\n<div><img decoding=\"async\" src=\"https:\/\/41sau.img.a.d.sendibm1.com\/im\/2340286\/a96f81c4d5f9eaf7360083270f6d2395e8192547334f08d721749e9800306577.jpeg?e=uVd1FGAi_feBqSJ6nG31et-FMVVsvcT3b9PwnMFTkdcJAtzhTRkp9WHbtEuJC7uBTrHWHrj68dGfyUKAjsW4RShhnG6NUnoyzDdEvfrMirb-AMJrOy3Ztgza_IZjyKHjcUu_M7pqwYofhZNHrj5QxTcwyZRYpZx59Uhsc3plF1Fb9hsdXTVHHq5WKHAqQ5DfIdupIqYNQpM-fXwt_Jypvf3pbFCbmLZ-vJ3lszQ\" alt=\"\" border=\"0\" hspace=\"0\" data-inlineimagemanipulating=\"true\" \/><\/div>\n<div>\n<div><strong>REUNI\u00d3N CON REPRESENTANTES <\/strong><\/div>\n<div><strong>DE LA COOPERATIVA DE PEARSON<\/strong><\/div>\n<div><\/div>\n<div><strong>Nuestro Gerente, Jos\u00e9 Luis Hermida, compa\u00f1\u00f3 a la comitiva de FACE a la ciudad de Pergamino donde se escuch\u00f3 la problem\u00e1tica de los integrantes de la Cooperativa El\u00e9ctrica de Pearson, quienes le brindan servicios a una comunidad de 50 usuarios.<\/strong><\/div>\n<div><strong>En la reuni\u00f3n se trataron temas inherentes al servicio el\u00e9ctrico que sufren estas peque\u00f1as comunidades que est\u00e1n alejadas de las grandes ciudades.<\/strong><\/div>\n<div><strong>Esta problem\u00e1tica, que es com\u00fan a las cooperativas del interior de la Provincia de Buenos Aires con baja densidad de poblaci\u00f3n afectan el abastecimiento, mantenimiento y mejoras en la calidad de servicio.<\/strong><\/div>\n<div><strong>Las autoridades de FACE se llevaron este tema para evaluar la situaci\u00f3n.<\/strong><\/div>\n<div>\n<hr \/>\n<\/div>\n<\/div>\n<div style=\"text-align: left;\">\n<p>Por favor, no dejar restos de poda bajo las l\u00edneas de cableado. \u00a1Prevengamos incendios, da\u00f1os en las viviendas e interrupci\u00f3n de los servicios!<\/p>\n<hr \/>\n<div><strong>QUITA DE SUBSIDIOS EN LAS TARIFAS DE ENERG\u00cdA<\/strong><\/div>\n<div><\/div>\n<div>Recordamos a nuestros usuarios que, a medida que se van sucediendo las nuevas facturas se comienzan a notar las diferencias por la quita de los subsidios.<\/div>\n<div><\/div>\n<div>Esto representa un aumento en el monto de las mismas, pero no implica un aumento de las tarifas.<\/div>\n<div>\n<p>Recordamos que la quita del 100% de los subsidios se ver\u00e1 reflejada en la facturaci\u00f3n de marzo 2023.<\/p>\n<\/div>\n<p><img decoding=\"async\" src=\"https:\/\/41sau.img.a.d.sendibm1.com\/im\/2340286\/7bd64c8f13430af9e8e4628ea5f4c2ab5514cc3c0bfc2683e85a04f4349b16be.jpeg?e=11PJHqO9Ifw3w1ON5yDIFGgqA9Qn0qHXVEJxbM6UAPrZsXr1HeyN23uirvKjM4SE42kVb7pnMHTcM3nTxUT7LJT9MQJGc2RuFfa9n0qaiENn6QoYGlluEMIUcC1JWtjfJTyXCJkFOG6Z_qqFR025ZtTyuahqSmuGgg5xe3i01yzN5qQe8jJJuCFoyhr6MPmZEixoCefD0W0GCIwqB-pmz-qr2bzbM4WLmL65QzY\" alt=\"\" border=\"0\" hspace=\"0\" data-inlineimagemanipulating=\"true\" \/><\/p>\n<div><b>INSCRIPCI\u00d3N PARA SUBSIDIOS A LA ENERG\u00cdA<\/b><\/div>\n<div>\n<div>\n<div><strong>Recordamos a nuestros usuarios que s<\/strong><strong>e mantine abierta la inscripci\u00f3n en el Registro de Acceso a los Subsidios a la Energ\u00eda (RASE) <u>para quienes no hayan iniciado el tr\u00e1mite y quieran mantener los subsidios a la energ\u00eda as\u00ed como para rectificar datos.<\/u><\/strong><\/div>\n<div><\/div>\n<div><strong>El tr\u00e1mite se podr\u00e1 realizar de la siguiente manera:<\/strong><\/div>\n<div><\/div>\n<div><strong>(I) Ingresando en<a href=\"https:\/\/41sau.r.a.d.sendibm1.com\/mk\/cl\/f\/O-4ORXRxaKQCfpKjVuQj98GJUeZ9jKorHvRWMyaEafks2sC2ePPeTK_8ToYasEU3WZdZZEIyiC04fGh-csgT-CFTZZSvbKAo_FZcInxkVvjhkvt-8wRcJGjUwBOKN5VVbPV0K1EyEk0bDuWpRxW8dbrNG8W2To8Qcw5zOv-o-aLmMVu6g86qCi4GfMZnEp3aQ4DL5m4gL1CZye-amBmzC1Y1k468-jwxcej6FcG4U_k\" target=\"_blank\" rel=\"noreferrer noopener\"> https:\/\/subsidios-energia.argentina.gob.ar<\/a> o desde la aplicaci\u00f3n Mi Argentina, o<\/strong><\/div>\n<div><\/div>\n<div><strong>(II) En la oficina de ANSES m\u00e1s cercana, para lo cual podr\u00e1 solicitar un turno por la p\u00e1gina web <a href=\"https:\/\/41sau.r.a.d.sendibm1.com\/mk\/cl\/f\/F87aQ8nC9OiDcK1D4wi1Uu2WfnP3evJQef8OB9bT2rxx0QPwt4wb7EsiFao3ASHQc1Ilnct1030L4uWTpkEgZwECflAeKUtwxDvrj49mGTw_aYnWsQst1XS-5DQ_ImLIFXOdU5I6xvCdA1IVD1T1kOd2uBWgsjdEoUoePvjD2CuuJmQ5NRFg1j9J-SndqJhWEVP9e5KprQ\" target=\"_blank\" rel=\"noreferrer noopener\">http:\/\/www.anses.gov.ar turnos<\/a>\u00a0.<\/strong><\/div>\n<div><\/div>\n<div><strong>Por otra parte, remarcamos que si bien, de conformidad con lo establecido en la Resoluci\u00f3n N\u00ba 631\/2022 y Disposici\u00f3n SPE N\u00ba 3\/2022, los usuarios beneficiarios de Tarifa Social se encuentran incorporados al padr\u00f3n de beneficiarios del RASE como Nivel 2 (Menores Ingresos), aquellos usuarios que no se hayan inscripto en el RASE deber\u00e1n realizar la inscripci\u00f3n, a fin de mantener el subsidio a la energ\u00eda.<\/strong><\/div>\n<\/div>\n<\/div>\n<div>\n<div>\n<div><\/div>\n<\/div>\n<\/div>\n<div><\/div>\n<div style=\"text-align: center;\">\n<p><strong><strong>\u00a0 \u00a0 \u00a0 \u00a0 \u00a0 \u00a0 \u00a0 \u00a0 \u00a0 \u00a0 \u00a0 \u00a0 \u00a0 \u00a0 \u00a0 \u00a0 \u00a0 \u00a0 \u00a0 \u00a0 \u00a0 \u00a0 \u00a0 Consejo de Administraci\u00f3n Cepral<\/strong><\/strong><\/p>\n<hr \/>\n<p><b>Recomendaciones para quienes alquilan sus quintas durante el verano<br \/>\n<\/b><\/p>\n<\/div>\n<p><strong><img loading=\"lazy\" decoding=\"async\" class=\"alignright\" src=\"https:\/\/41sau.img.a.d.sendibm1.com\/im\/2340286\/6106b036df260a2b786d6ea3f57de819215dbc0ec98e48ca8fe74187c6f6fd8c.jpg?e=7pz93ceyVdFsCU9y75Km1awEIS5DSxLKXXDEO17Fm9g6OwUB4dwtVI8MYKd9ITzPX57NAIr1zZRNO8GWcyOvXEMHu8IPThmHh0bilSIDBQAD7rzknPqKdDY4bNVeAv656zS-BmclccTlhcsIb6h_Duz795vC4a7ctjE23W32rY3xaRyHFPJLAAakbXFmMbdhEQbGAQwIda3NuV5QigPBD-M5CoD6DpWMxGaLug\" alt=\"\" width=\"103\" height=\"129\" border=\"0\" hspace=\"0\" data-inlineimagemanipulating=\"true\" data-id=\"1674874932145\" \/>Los consumos de diciembre, enero y febrero, se ver\u00e1n reflejados en la facturaci\u00f3n con vencimiento febrero, marzo y abril de 2023.<\/strong><\/p>\n<p>Tenerlo en cuenta a la hora de la firma de los contratos de locaci\u00f3n.<\/p>\n<\/div>\n<div><\/div>\n<div><\/div>\n<hr \/>\n<div><\/div>\n<div><img decoding=\"async\" src=\"https:\/\/41sau.img.a.d.sendibm1.com\/im\/2340286\/db8a480225806b0c5a27694b887ad8a900334ea8c9dda2d511bd5d7e500be280.jpg?e=3kqlt3aqkFeAydHf8cuTJnb8SK__fR_jq_ikuCQXGldvbCkcCSxtagNIeAH35m-FhWZNikbxUWnbUNqWQAsMceWNv9qeLpcrAnrTjE-0lRosebtsnIZXmGBt3zlVTLvFoY-5isgCmNr2B9Z2idGDAgZlCwt9TMk7b0GcAYwHJDVfp2zdscOebXnrkHup4gXoUbMZ_8KnuSYmf8Dazlu3P_BGcZuzZjujTwAIvw\" alt=\"\" border=\"0\" hspace=\"0\" data-inlineimagemanipulating=\"true\" \/><img decoding=\"async\" src=\"https:\/\/41sau.img.a.d.sendibm1.com\/im\/2340286\/a6a2d2a5131632d0a7fa48a79eaa48ccc2a3939b70b3df1f22b80e8dc6ac2ed8.jpg?e=V6odbDMVfHxpeTC3K3g9mp7-B7Q8P9BtjM_eAHOdlwn5pyhxC_p9MUw79dl3GUENs7gAkbfxuhYo2iqh-fIkzD9djqjkizLTqQ8XO_VFAdHGRzOBp7uQ38G5wRDS-QgYJhAJ1wyE8s1ISvVUMobOJEYlt_AigFqYycz2LjhM-puHtFnYFZef57P2K2pfe4C5tlV1NAoj2hkF_86EMuIdrB6-M_vnJJUqaZAc0Q\" alt=\"\" border=\"0\" hspace=\"0\" data-inlineimagemanipulating=\"true\" \/><img decoding=\"async\" src=\"https:\/\/41sau.img.a.d.sendibm1.com\/im\/2340286\/f904fd3f7b7068f173f9167c132f89f25f12346a88e9bfb9f266bc7009aae7e4.jpg?e=V1Qd-jq7XnNASeIXw5dpiztf0xj1LCHBeqV8vOk0pqX-t5YlnnNS9wJmUEFuWO6jssbZuOjDnmaxKoMOwtLwSQD6OwF0_-dryT6mBV1natq-JkAjcCXjbrVFj7X7zSRT1TfPNysggBPY-NKNG34fNSKmASo9OQgJDcwlHd8YLOiYfSWynhpNqwhx0okyoF8HT1hVQsIDqepItZxaG-E9--pNrQcqbcrUaGqSBg\" alt=\"\" border=\"0\" hspace=\"0\" data-inlineimagemanipulating=\"true\" \/><img decoding=\"async\" src=\"https:\/\/41sau.img.a.d.sendibm1.com\/im\/2340286\/a7acf7f596ece8aa7bd4937bb9160d3dad709fad2e9297fce73d205f23b5e1f6.jpg?e=zETuGHgVHUkZBp0EYi6XCx-FTG05ngpcrABwJ7XKYaWGaSWglIwGK_1MbgBqmqc2VM_j_qwNAbSV3WOE7_z7PNdXi4YrgkERvA8ZzjxZMxvnkxuC6BNik-IxIU26OH7QTb6autwzYX-WJ_Alj_c5sSt47mB5oFuNQFd_VEyCrMreiNKTlbuHNyc365IxHt5zoppFcdvkZcIqghNfsJ3BO3ikjUN2yZ7NqATeRA\" alt=\"\" border=\"0\" hspace=\"0\" data-inlineimagemanipulating=\"true\" \/><\/div>\n","protected":false},"excerpt":{"rendered":"<p>\u00a1En Contacto! Estimados vecinos y usuarios: Les compartimos las principales noticias de nuestra Cooperativa. Nos encontramos en plena tarea de reconstrucci\u00f3n de nuestras redes, si bien a\u00fan nos falta mucho para alcanzar el estado \u00f3ptimo. Nuestros equipos de trabajo, acompa\u00f1ados de 3 dotaciones tercerizadas, contin\u00faan abocados a la tarea de restaurar las l\u00edneas de Media [&hellip;]<\/p>\n","protected":false},"author":3,"featured_media":16853,"comment_status":"open","ping_status":"open","sticky":false,"template":"","format":"standard","meta":{"footnotes":"","jetpack_publicize_message":"","jetpack_publicize_feature_enabled":true,"jetpack_social_post_already_shared":false,"jetpack_social_options":{"image_generator_settings":{"template":"highway","default_image_id":0,"font":"","enabled":false},"version":2}},"categories":[5],"tags":[],"class_list":["post-19519","post","type-post","status-publish","format-standard","has-post-thumbnail","hentry","category-aqui-parada-robles"],"jetpack_publicize_connections":[],"jetpack_featured_media_url":"https:\/\/revistaepocadigital.com.ar\/wp-content\/uploads\/2022\/07\/cepral-logo.png","jetpack_likes_enabled":true,"_links":{"self":[{"href":"https:\/\/revistaepocadigital.com.ar\/index.php?rest_route=\/wp\/v2\/posts\/19519","targetHints":{"allow":["GET"]}}],"collection":[{"href":"https:\/\/revistaepocadigital.com.ar\/index.php?rest_route=\/wp\/v2\/posts"}],"about":[{"href":"https:\/\/revistaepocadigital.com.ar\/index.php?rest_route=\/wp\/v2\/types\/post"}],"author":[{"embeddable":true,"href":"https:\/\/revistaepocadigital.com.ar\/index.php?rest_route=\/wp\/v2\/users\/3"}],"replies":[{"embeddable":true,"href":"https:\/\/revistaepocadigital.com.ar\/index.php?rest_route=%2Fwp%2Fv2%2Fcomments&post=19519"}],"version-history":[{"count":0,"href":"https:\/\/revistaepocadigital.com.ar\/index.php?rest_route=\/wp\/v2\/posts\/19519\/revisions"}],"wp:featuredmedia":[{"embeddable":true,"href":"https:\/\/revistaepocadigital.com.ar\/index.php?rest_route=\/wp\/v2\/media\/16853"}],"wp:attachment":[{"href":"https:\/\/revistaepocadigital.com.ar\/index.php?rest_route=%2Fwp%2Fv2%2Fmedia&parent=19519"}],"wp:term":[{"taxonomy":"category","embeddable":true,"href":"https:\/\/revistaepocadigital.com.ar\/index.php?rest_route=%2Fwp%2Fv2%2Fcategories&post=19519"},{"taxonomy":"post_tag","embeddable":true,"href":"https:\/\/revistaepocadigital.com.ar\/index.php?rest_route=%2Fwp%2Fv2%2Ftags&post=19519"}],"curies":[{"name":"wp","href":"https:\/\/api.w.org\/{rel}","templated":true}]}}