{"id":19523,"date":"2023-01-30T02:13:42","date_gmt":"2023-01-30T05:13:42","guid":{"rendered":"https:\/\/revistaepocadigital.com.ar\/?p=19523"},"modified":"2023-01-30T02:16:25","modified_gmt":"2023-01-30T05:16:25","slug":"el-presidente-fernandez-evalua-lanzar-una-ley-de-medios-para-acercarse-a-cristina","status":"publish","type":"post","link":"https:\/\/revistaepocadigital.com.ar\/?p=19523","title":{"rendered":"El presidente Fern\u00e1ndez, eval\u00faa lanzar una ley de medios para acercarse a Cristina"},"content":{"rendered":"<p><strong>OTRA VUELTA DE TUERCA.<\/strong><!--more--><\/p>\n<p>Analiza una ofensiva contra los medios, inspirado en la iniciativa de Lula contra las noticias falsas. Ser\u00eda la segunda se\u00f1al a Cristina luego del juicio pol\u00edtico a la Corte, interesado en pelear su reelecci\u00f3n, seg\u00fan la nota publicada rn \u00a0LaPoliticaonline.com<\/p>\n<p>No es una novedad que la relaci\u00f3n de Alberto con Cristina no pasa por su mejor momento, un fastidio que se grava cada vez que el Presidente deja en claro que intentar\u00e1 buscar su reelecci\u00f3n. Esta semana esas tensiones tocaron un nuevo pico luego del fallido off de Wado de Pedro contra Alberto. Pero no es la primera ni posiblemente sea la \u00faltima de las peleas entre los compa\u00f1eros de la f\u00f3rmula presidencial, que as\u00ed como se han enfrentado antes y ahora en t\u00e9rminos dur\u00edsimos, tambi\u00e9n han acordado.<\/p>\n<p>Acaso en esa sinton\u00eda, Alberto planea un nuevo gui\u00f1o a Cristina, similar al que despleg\u00f3 con el juicio pol\u00edtico a la Corte Suprema. El Presidente conoce bien las obsesiones de su vice. &#8220;Se viene algo con los medios&#8221;, revel\u00f3 a LPO un importante dirigente del Frente de Todos.<\/p>\n<p>El remixado de la fracasada ley de medios que sancion\u00f3 Cristina para forzar un desmembramiento del Grupo Clar\u00edn es el antecedente m\u00e1s claro. En principio, en el albertismo no estar\u00edan previendo algo tan dr\u00e1stico, sino m\u00e1s bien enmascarar la nueva ofensiva contra los medios, detr\u00e1s de un supuesto intento por combatir las &#8220;fake news&#8221;, una intenci\u00f3n que en su momento esboz\u00f3 el ex asesor presidencial, Gustavo B\u00e9liz y tuvo que terminar descativando, ante la ola de cr\u00edticas que recibi\u00f3.<\/p>\n<p>Pero tampoco se descarta que si se anima avance con una acci\u00f3n m\u00e1s directa contra Clar\u00edn. &#8220;Lo \u00fanico claro es que busca enviar un mensaje de acercamiento al kirchnerismo&#8221;, agreg\u00f3 otra fuente al tanto del debate interno en el albertismo.<\/p>\n<p>El momento elegido no es casual. La Campora lanz\u00f3 una campa\u00f1a contra Clar\u00edn con la consigna &#8220;Kirchner o mascotas de Clar\u00edn&#8221; que difundieron en las redes sociales. En el kirchnerismo adem\u00e1s se entusiasmaron al enterarse que Lula busca dise\u00f1ar alguna iniciativa contra las noticias falsas, marca registrada del bolsonarismo. El secretario de Comunicaci\u00f3n, Paulo Pimenta, est\u00e1 a cargo de la iniciativa.<\/p>\n<p>Justamente, el funcionario brasile\u00f1o confirm\u00f3 en una entrevista exclusiva con LPO que tiene en mente avanzar en &#8220;una legislaci\u00f3n m\u00e1s efectiva en la defensa de la democracia y en el debate sobre la responsabilidad de las plataformas, las big data, en la difusi\u00f3n de contenidos antidemocr\u00e1ticos que transmitieron en vivo los actos por p\u00e1ginas monetizadas sin ninguna responsabilidad, ganando dinero y permitiendo que los criminales ganen dinero. Nosotros queremos debatir eso&#8221;.<br \/>\nLula y Pimenta en la bilateral que el presidente brasile\u00f1o tuvo con su gabinete en la Casa Rosada.<br \/>\nLula y Pimenta en la bilateral que el presidente brasile\u00f1o tuvo con su gabinete en la Casa Rosada.<\/p>\n<p>&#8220;En Brasil hay una industria poderosa de fake news, gobiernos de extrema derecha como Bolsonaro y Trump tiene en la comunicaci\u00f3n un aspecto estrat\u00e9gico de la disputa ideol\u00f3gica. Otro elemento es la producci\u00f3n masiva de fake news para afectar la imagen de figuras progresistas como tambi\u00e9n fomentar la desinformaci\u00f3n a la sociedad sobre las iniciativas de gobierno. Pensar una pol\u00edtica que pueda hacer frente a eso es dif\u00edcil, complejo y enorme&#8221;, continu\u00f3.<\/p>\n<p>Pimenta estuvo reunido durante el fin de semana previo a la realizaci\u00f3n de la cumbre de Celac con funcionarios argentinos, integrantes del Instituto Patria y dirigentes de La C\u00e1mpora.<\/p>\n<p>Para el kirchnerismo, Alberto insistir\u00e1 en buscar su reelecci\u00f3n y tanto el juicio a la Corte Suprema como la idea de alguna iniciativa contra los medios, son simulacros un poco tard\u00edos destinados a buscar los votos de Cristina que, seg\u00fan dijo a LPO un dirigente de ese espacio, son &#8220;los \u00fanicos posibles&#8221; para quedarse con la candidatura presidencial.<\/p>\n<p>&nbsp;<\/p>\n","protected":false},"excerpt":{"rendered":"<p>OTRA VUELTA DE TUERCA.<\/p>\n","protected":false},"author":3,"featured_media":19524,"comment_status":"open","ping_status":"open","sticky":false,"template":"","format":"standard","meta":{"footnotes":"","jetpack_publicize_message":"","jetpack_publicize_feature_enabled":true,"jetpack_social_post_already_shared":false,"jetpack_social_options":{"image_generator_settings":{"template":"highway","default_image_id":0,"font":"","enabled":false},"version":2}},"categories":[17],"tags":[2184],"class_list":["post-19523","post","type-post","status-publish","format-standard","has-post-thumbnail","hentry","category-politica","tag-ley-de-medios"],"jetpack_publicize_connections":[],"jetpack_featured_media_url":"https:\/\/revistaepocadigital.com.ar\/wp-content\/uploads\/2023\/01\/f608x342-104858_134581_87.jpg","jetpack_likes_enabled":true,"_links":{"self":[{"href":"https:\/\/revistaepocadigital.com.ar\/index.php?rest_route=\/wp\/v2\/posts\/19523","targetHints":{"allow":["GET"]}}],"collection":[{"href":"https:\/\/revistaepocadigital.com.ar\/index.php?rest_route=\/wp\/v2\/posts"}],"about":[{"href":"https:\/\/revistaepocadigital.com.ar\/index.php?rest_route=\/wp\/v2\/types\/post"}],"author":[{"embeddable":true,"href":"https:\/\/revistaepocadigital.com.ar\/index.php?rest_route=\/wp\/v2\/users\/3"}],"replies":[{"embeddable":true,"href":"https:\/\/revistaepocadigital.com.ar\/index.php?rest_route=%2Fwp%2Fv2%2Fcomments&post=19523"}],"version-history":[{"count":0,"href":"https:\/\/revistaepocadigital.com.ar\/index.php?rest_route=\/wp\/v2\/posts\/19523\/revisions"}],"wp:featuredmedia":[{"embeddable":true,"href":"https:\/\/revistaepocadigital.com.ar\/index.php?rest_route=\/wp\/v2\/media\/19524"}],"wp:attachment":[{"href":"https:\/\/revistaepocadigital.com.ar\/index.php?rest_route=%2Fwp%2Fv2%2Fmedia&parent=19523"}],"wp:term":[{"taxonomy":"category","embeddable":true,"href":"https:\/\/revistaepocadigital.com.ar\/index.php?rest_route=%2Fwp%2Fv2%2Fcategories&post=19523"},{"taxonomy":"post_tag","embeddable":true,"href":"https:\/\/revistaepocadigital.com.ar\/index.php?rest_route=%2Fwp%2Fv2%2Ftags&post=19523"}],"curies":[{"name":"wp","href":"https:\/\/api.w.org\/{rel}","templated":true}]}}