{"id":19535,"date":"2023-02-10T00:16:23","date_gmt":"2023-02-10T03:16:23","guid":{"rendered":"https:\/\/revistaepocadigital.com.ar\/?p=19535"},"modified":"2023-02-13T03:01:50","modified_gmt":"2023-02-13T06:01:50","slug":"natali-balige-entre-tres-pasiones-kinesiologa-tenista-y-su-hijo","status":"publish","type":"post","link":"https:\/\/revistaepocadigital.com.ar\/?p=19535","title":{"rendered":"NATAL\u00cd BALIGE, ENTRE TRES PASIONES: KINESI\u00d3LOGA, TENISTA Y SU HIJO!"},"content":{"rendered":"<p><strong style=\"font-size: 15px; color: #222222;\">LA CHICA DE PARADA ROBLES, MUY DESTACADA EN LO QUE HACE. EN MARZO VIAJA A TURQU\u00cdA A JUGAR EL MUNDIAL DE TENIS FEMENINO SENIORS.<\/strong><!--more--><\/p>\n<p>Se recibi\u00f3 de kinesi\u00f3loga, luego obtuvo la especializaci\u00f3n en neurorrehabilitacion. Comenz\u00f3 a trabajar como sigue haci\u00e9ndolo en la actualidad en la conocida Colonia Montes de Oca de la localidad de Torres, partido de Luj\u00e1n, aboc\u00e1ndose a la atenci\u00f3n de pacientes con discapacidad mental, y por otro lado realiza atenciones domiciliarias a pacientes en la zona.<\/p>\n<p><strong>Natal\u00ed Balige,<\/strong> integrante de una de las familias m\u00e1s arraigadas a Parada Robles, desde chica sinti\u00f3 que su pasi\u00f3n por el tenis, por convertirse en jugadora de tenis, la guiaba. Apoyada en forma incondicional por sus padres Adriana Furlan y Humberto Balige y sus\u00a0 hermanos Julieta y Franco. Se esforz\u00f3 duro, se multiplic\u00f3, diversific\u00f3 tiempos de estudios con entrenamientos y fue acumulando grandes vivencias en el pa\u00eds y en el exterior.<\/p>\n<p>A esa pasi\u00f3n Natal\u00ed la acompa\u00f1\u00f3 con sus excelentes condiciones ten\u00edsticas que la convirtieron en profesional, <em>&#8220;fu\u00ed tenista profesional hasta los 18 a\u00f1os, y en categor\u00edas de chicas menores alcanc\u00e9 el n\u00famero 1 del pa\u00eds durante dos a\u00f1os en dobles, y fu\u00ed n\u00famero 3 en singles&#8221;, l<\/em>e cuenta a EPOCA con la simpat\u00eda que la identifica.<\/p>\n<p><img loading=\"lazy\" decoding=\"async\" class=\"aligncenter size-full wp-image-19542\" src=\"https:\/\/revistaepocadigital.com.ar\/wp-content\/uploads\/2023\/01\/NATAL2.jpg\" alt=\"\" width=\"359\" height=\"498\" srcset=\"https:\/\/revistaepocadigital.com.ar\/wp-content\/uploads\/2023\/01\/NATAL2.jpg 359w, https:\/\/revistaepocadigital.com.ar\/wp-content\/uploads\/2023\/01\/NATAL2-216x300.jpg 216w, https:\/\/revistaepocadigital.com.ar\/wp-content\/uploads\/2023\/01\/NATAL2-303x420.jpg 303w\" sizes=\"auto, (max-width: 359px) 100vw, 359px\" \/><\/p>\n<p>&#8220;<em>Viaj\u00e9 por todo Sudam\u00e9rica jugando al tenis representando a la Argentina, y a los 15 a\u00f1os me mud\u00e9 a Buenos Aires para dedicarme de lleno al tenis. A esa edad tambi\u00e9n hice una gira por Estados Unidos y jugu\u00e9 el tan conocido torneo Orange Bowl, muy prestigioso y reconocido a nivel mundial, apuntado a j\u00f3venes promesas del mundo. Tambi\u00e9n estuve en la academia de Nick Bollettieri, una de las m\u00e1s importantes; Bollettieri como muchos saben entrenador de grandes estrellas del tenis y gran referente a nivel mundial&#8221;,<\/em> rese\u00f1a Natal\u00ed.<\/p>\n<p>Su evoluci\u00f3n continu\u00f3, tanto que <em>&#8220;a los 17 a\u00f1os sum\u00e9 mis primeros puntos de ranking mundial de la WTA<\/em> (asociaci\u00f3n mundial de jugadoras de tenis)<em>, despu\u00e9s jugu\u00e9 en varios torneos profesionales, hasta que un d\u00eda me dije: &#8220;no juego m\u00e1s&#8221; y decid\u00ed retirarme del tenis profesional para dedicarme a estudiar en la universidad&#8221;.<\/em><\/p>\n<p>No dud\u00f3 de esa trascendente decisi\u00f3n, de todas formas mientras estudiaba en un lapso de su carrera universitaria, <em>&#8220;hice el profesorado de tenis, y por un tiempo di clases particulares&#8221;.<\/em><\/p>\n<p>El tiempo transcurri\u00f3, <strong>Natal\u00ed<\/strong>\u00a0obtuvo el t\u00edtulo de kinesi\u00f3loga profesional y fue luego cuando recuerda,<em> &#8220;luego de muchos a\u00f1os sin competir, decid\u00ed en el a\u00f1o 2022, volver a jugar en torneos de seniors. Y bueno, para m\u00ed sopresa, ja!, me fue b\u00e1rbaro; tuve muy buenas actuaciones, gan\u00e9 partidos, torneos y logr\u00e9 ser la n\u00famero 1 en mi categor\u00eda a nivel nacional&#8221;.<\/em><\/p>\n<p><img loading=\"lazy\" decoding=\"async\" class=\"aligncenter size-full wp-image-19543\" src=\"https:\/\/revistaepocadigital.com.ar\/wp-content\/uploads\/2023\/01\/NATAL1.jpg\" alt=\"\" width=\"461\" height=\"346\" srcset=\"https:\/\/revistaepocadigital.com.ar\/wp-content\/uploads\/2023\/01\/NATAL1.jpg 461w, https:\/\/revistaepocadigital.com.ar\/wp-content\/uploads\/2023\/01\/NATAL1-300x225.jpg 300w, https:\/\/revistaepocadigital.com.ar\/wp-content\/uploads\/2023\/01\/NATAL1-80x60.jpg 80w, https:\/\/revistaepocadigital.com.ar\/wp-content\/uploads\/2023\/01\/NATAL1-160x120.jpg 160w, https:\/\/revistaepocadigital.com.ar\/wp-content\/uploads\/2023\/01\/NATAL1-265x198.jpg 265w\" sizes=\"auto, (max-width: 461px) 100vw, 461px\" \/><\/p>\n<p>El a\u00f1o pasado la chica exaltacrucense, jug\u00f3 el importante torneo interclubes representando al Luj\u00e1n Tenis Club, <em>&#8220;y logramos el ascenso en todas las categor\u00edas que participamos, fue muy lindo y una gran alegr\u00eda para todos!, a mi me designaron como capitana del tenis de mujeres del club que adem\u00e1s, cuenta con una representaci\u00f3n en la primera divisi\u00f3n del Interclubes de mujeres que es organizado por la Asociaci\u00f3n Argentina de Tenis desde el a\u00f1o 1998, Y en el 2022 mantuvimos el lugar, ubicados en la m\u00e1xima categor\u00eda de interclubes por otro a\u00f1o m\u00e1s.<\/em><br \/>\n<em>La verdad fue un a\u00f1o muy intenso para m\u00ed, por suerte tuve un gran compa\u00f1ero que me acompa\u00f1a a todos lados, ja!, y es Santiago mi hijo, tiene 4 a\u00f1os y vamos juntos siempre a los torneos, a nuestro club, y el tambi\u00e9n comenz\u00f3 con sus clases de tenis tambi\u00e9n en el club de Luj\u00e1n&#8221;.<\/em><\/p>\n<p>Esa instituci\u00f3n de la vecina ciudad que nunca <em>&#8220;dej\u00e9 de representar; desde los 7 a\u00f1os que juego torneos interclubes, y desde los 17 a\u00f1os en primera divisi\u00f3n, siempre con la misma camiseta!. A su vez, juego con amigas torneos en ligas como Citenis para divertirme y compartir con ellas, all\u00ed represento al Country Aranjuez&#8221;.<\/em><\/p>\n<p>La pasada temporada ten\u00edstica le brind\u00f3 adem\u00e1s, una satisfacci\u00f3n m\u00e1<em>s<\/em> como cuenta Natal\u00ed Balige,<em> &#8220;fu\u00ed convocada por Gisela Dulko para entrenar, fue con posterioridad a su participaci\u00f3n en Par\u00eds, en el torneo de Roland Garros, donde jug\u00f3 como compa\u00f1era de Gabriela Sabatini en dobles en el Torneo de Leyendas que se jug\u00f3 en Roland Garros. Entrenar con Gisela me pareci\u00f3 muy bueno, y lo aprovech\u00e9 lo m\u00e1ximo&#8221;<\/em>.<\/p>\n<p><img loading=\"lazy\" decoding=\"async\" class=\"aligncenter size-full wp-image-19541\" src=\"https:\/\/revistaepocadigital.com.ar\/wp-content\/uploads\/2023\/01\/NAAA.jpg\" alt=\"\" width=\"570\" height=\"197\" srcset=\"https:\/\/revistaepocadigital.com.ar\/wp-content\/uploads\/2023\/01\/NAAA.jpg 570w, https:\/\/revistaepocadigital.com.ar\/wp-content\/uploads\/2023\/01\/NAAA-300x104.jpg 300w\" sizes=\"auto, (max-width: 570px) 100vw, 570px\" \/><\/p>\n<p>La frutilla de su gran ejercicio 22, fue consagrarse como <strong><em>&#8220;n\u00famero 1 de la Argentina en mi categor\u00eda (30 a 35 a\u00f1os) y me convocaron para jugar representando a nuestro pa\u00eds en el Mundial Young S\u00e9niors por equipos, que tiene lugar en marzo en la ciudad de Antalya en Turqu\u00eda, <\/em><\/strong><em>y la Asociaci\u00f3n Argentina de Tenis me otorg\u00f3 la la capitan\u00eda del equipo, una hermosa alegr\u00eda m\u00e1s. Ojal\u00e1 podamos representar con todo a nuestra querida Argentina!, jugar\u00e9 en single femenino, doble femenino y doble mixto&#8221;.<\/em><\/p>\n<p>Mientras desarrolla su profesi\u00f3n, la chica entrena tres veces por semana en el club de Luj\u00e1n junto a un grupo de 20 varones, y tambi\u00e9n se prepara con entrenamiento f\u00edsico tambi\u00e9n en tres ocasiones semanales con el Preparador F\u00edsico Lucas Saavedra. Los fines de semana no tiene pausas, juega en torneos femeninos de seniors, interclubes, Citenis o amistosos &#8220;que armo con amigos&#8221;. &#8220;A veces -termina diciendo Natal\u00ed- con el trabajo o la maternidad se me complica organizarme,<strong><em> pero tengo una gran red de contenci\u00f3n en familiares y amigos que me apoyan, me acompa\u00f1an y lo hacen posible&#8221;.<\/em><\/strong><\/p>\n","protected":false},"excerpt":{"rendered":"<p>LA CHICA DE PARADA ROBLES, MUY DESTACADA EN LO QUE HACE. EN MARZO VIAJA A TURQU\u00cdA A JUGAR EL MUNDIAL DE TENIS FEMENINO SENIORS.<\/p>\n","protected":false},"author":4,"featured_media":19538,"comment_status":"open","ping_status":"open","sticky":false,"template":"","format":"standard","meta":{"footnotes":"","jetpack_publicize_message":"","jetpack_publicize_feature_enabled":true,"jetpack_social_post_already_shared":false,"jetpack_social_options":{"image_generator_settings":{"template":"highway","default_image_id":0,"font":"","enabled":false},"version":2}},"categories":[9],"tags":[2186,2187],"class_list":["post-19535","post","type-post","status-publish","format-standard","has-post-thumbnail","hentry","category-deportes","tag-natalia-balige","tag-tenis"],"jetpack_publicize_connections":[],"jetpack_featured_media_url":"https:\/\/revistaepocadigital.com.ar\/wp-content\/uploads\/2023\/01\/balige-dulco22.jpg","jetpack_likes_enabled":true,"_links":{"self":[{"href":"https:\/\/revistaepocadigital.com.ar\/index.php?rest_route=\/wp\/v2\/posts\/19535","targetHints":{"allow":["GET"]}}],"collection":[{"href":"https:\/\/revistaepocadigital.com.ar\/index.php?rest_route=\/wp\/v2\/posts"}],"about":[{"href":"https:\/\/revistaepocadigital.com.ar\/index.php?rest_route=\/wp\/v2\/types\/post"}],"author":[{"embeddable":true,"href":"https:\/\/revistaepocadigital.com.ar\/index.php?rest_route=\/wp\/v2\/users\/4"}],"replies":[{"embeddable":true,"href":"https:\/\/revistaepocadigital.com.ar\/index.php?rest_route=%2Fwp%2Fv2%2Fcomments&post=19535"}],"version-history":[{"count":0,"href":"https:\/\/revistaepocadigital.com.ar\/index.php?rest_route=\/wp\/v2\/posts\/19535\/revisions"}],"wp:featuredmedia":[{"embeddable":true,"href":"https:\/\/revistaepocadigital.com.ar\/index.php?rest_route=\/wp\/v2\/media\/19538"}],"wp:attachment":[{"href":"https:\/\/revistaepocadigital.com.ar\/index.php?rest_route=%2Fwp%2Fv2%2Fmedia&parent=19535"}],"wp:term":[{"taxonomy":"category","embeddable":true,"href":"https:\/\/revistaepocadigital.com.ar\/index.php?rest_route=%2Fwp%2Fv2%2Fcategories&post=19535"},{"taxonomy":"post_tag","embeddable":true,"href":"https:\/\/revistaepocadigital.com.ar\/index.php?rest_route=%2Fwp%2Fv2%2Ftags&post=19535"}],"curies":[{"name":"wp","href":"https:\/\/api.w.org\/{rel}","templated":true}]}}