{"id":19546,"date":"2023-03-14T00:03:21","date_gmt":"2023-03-14T03:03:21","guid":{"rendered":"https:\/\/revistaepocadigital.com.ar\/?p=19546"},"modified":"2023-03-14T17:33:41","modified_gmt":"2023-03-14T20:33:41","slug":"alerta-sobre-la-presencia-de-falsos-operarios-de-eden","status":"publish","type":"post","link":"https:\/\/revistaepocadigital.com.ar\/?p=19546","title":{"rendered":"EDEN. R\u00c9CORD HIST\u00d3RICO DE DEMANDA DE ENERG\u00cdA"},"content":{"rendered":"<p dir=\"ltr\"><strong>QUE CALORRRRR!<\/strong><!--more--><\/p>\n<p style=\"text-align: justify; margin: 12.0pt 28.45pt 12.0pt 78.0pt;\"><span lang=\"ES\" style=\"font-size: 11.0pt; font-family: 'Arial',sans-serif; color: black;\">Seg\u00fan registros de nuestro <b>Centro Operativo<\/b>, desde diciembre del a\u00f1o pasado <b>se bati\u00f3 tres veces el r\u00e9cord de demanda de energ\u00eda el\u00e9ctrica<\/b>, producto de las altas temperaturas que azotaron gran parte del territorio nacional.<\/span><\/p>\n<p style=\"text-align: justify; margin: 12.0pt 28.45pt 12.0pt 78.0pt;\"><span lang=\"ES\" style=\"font-size: 11.0pt; font-family: 'Arial',sans-serif; color: black;\">Desde el comienzo del verano en nuestro pa\u00eds <b>se han registrado nueve olas de calor<\/b> que alcanzaron temperaturas de hasta 40\u00b0, batiendo r\u00e9cords vigentes desde hac\u00eda sesenta a\u00f1os. En lo que va de la temporada, el pico de demanda de energ\u00eda alcanz\u00f3 los <b>735 MW<\/b>, n\u00famero significativamente superior a los 711 del verano pasado.<\/span><\/p>\n<p style=\"text-align: justify; margin: 12.0pt 28.45pt 12.0pt 78.0pt;\"><span lang=\"ES\" style=\"font-size: 11.0pt; font-family: 'Arial',sans-serif; color: black;\">En el marco de esta coyuntura clim\u00e1tica, EDEN record\u00f3 a sus usuarios la importancia de hacer un <b>uso eficiente de la energ\u00eda el\u00e9ctrica<\/b>.<\/span><\/p>\n<p style=\"text-align: justify; margin: 12.0pt 28.45pt 12.0pt 78.0pt;\"><span lang=\"ES\" style=\"font-size: 11.0pt; font-family: 'Arial',sans-serif; color: black;\">Para ello, sugiri\u00f3 la empresa:<\/span><\/p>\n<p style=\"text-align: justify; margin: 12.0pt 28.45pt 12.0pt 78.0pt;\"><span lang=\"ES\" style=\"font-size: 11.0pt; font-family: 'Arial',sans-serif; color: black;\">\u00b7 \u00a0 \u00a0 \u00a0 \u00a0 Colocar el aire acondicionado en <b>24 grados<\/b>, manteniendo los ambientes cerrados sin filtraciones de aire al exterior (cerrando puertas, ventanas, cortinas y persianas).<\/span><\/p>\n<p style=\"text-align: justify; margin: 12.0pt 28.45pt 12.0pt 78.0pt;\"><span lang=\"ES\" style=\"font-size: 11.0pt; font-family: 'Arial',sans-serif; color: black;\">\u00b7 \u00a0 \u00a0 \u00a0 \u00a0 <b>Limpiar el filtro<\/b> de su aire acondicionado, ya que si est\u00e1 sucio el aparato consumir\u00e1 un 10% m\u00e1s de energ\u00eda.<\/span><\/p>\n<p style=\"text-align: justify; margin: 12.0pt 28.45pt 12.0pt 78.0pt;\"><span lang=\"ES\" style=\"font-size: 11.0pt; font-family: 'Arial',sans-serif; color: black;\">\u00b7 \u00a0 \u00a0 \u00a0 \u00a0 <b>Priorizar el uso de ventiladores<\/b>, ya que consumen una d\u00e9cima parte de la energ\u00eda que los equipos de aire acondicionado.<\/span><\/p>\n<p style=\"text-align: justify; margin: 12.0pt 28.45pt 12.0pt 78.0pt;\"><span lang=\"ES\" style=\"font-size: 11.0pt; font-family: 'Arial',sans-serif; color: black;\">\u00b7 \u00a0 \u00a0 \u00a0 \u00a0 Colocar la heladera o freezer lejos de la luz directa del sol y de cualquier otra fuente de calor, y no guardar alimentos calientes en su interior.<\/span><\/p>\n<p style=\"text-align: justify; margin: 12.0pt 28.45pt 12.0pt 78.0pt;\"><span lang=\"ES\" style=\"font-size: 11.0pt; font-family: 'Arial',sans-serif; color: black;\">\u00b7 \u00a0 \u00a0 \u00a0 \u00a0 <b>No sobrecargar la heladera<\/b>, ya que consume m\u00e1s energ\u00eda. En el caso del freezer es mejor colocar cubeteras y bolsas de hielo para llenar los espacios vac\u00edos.<\/span><\/p>\n<p style=\"text-align: justify; margin: 12.0pt 28.45pt 12.0pt 78.0pt;\"><span lang=\"ES\" style=\"font-size: 11.0pt; font-family: 'Arial',sans-serif; color: black;\">Adem\u00e1s, <b>EDEN <\/b>cuenta con <b>un simulador de consumo<\/b> que permite a los usuarios calcular el consumo de energ\u00eda de los artefactos del hogar y estimar su gasto econ\u00f3mico, al que se puede acceder a trav\u00e9s del siguiente enlace:<\/span><span lang=\"ES\"><a href=\"http:\/\/simuladordeconsumo.edensa.com.ar\/\"> <span style=\"font-size: 11.0pt; font-family: 'Arial',sans-serif; color: #1155cc; background: white;\">http:\/\/simuladordeconsumo.edensa.com.ar\/<\/span><\/a><\/span><\/p>\n<p style=\"text-align: justify; margin: 12.0pt 28.45pt 12.0pt 78.0pt;\"><span lang=\"ES\" style=\"font-size: 11.0pt; font-family: 'Arial',sans-serif; color: black;\">Ante problemas t\u00e9cnicos individuales, pueden ingresar una solicitud de servicio t\u00e9cnico desde cualquier dispositivo con conexi\u00f3n a la red de datos a trav\u00e9s de la Sucursal Virtual, ingresando en<\/span><span lang=\"ES\"><a href=\"https:\/\/www.edensa.com.ar\/\"> <span style=\"font-size: 11.0pt; font-family: 'Arial',sans-serif; color: #1155cc;\">https:\/\/www.edensa.com.ar\/<\/span><\/a><\/span><span lang=\"ES\" style=\"font-size: 11.0pt; font-family: 'Arial',sans-serif; color: black;\"> o descargando la App EDEN M\u00f3vil desde su Store. Tambi\u00e9n pueden comunicarse por WhatsApp al +54 9 336 4526944<\/span><\/p>\n<p class=\"Normal5\" style=\"text-align: justify; margin: 0cm 28.45pt .0001pt 78.0pt;\"><span lang=\"ES\">\u00a0<\/span><\/p>\n<p class=\"Normal5\" style=\"text-align: justify; margin: 0cm 28.45pt .0001pt 78.0pt;\"><span lang=\"ES\">\u00a0<\/span><\/p>\n<p dir=\"ltr\">&#8212;&#8212;&#8212;&#8212;&#8212;&#8212;&#8212;&#8212;&#8212;&#8212;&#8212;&#8212;&#8212;&#8212;&#8212;&#8211;<\/p>\n<p dir=\"ltr\">nota anterior.<\/p>\n<p dir=\"ltr\">EDEN informa que hoy martes 14 de marzo, realiza el cambio de postes y la colocaci\u00f3n de columnas de hormig\u00f3n.<\/p>\n<p dir=\"ltr\">Para poder realizar estas obras y como medida de seguridad, es necesario interrumpir el suministro de forma moment\u00e1nea mientras se trabaja en la red el\u00e9ctrica de 7:30 a 15 horas, en el camino rural 031-001, en el barrio Chacras de la Cruz y LAZO; de 8 a 17 horas, en el barrio El Chaj\u00e1.<\/p>\n<p dir=\"ltr\">Estas tareas beneficiar\u00e1n a m\u00e1s de 120 usuarios y contribuir\u00e1n a mejorar la calidad del servicio el\u00e9ctrico.<\/p>\n<p dir=\"ltr\">En caso de presentarse condiciones clim\u00e1ticas adversas, las actividades ser\u00e1n reprogramadas.<\/p>\n<p dir=\"ltr\">&#8212;&#8212;&#8212;&#8212;&#8212;&#8212;&#8212;&#8212;&#8212;&#8212;&#8212;&#8212;&#8212;&#8212;-<\/p>\n<p dir=\"ltr\">NOTA ANTERIOR<\/p>\n<p dir=\"ltr\">EDEN informa que este martes 7 de marzo, de 8 a 17 horas, realiza tareas de mantenimiento en la red de media tensi\u00f3n.<\/p>\n<p dir=\"ltr\">Para poder realizar estas obras y como medida de seguridad, es necesario interrumpir el suministro de forma moment\u00e1nea mientras se trabaja en la red el\u00e9ctrica en el barrio El Chaj\u00e1.<\/p>\n<p dir=\"ltr\">Estas tareas beneficiar\u00e1n a m\u00e1s de 100 usuarios y contribuir\u00e1n a mejorar la calidad del servicio el\u00e9ctrico.<\/p>\n<p dir=\"ltr\">En caso de presentarse condiciones clim\u00e1ticas adversas, las actividades ser\u00e1n reprogramadas.<\/p>\n<p dir=\"ltr\">&#8212;&#8212;&#8212;&#8212;&#8212;&#8212;&#8212;&#8212;&#8212;&#8212;&#8212;&#8212;&#8212;&#8212;&#8212;&#8212;&#8212;&#8212;&#8212;&#8212;&#8212;&#8211;<\/p>\n<p dir=\"ltr\">NOTA ANTERIOR<\/p>\n<p dir=\"ltr\">EDEN realizar\u00e1 tareas de poda<\/p>\n<p dir=\"ltr\">EDEN informa que hoy viernes 10 de febrero, de 8:30 a 15 horas, se realizan tareas de poda.<\/p>\n<p dir=\"ltr\">Para poder realizar estas obras y como medida de seguridad, es necesario interrumpir el suministro de forma moment\u00e1nea mientras se trabaja en la red el\u00e9ctrica en el barrio El Chaj\u00e1.<\/p>\n<p dir=\"ltr\">Estas tareas de mantenimiento, que beneficiar\u00e1n a m\u00e1s de 180 usuarios, contribuir\u00e1n a prevenir interrupciones durante tormentas y as\u00ed mejorar la calidad del servicio.<\/p>\n<p dir=\"ltr\">En caso de presentarse condiciones clim\u00e1ticas adversas, las actividades ser\u00e1n reprogramadas.<\/p>\n<p dir=\"ltr\">&#8212;&#8212;&#8212;&#8212;&#8212;&#8212;&#8212;&#8212;&#8212;&#8212;&#8212;&#8212;&#8212;&#8212;&#8212;&#8212;&#8212;&#8212;&#8212;&#8212;&#8211;<\/p>\n<p dir=\"ltr\">Canales de gesti\u00f3n y reclamos EDEN:<\/p>\n<p dir=\"ltr\">WhatsApp: 3364 52-6944<a href=\"http:\/\/wa.me\/543364526944\" target=\"_blank\" rel=\"nofollow noopener noreferrer\"> wa.me\/543364526944<\/a><\/p>\n<p dir=\"ltr\">App EDEN M\u00f3vil<\/p>\n<p dir=\"ltr\">Sucursal Virtual:<a href=\"https:\/\/sucursalvirtual.edensa.com.ar\/\" target=\"_blank\" rel=\"nofollow noopener noreferrer\"> https:\/\/sucursalvirtual.edensa.com.ar\/<\/a><\/p>\n<p dir=\"ltr\">Todas las novedades de EDEN en:<\/p>\n<p dir=\"ltr\">Web:<a href=\"http:\/\/www.edensa.com.ar\/\" target=\"_blank\" rel=\"nofollow noopener noreferrer\"> www.edensa.com.ar<\/a><\/p>\n<p dir=\"ltr\">Instagram: @edencomunica<\/p>\n<p dir=\"ltr\">Facebook: EDENComunica<\/p>\n<p dir=\"ltr\">Twitter: @EDENSAcomunica<\/p>\n<p dir=\"ltr\">LinkedIn:<a href=\"https:\/\/www.linkedin.com\/company\/edensa\/\" target=\"_blank\" rel=\"nofollow noopener noreferrer\"> https:\/\/www.linkedin.com\/company\/edensa\/<\/a><\/p>\n<p dir=\"ltr\">YouTube: EDEN Comunica<\/p>\n<p dir=\"ltr\">&#8212;&#8212;&#8212;&#8212;&#8212;&#8212;&#8212;&#8212;&#8212;&#8212;&#8212;&#8212;&#8212;&#8212;&#8212;&#8212;&#8212;&#8212;&#8212;&#8212;&#8212;&#8212;&#8212;&#8211;<\/p>\n<p dir=\"ltr\">nota anterior.<\/p>\n<p dir=\"ltr\">EDEN informa que hoy jueves 2 de febrero, de 8 a 17:30 horas se realizar\u00e1 el cambio de postes de madera y la colocaci\u00f3n de columnas de hormig\u00f3n.<\/p>\n<p dir=\"ltr\">Para poder realizar estas obras y como medida de seguridad, es necesario interrumpir el suministro de forma moment\u00e1nea mientras se trabaja en la red el\u00e9ctrica en el barrio El Chaj\u00e1.<\/p>\n<p dir=\"ltr\">Estas tareas de mantenimiento beneficiar\u00e1n a m\u00e1s de 75 usuarios y contribuir\u00e1n a mejorar la calidad del servicio.<\/p>\n<p dir=\"ltr\">En caso de presentarse condiciones clim\u00e1ticas adversas, las actividades ser\u00e1n reprogramadas.<\/p>\n<p dir=\"ltr\">&#8212;&#8212;&#8212;&#8212;&#8212;&#8212;&#8212;&#8212;&#8212;&#8212;&#8212;&#8212;&#8212;&#8212;&#8212;&#8212;&#8212;&#8212;&#8212;&#8212;&#8211;<\/p>\n<p dir=\"ltr\">Canales de gesti\u00f3n y reclamos EDEN:<\/p>\n<p dir=\"ltr\">WhatsApp: 3364 52-6944<a href=\"http:\/\/wa.me\/543364526944\" target=\"_blank\" rel=\"nofollow noopener noreferrer\"> wa.me\/543364526944<\/a><\/p>\n<p dir=\"ltr\">App EDEN M\u00f3vil<\/p>\n<p dir=\"ltr\">Sucursal Virtual:<a href=\"https:\/\/sucursalvirtual.edensa.com.ar\/\" target=\"_blank\" rel=\"nofollow noopener noreferrer\"> https:\/\/sucursalvirtual.edensa.com.ar\/<\/a><\/p>\n<p dir=\"ltr\">Todas las novedades de EDEN en:<\/p>\n<p dir=\"ltr\">Web:<a href=\"http:\/\/www.edensa.com.ar\/\" target=\"_blank\" rel=\"nofollow noopener noreferrer\"> www.edensa.com.ar<\/a><\/p>\n<p dir=\"ltr\">Instagram: @edencomunica<\/p>\n<p dir=\"ltr\">Facebook: EDENComunica<\/p>\n<p dir=\"ltr\">Twitter: @EDENSAcomunica<\/p>\n<p dir=\"ltr\">LinkedIn:<a href=\"https:\/\/www.linkedin.com\/company\/edensa\/\" target=\"_blank\" rel=\"nofollow noopener noreferrer\"> https:\/\/www.linkedin.com\/company\/edensa\/<\/a><\/p>\n<p dir=\"ltr\">YouTube: EDEN Comunica<\/p>\n<p dir=\"ltr\"><strong>&#8212;&#8212;&#8212;&#8212;&#8212;&#8212;&#8212;&#8212;&#8212;&#8212;&#8212;&#8212;&#8211;<\/strong><\/p>\n<p dir=\"ltr\">nota anterior<\/p>\n<p dir=\"ltr\"><strong>EDEN advierte a sus usuarios.<\/strong><!--more--><\/p>\n<p dir=\"ltr\">Sobre el accionar de ciertas personas que en nombre de la empresa intentan ingresar a los domicilios particulares.<\/p>\n<p dir=\"ltr\">Al respecto, la distribuidora recuerda a sus usuarios que su personal no realiza tareas en el interior de las viviendas, ni cobra trabajo alguno, sino que limita su intervenci\u00f3n a las redes de la v\u00eda p\u00fablica y el medidor individual exterior.<\/p>\n<p dir=\"ltr\">Ante la menor sospecha, la empresa aconseja realizar la denuncia correspondiente al 911.<\/p>\n<p dir=\"ltr\">\n","protected":false},"excerpt":{"rendered":"<p>QUE CALORRRRR!<\/p>\n","protected":false},"author":3,"featured_media":19978,"comment_status":"open","ping_status":"open","sticky":false,"template":"","format":"standard","meta":{"footnotes":"","jetpack_publicize_message":"","jetpack_publicize_feature_enabled":true,"jetpack_social_post_already_shared":false,"jetpack_social_options":{"image_generator_settings":{"template":"highway","default_image_id":0,"font":"","enabled":false},"version":2}},"categories":[13],"tags":[1795,39],"class_list":["post-19546","post","type-post","status-publish","format-standard","has-post-thumbnail","hentry","category-interes-general","tag-corte-luz","tag-eden"],"jetpack_publicize_connections":[],"jetpack_featured_media_url":"https:\/\/revistaepocadigital.com.ar\/wp-content\/uploads\/2023\/03\/chacra-dela-cruz.jpg","jetpack_likes_enabled":true,"_links":{"self":[{"href":"https:\/\/revistaepocadigital.com.ar\/index.php?rest_route=\/wp\/v2\/posts\/19546","targetHints":{"allow":["GET"]}}],"collection":[{"href":"https:\/\/revistaepocadigital.com.ar\/index.php?rest_route=\/wp\/v2\/posts"}],"about":[{"href":"https:\/\/revistaepocadigital.com.ar\/index.php?rest_route=\/wp\/v2\/types\/post"}],"author":[{"embeddable":true,"href":"https:\/\/revistaepocadigital.com.ar\/index.php?rest_route=\/wp\/v2\/users\/3"}],"replies":[{"embeddable":true,"href":"https:\/\/revistaepocadigital.com.ar\/index.php?rest_route=%2Fwp%2Fv2%2Fcomments&post=19546"}],"version-history":[{"count":0,"href":"https:\/\/revistaepocadigital.com.ar\/index.php?rest_route=\/wp\/v2\/posts\/19546\/revisions"}],"wp:featuredmedia":[{"embeddable":true,"href":"https:\/\/revistaepocadigital.com.ar\/index.php?rest_route=\/wp\/v2\/media\/19978"}],"wp:attachment":[{"href":"https:\/\/revistaepocadigital.com.ar\/index.php?rest_route=%2Fwp%2Fv2%2Fmedia&parent=19546"}],"wp:term":[{"taxonomy":"category","embeddable":true,"href":"https:\/\/revistaepocadigital.com.ar\/index.php?rest_route=%2Fwp%2Fv2%2Fcategories&post=19546"},{"taxonomy":"post_tag","embeddable":true,"href":"https:\/\/revistaepocadigital.com.ar\/index.php?rest_route=%2Fwp%2Fv2%2Ftags&post=19546"}],"curies":[{"name":"wp","href":"https:\/\/api.w.org\/{rel}","templated":true}]}}