{"id":19565,"date":"2023-02-06T03:00:12","date_gmt":"2023-02-06T06:00:12","guid":{"rendered":"https:\/\/revistaepocadigital.com.ar\/?p=19565"},"modified":"2023-02-06T03:02:12","modified_gmt":"2023-02-06T06:02:12","slug":"peaje-larena-hay-que-renovar-la-tarifa-diferencial","status":"publish","type":"post","link":"https:\/\/revistaepocadigital.com.ar\/?p=19565","title":{"rendered":"Peaje Larena: Hay que renovar la tarifa diferencial"},"content":{"rendered":"<div class=\"I_ZkbNhI D_FY W_6D6F\" data-test-id=\"message-view-body\">\n<div class=\"msg-body P_wpofO mq_AS\" data-test-id=\"message-view-body-content\">\n<div class=\"jb_0 X_6MGW N_6Fd5\">\n<div dir=\"ltr\"><strong>CON EL FIN DE MANTENER EL SISTEMA DE TARIFAS DIFERENCIALES.<\/strong><\/div>\n<\/div>\n<\/div>\n<\/div>\n<p><!--more--><\/p>\n<div dir=\"ltr\"><\/div>\n<div dir=\"ltr\">El Peaje Larena, con toda la documentaci\u00f3n al d\u00eda, est\u00e1 realizando un reempadronamiento. El mismo se puede hacer de manera digital, o personalmente en el peaje.<\/div>\n<div class=\"I_ZkbNhI D_FY W_6D6F\" data-test-id=\"message-view-body\">\n<div class=\"msg-body P_wpofO mq_AS\" data-test-id=\"message-view-body-content\">\n<div class=\"jb_0 X_6MGW N_6Fd5\">\n<div dir=\"ltr\"><\/div>\n<div dir=\"ltr\">Las Tarifas Diferenciales son tarifas reducidas respecto de las establecidas por normativa, que prev\u00e9n ciertos casos especiales seg\u00fan el veh\u00edculo pertenezca a un vecino o frentista del peaje o a un docente.<\/div>\n<div dir=\"ltr\"><\/div>\n<div dir=\"ltr\">Si ya ten\u00e9s el beneficio y deseas mantenerlo, es necesario que te reempadrones completando los datos requeridos en el formulario, y adjuntando la documentaci\u00f3n solicitada en el mismo.<\/div>\n<div dir=\"ltr\"><\/div>\n<div dir=\"ltr\">Pod\u00e9s realizar la Solicitud de Renovaci\u00f3n de Tarifa Diferencial por ser vecino, frentista o focente haciendo en:<\/div>\n<div dir=\"ltr\"><a href=\"https:\/\/tramites.cvsa.com.ar\/login\" target=\"_blank\" rel=\"noopener\">https:\/\/tramites.cvsa.com.ar\/login<\/a><\/div>\n<div dir=\"ltr\"><\/div>\n<div dir=\"ltr\">Sino est\u00e1s registrado, registrarse y segu\u00ed los pasos que te indican.<\/div>\n<div dir=\"ltr\">Luego hac\u00e9 clic seg\u00fan corresponda en tr\u00e1mites para\u00a0 completar formularios.<\/div>\n<div dir=\"ltr\">Ante cualquier duda dirigirse a \u00f1as oficinas del Peaje Larena.<\/div>\n<\/div>\n<\/div>\n<\/div>\n<div dir=\"ltr\"><\/div>\n<div dir=\"ltr\"><\/div>\n<div dir=\"ltr\"><\/div>\n<div dir=\"ltr\"><\/div>\n<div class=\"I_ZkbNhI D_FY W_6D6F\" data-test-id=\"message-view-body\">\n<div class=\"msg-body P_wpofO mq_AS\" data-test-id=\"message-view-body-content\">\n<div class=\"jb_0 X_6MGW N_6Fd5\">\n<div dir=\"ltr\"><img loading=\"lazy\" decoding=\"async\" class=\"aligncenter size-full wp-image-19567\" src=\"https:\/\/revistaepocadigital.com.ar\/wp-content\/uploads\/2023\/02\/peaj1-1.jpg\" alt=\"\" width=\"794\" height=\"1600\" srcset=\"https:\/\/revistaepocadigital.com.ar\/wp-content\/uploads\/2023\/02\/peaj1-1.jpg 794w, https:\/\/revistaepocadigital.com.ar\/wp-content\/uploads\/2023\/02\/peaj1-1-149x300.jpg 149w, https:\/\/revistaepocadigital.com.ar\/wp-content\/uploads\/2023\/02\/peaj1-1-596x1200.jpg 596w, https:\/\/revistaepocadigital.com.ar\/wp-content\/uploads\/2023\/02\/peaj1-1-768x1548.jpg 768w, https:\/\/revistaepocadigital.com.ar\/wp-content\/uploads\/2023\/02\/peaj1-1-762x1536.jpg 762w, https:\/\/revistaepocadigital.com.ar\/wp-content\/uploads\/2023\/02\/peaj1-1-696x1403.jpg 696w, https:\/\/revistaepocadigital.com.ar\/wp-content\/uploads\/2023\/02\/peaj1-1-208x420.jpg 208w, https:\/\/revistaepocadigital.com.ar\/wp-content\/uploads\/2023\/02\/peaj1-1-417x840.jpg 417w\" sizes=\"auto, (max-width: 794px) 100vw, 794px\" \/><\/div>\n<\/div>\n<\/div>\n<div class=\"jb_0 X_6MGW N_6Fd5\"><img loading=\"lazy\" decoding=\"async\" class=\"aligncenter size-full wp-image-19566\" src=\"https:\/\/revistaepocadigital.com.ar\/wp-content\/uploads\/2023\/02\/peaj1.jpg\" alt=\"\" width=\"794\" height=\"1600\" srcset=\"https:\/\/revistaepocadigital.com.ar\/wp-content\/uploads\/2023\/02\/peaj1.jpg 794w, https:\/\/revistaepocadigital.com.ar\/wp-content\/uploads\/2023\/02\/peaj1-149x300.jpg 149w, https:\/\/revistaepocadigital.com.ar\/wp-content\/uploads\/2023\/02\/peaj1-596x1200.jpg 596w, https:\/\/revistaepocadigital.com.ar\/wp-content\/uploads\/2023\/02\/peaj1-768x1548.jpg 768w, https:\/\/revistaepocadigital.com.ar\/wp-content\/uploads\/2023\/02\/peaj1-762x1536.jpg 762w, https:\/\/revistaepocadigital.com.ar\/wp-content\/uploads\/2023\/02\/peaj1-696x1403.jpg 696w, https:\/\/revistaepocadigital.com.ar\/wp-content\/uploads\/2023\/02\/peaj1-208x420.jpg 208w, https:\/\/revistaepocadigital.com.ar\/wp-content\/uploads\/2023\/02\/peaj1-417x840.jpg 417w\" sizes=\"auto, (max-width: 794px) 100vw, 794px\" \/><\/div>\n<\/div>\n<div class=\"H_7jIs D_F ab_C Q_69H5 E_36RhU\" data-test-id=\"toolbar-hover-area\">\n<div class=\"D_F W_6D6F r_BN gl_C\" data-test-id=\"card-toolbar\"><\/div>\n<\/div>\n","protected":false},"excerpt":{"rendered":"<p>CON EL FIN DE MANTENER EL SISTEMA DE TARIFAS DIFERENCIALES.<\/p>\n","protected":false},"author":4,"featured_media":19568,"comment_status":"open","ping_status":"open","sticky":false,"template":"","format":"standard","meta":{"footnotes":"","jetpack_publicize_message":"","jetpack_publicize_feature_enabled":true,"jetpack_social_post_already_shared":false,"jetpack_social_options":{"image_generator_settings":{"template":"highway","default_image_id":0,"font":"","enabled":false},"version":2}},"categories":[13],"tags":[2189,2190],"class_list":["post-19565","post","type-post","status-publish","format-standard","has-post-thumbnail","hentry","category-interes-general","tag-peaje-larena","tag-tarifa-vecinal"],"jetpack_publicize_connections":[],"jetpack_featured_media_url":"https:\/\/revistaepocadigital.com.ar\/wp-content\/uploads\/2023\/02\/peaje-larena.jpg","jetpack_likes_enabled":true,"_links":{"self":[{"href":"https:\/\/revistaepocadigital.com.ar\/index.php?rest_route=\/wp\/v2\/posts\/19565","targetHints":{"allow":["GET"]}}],"collection":[{"href":"https:\/\/revistaepocadigital.com.ar\/index.php?rest_route=\/wp\/v2\/posts"}],"about":[{"href":"https:\/\/revistaepocadigital.com.ar\/index.php?rest_route=\/wp\/v2\/types\/post"}],"author":[{"embeddable":true,"href":"https:\/\/revistaepocadigital.com.ar\/index.php?rest_route=\/wp\/v2\/users\/4"}],"replies":[{"embeddable":true,"href":"https:\/\/revistaepocadigital.com.ar\/index.php?rest_route=%2Fwp%2Fv2%2Fcomments&post=19565"}],"version-history":[{"count":0,"href":"https:\/\/revistaepocadigital.com.ar\/index.php?rest_route=\/wp\/v2\/posts\/19565\/revisions"}],"wp:featuredmedia":[{"embeddable":true,"href":"https:\/\/revistaepocadigital.com.ar\/index.php?rest_route=\/wp\/v2\/media\/19568"}],"wp:attachment":[{"href":"https:\/\/revistaepocadigital.com.ar\/index.php?rest_route=%2Fwp%2Fv2%2Fmedia&parent=19565"}],"wp:term":[{"taxonomy":"category","embeddable":true,"href":"https:\/\/revistaepocadigital.com.ar\/index.php?rest_route=%2Fwp%2Fv2%2Fcategories&post=19565"},{"taxonomy":"post_tag","embeddable":true,"href":"https:\/\/revistaepocadigital.com.ar\/index.php?rest_route=%2Fwp%2Fv2%2Ftags&post=19565"}],"curies":[{"name":"wp","href":"https:\/\/api.w.org\/{rel}","templated":true}]}}