{"id":19587,"date":"2023-02-03T14:04:00","date_gmt":"2023-02-03T17:04:00","guid":{"rendered":"https:\/\/revistaepocadigital.com.ar\/?p=19587"},"modified":"2023-02-03T14:19:13","modified_gmt":"2023-02-03T17:19:13","slug":"adoratta-carteras-con-la-mas-pura-impronta-de-su-creadora","status":"publish","type":"post","link":"https:\/\/revistaepocadigital.com.ar\/?p=19587","title":{"rendered":"Adoratta, carteras con la m\u00e1s pura impronta de su creadora"},"content":{"rendered":"<div class=\"I_ZkbNhI D_FY W_6D6F\" data-test-id=\"message-view-body\">\n<div class=\"msg-body P_wpofO mq_AS\" data-test-id=\"message-view-body-content\">\n<div class=\"jb_0 X_6MGW N_6Fd5\">\n<div id=\"yiv6363698759\">\n<div dir=\"ltr\">\n<div class=\"yiv6363698759gmail_quote\"><strong>CUANDO LA MOTIVACI\u00d3N, GANAS, CAPACIDAD Y ESFUERZO, REDUNDAN EN UN \u00c9XITO.<!--more--><\/strong><\/div>\n<div class=\"yiv6363698759gmail_quote\">\n<div dir=\"ltr\"><\/div>\n<div dir=\"ltr\">Una mujer emprendedora que comenz\u00f3 dise\u00f1ando, y con un taller en su propia casa, pas\u00f3 de <b>vender 1000 carteras a m\u00e1s de 50 mil. Y a ninguna le falta un toque artesanal especial, distinguido. <\/b>Lleg\u00f3 a facturar 75 millones de pesos en 2022 despu\u00e9s de comenzar con una inversi\u00f3n de 2500 d\u00f3lares<b>.<\/b><\/div>\n<div dir=\"ltr\">\n<div><strong>Es Gisela Di Paolo, <\/strong>la<strong> creadora <\/strong>de <strong><em>Adoratta carteras<\/em>.<\/strong><\/div>\n<div><\/div>\n<div><\/div>\n<div>\n<p class=\"yiv6363698759MsoNormal\" align=\"center\"><b><span style=\"color: #ff0000;\"><em>Adoratta:<\/em> Es la marca de carteras de industria nacional, con toques artesanales y dise\u00f1os exclusivos, que busca llegar a todas las provincias de nuestro pa\u00eds.<\/span><\/b><\/p>\n<p class=\"yiv6363698759MsoNormal\" align=\"center\"><b><i><span style=\"color: #ff0000;\">Su creadora con un capital inicial de 2500 d\u00f3lares, en la actualidad comercializa m\u00e1s de 50.000 productos. Y en<\/span><\/i><\/b><b><i><span style=\"color: #ff0000;\"> 2022 factur\u00f3 $75 millones.<\/span><\/i><\/b><\/p>\n<p class=\"yiv6363698759MsoNormal\" align=\"center\"><b><i><span style=\"color: #ff0000;\"><strong><img loading=\"lazy\" decoding=\"async\" class=\"aligncenter size-full wp-image-19592\" src=\"https:\/\/revistaepocadigital.com.ar\/wp-content\/uploads\/2023\/02\/Gisela-Emprendedora-3.jpeg\" alt=\"\" width=\"614\" height=\"643\" srcset=\"https:\/\/revistaepocadigital.com.ar\/wp-content\/uploads\/2023\/02\/Gisela-Emprendedora-3.jpeg 614w, https:\/\/revistaepocadigital.com.ar\/wp-content\/uploads\/2023\/02\/Gisela-Emprendedora-3-286x300.jpeg 286w, https:\/\/revistaepocadigital.com.ar\/wp-content\/uploads\/2023\/02\/Gisela-Emprendedora-3-401x420.jpeg 401w\" sizes=\"auto, (max-width: 614px) 100vw, 614px\" \/><\/strong><\/span><\/i><\/b><\/p>\n<h6>En su local, rodeada por parte de sus creaciones<em>.<\/em><\/h6>\n<p>&nbsp;<\/p>\n<p class=\"yiv6363698759MsoNormal\"><b>Adoratta carteras<\/b>, fue un proyecto surgido de la dedicaci\u00f3n y el esfuerzo emprendedor de <strong>Gisela Di Paolo,<\/strong> una mujer joven de 39 a\u00f1os, decidida a crear un nuevo sello de carteras artesanales, caracterizadas por el detalle de sus dise\u00f1os, manteniendo las elaboraciones a mano para una mejor y detallada terminaci\u00f3n.<\/p>\n<p class=\"yiv6363698759MsoNormal\"><em>Adoratta<\/em> no naci\u00f3 de la noche a la ma\u00f1ana. Di Paolo, creadora de la marca, dise\u00f1adora de indumentaria profesional y recibida en la Universidad de Buenos Aires, mostraba desde su infancia un inter\u00e9s por la creaci\u00f3n y el mundo de la moda. En ese camino tuvo mucho que ver la influencia de su abuela, quien desde peque\u00f1a le ense\u00f1\u00f3 a coser y la acompa\u00f1aba a\u00a0 cursos de corte y confecci\u00f3n.<\/p>\n<p class=\"yiv6363698759MsoNormal\">En 2005, luego de varios a\u00f1os de formaci\u00f3n acad\u00e9mica e\u00a0<b>impulsada por heredado y f\u00e9rreo esp\u00edritu emprendedor<\/b> de su familia, <strong>Gisela<\/strong> dio los primeros pasos en el rubro al fabricar sus primeras carteras. En medio del auge del dise\u00f1o independiente, el a\u00f1o 2008 fue determinante para su vida como emprendedora, <em>\u201cnace Adoratta\u201d<\/em>. Como te contamos, carteras puramente artesanales, con dise\u00f1os exclusivos y fabricados con insumos de la mejor calidad.<\/p>\n<p class=\"yiv6363698759MsoNormal\">En sus comienzos, el emprendimiento se desarroll\u00f3 y creci\u00f3 en las ferias de<strong> Palermo Soho, <\/strong>all\u00ed Gisela dispon\u00eda de su punto de venta. El tiempo fue transcurriendo, y las producciones de la marca comenzaron a visibilizarse cada vez m\u00e1s, y obtuvieron el reconocimiento de los clientes.<\/p>\n<\/div>\n<figure id=\"attachment_19594\" aria-describedby=\"caption-attachment-19594\" style=\"width: 547px\" class=\"wp-caption aligncenter\"><img loading=\"lazy\" decoding=\"async\" class=\"size-full wp-image-19594\" src=\"https:\/\/revistaepocadigital.com.ar\/wp-content\/uploads\/2023\/02\/Gisela-Emprendedora-de-Adoratta-Carteras-4.jpeg\" alt=\"\" width=\"547\" height=\"406\" srcset=\"https:\/\/revistaepocadigital.com.ar\/wp-content\/uploads\/2023\/02\/Gisela-Emprendedora-de-Adoratta-Carteras-4.jpeg 547w, https:\/\/revistaepocadigital.com.ar\/wp-content\/uploads\/2023\/02\/Gisela-Emprendedora-de-Adoratta-Carteras-4-300x223.jpeg 300w, https:\/\/revistaepocadigital.com.ar\/wp-content\/uploads\/2023\/02\/Gisela-Emprendedora-de-Adoratta-Carteras-4-80x60.jpeg 80w, https:\/\/revistaepocadigital.com.ar\/wp-content\/uploads\/2023\/02\/Gisela-Emprendedora-de-Adoratta-Carteras-4-160x120.jpeg 160w, https:\/\/revistaepocadigital.com.ar\/wp-content\/uploads\/2023\/02\/Gisela-Emprendedora-de-Adoratta-Carteras-4-265x198.jpeg 265w, https:\/\/revistaepocadigital.com.ar\/wp-content\/uploads\/2023\/02\/Gisela-Emprendedora-de-Adoratta-Carteras-4-485x360.jpeg 485w\" sizes=\"auto, (max-width: 547px) 100vw, 547px\" \/><figcaption id=\"caption-attachment-19594\" class=\"wp-caption-text\">Para Di Paolo, &#8220;las mujeres argentinas con mi m\u00e1xima aspiraci\u00f3n&#8221;.<\/figcaption><\/figure>\n<div>\n<p class=\"yiv6363698759MsoNormal\"><b>Cuando Gisela logr\u00f3 invertir un capital inicial de U$S 2500 merced a su gran esfuerzo superador, pas\u00f3 de vender como te mencionamos, 1000 mil carteras por a\u00f1o a m\u00e1s de 50.000, hasta alcanzar el la actualidad una facturaci\u00f3n anual de 75 millones de pesos.<\/b><\/p>\n<p class=\"yiv6363698759MsoNormal\">El \u00e9xito de las ventas y las repercusiones de su producci\u00f3n permitieron a<em><strong> Adoratta<\/strong><\/em> contar con el local propio ubicado en la calle <strong>Armenia del barrio de Palermo,<\/strong>\u00a0 mientras adem\u00e1s avanza con el objetivo de posicionarse en locales multimarca del interior de nuestro pa\u00eds.<\/p>\n<p class=\"yiv6363698759MsoNormal\"><em>\u201cEl crecimiento me permiti\u00f3<\/em> -resalta <strong>Gisela-<\/strong> <em>un mayor reconocimiento sin perder sus v\u00ednculos con las clientas y lograr que sientan la mayor <\/em>satisfacci\u00f3n al llevar nuestras carteras&#8221;. &#8220;Las mujeres argentinas -asegura- son mi m\u00e1xima inspiraci\u00f3n para crear carteras c\u00f3modas y acordes con las tendencias de la moda&#8221;.<\/p>\n<p class=\"yiv6363698759MsoNormal\"><a href=\"https:\/\/www.instagram.com\/adorattacarteras\" target=\"_blank\" rel=\"nofollow noopener noreferrer\">https:\/\/www.instagram.com\/adorattacarteras<\/a><\/p>\n<p class=\"yiv6363698759MsoNormal\" align=\"right\"><b>I<\/b><\/p>\n<\/div>\n<\/div>\n<\/div>\n<\/div>\n<\/div>\n<\/div>\n<\/div>\n<\/div>\n<p>&nbsp;<\/p>\n","protected":false},"excerpt":{"rendered":"<p>CUANDO LA MOTIVACI\u00d3N, GANAS, CAPACIDAD Y ESFUERZO, REDUNDAN EN UN \u00c9XITO.<\/p>\n","protected":false},"author":3,"featured_media":19591,"comment_status":"open","ping_status":"open","sticky":false,"template":"","format":"standard","meta":{"footnotes":"","jetpack_publicize_message":"","jetpack_publicize_feature_enabled":true,"jetpack_social_post_already_shared":false,"jetpack_social_options":{"image_generator_settings":{"template":"highway","default_image_id":0,"font":"","enabled":false},"version":2}},"categories":[15],"tags":[2192,37],"class_list":["post-19587","post","type-post","status-publish","format-standard","has-post-thumbnail","hentry","category-lo-que-tenes-que-saber","tag-carteras-adoratta","tag-destacada"],"jetpack_publicize_connections":[],"jetpack_featured_media_url":"https:\/\/revistaepocadigital.com.ar\/wp-content\/uploads\/2023\/02\/Gisela-Emprendedora-de-Adorattav2.jpeg","jetpack_likes_enabled":true,"_links":{"self":[{"href":"https:\/\/revistaepocadigital.com.ar\/index.php?rest_route=\/wp\/v2\/posts\/19587","targetHints":{"allow":["GET"]}}],"collection":[{"href":"https:\/\/revistaepocadigital.com.ar\/index.php?rest_route=\/wp\/v2\/posts"}],"about":[{"href":"https:\/\/revistaepocadigital.com.ar\/index.php?rest_route=\/wp\/v2\/types\/post"}],"author":[{"embeddable":true,"href":"https:\/\/revistaepocadigital.com.ar\/index.php?rest_route=\/wp\/v2\/users\/3"}],"replies":[{"embeddable":true,"href":"https:\/\/revistaepocadigital.com.ar\/index.php?rest_route=%2Fwp%2Fv2%2Fcomments&post=19587"}],"version-history":[{"count":0,"href":"https:\/\/revistaepocadigital.com.ar\/index.php?rest_route=\/wp\/v2\/posts\/19587\/revisions"}],"wp:featuredmedia":[{"embeddable":true,"href":"https:\/\/revistaepocadigital.com.ar\/index.php?rest_route=\/wp\/v2\/media\/19591"}],"wp:attachment":[{"href":"https:\/\/revistaepocadigital.com.ar\/index.php?rest_route=%2Fwp%2Fv2%2Fmedia&parent=19587"}],"wp:term":[{"taxonomy":"category","embeddable":true,"href":"https:\/\/revistaepocadigital.com.ar\/index.php?rest_route=%2Fwp%2Fv2%2Fcategories&post=19587"},{"taxonomy":"post_tag","embeddable":true,"href":"https:\/\/revistaepocadigital.com.ar\/index.php?rest_route=%2Fwp%2Fv2%2Ftags&post=19587"}],"curies":[{"name":"wp","href":"https:\/\/api.w.org\/{rel}","templated":true}]}}