{"id":19596,"date":"2023-02-06T01:24:52","date_gmt":"2023-02-06T04:24:52","guid":{"rendered":"https:\/\/revistaepocadigital.com.ar\/?p=19596"},"modified":"2023-02-06T01:24:52","modified_gmt":"2023-02-06T04:24:52","slug":"inscribite-para-estudiar-carreras-universitarias-en-capilla-del-senor","status":"publish","type":"post","link":"https:\/\/revistaepocadigital.com.ar\/?p=19596","title":{"rendered":"Inscribite para estudiar carreras universitarias en Capilla del Se\u00f1or"},"content":{"rendered":"<div class=\"x11i5rnm xat24cr x1mh8g0r x1vvkbs xtlvy1s x126k92a\">\n<div dir=\"auto\"><strong>LAS CARRERAS EN LA UNSAdA (Universidad Nacional de San Antonio de Areco) en CAPILLA DEL SE\u00d1OR.<\/strong><\/div>\n<\/div>\n<p><!--more--><em><strong>Inscripciones:<\/strong><\/em><\/p>\n<div dir=\"auto\"><\/div>\n<div class=\"x11i5rnm xat24cr x1mh8g0r x1vvkbs xtlvy1s x126k92a\">\n<div dir=\"auto\">.ANALISTA EN INFORM\u00c1TICA (3 a\u00f1os)<\/div>\n<div dir=\"auto\">.TECNICATURA UNIVERSITARIA EN ACOMPA\u00d1AMIENTO TERAP\u00c9UTICO<\/div>\n<div dir=\"auto\">.CICLO DE LICENCIATURA EN SEGURIDAD E HIGIENE EN EL TRABAJO (2 a\u00f1os)<\/div>\n<\/div>\n<div class=\"x11i5rnm xat24cr x1mh8g0r x1vvkbs xtlvy1s x126k92a\">\n<div dir=\"auto\">FORMULARIO <span class=\"x3nfvp2 x1j61x8r x1fcty0u xdj266r xhhsvwb xat24cr xgzva0m xxymvpz xlup9mm x1kky2od\"><img loading=\"lazy\" decoding=\"async\" src=\"https:\/\/static.xx.fbcdn.net\/images\/emoji.php\/v9\/t8a\/1\/16\/1f447_1f3fb.png\" alt=\"\ud83d\udc47\ud83c\udffb\" width=\"16\" height=\"16\" \/><\/span><\/div>\n<div dir=\"auto\"><a class=\"x1i10hfl xjbqb8w x6umtig x1b1mbwd xaqea5y xav7gou x9f619 x1ypdohk xt0psk2 xe8uvvx xdj266r x11i5rnm xat24cr x1mh8g0r xexx8yu x4uap5 x18d9i69 xkhd6sd x16tdsg8 x1hl2dhg xggy1nq x1a2a7pz xt0b8zv x1fey0fg\" tabindex=\"0\" role=\"link\" href=\"https:\/\/preinscripcion2023.unsada.edu.ar\/preinscripcion2023\/?fbclid=IwAR24-WRMNW_LiXZF1EKKXLFcxzIjaxZ4YVL7LyypGyQy2ERqlAvpxm2LufY\" target=\"_blank\" rel=\"nofollow noopener\">https:\/\/preinscripcion2023.unsada.edu.ar\/preinscripci&#8230;\/&#8230;<\/a><\/div>\n<\/div>\n<div class=\"x11i5rnm xat24cr x1mh8g0r x1vvkbs xtlvy1s x126k92a\">\n<div dir=\"auto\"><\/div>\n<div dir=\"auto\">IMPORTANTE: una vez completo el formulario, imprimirlo y presentarlo en la Secretar\u00eda de Pol\u00edticas Educativas; de lunes a viernes de 8 a 14 hs en Casa de la Cultura, Rivadavia 506, Capilla del Se\u00f1or junto a:<\/div>\n<div dir=\"auto\">.Foto 4&#215;4<\/div>\n<div dir=\"auto\">.Fotocopia DNI<\/div>\n<div dir=\"auto\">.Fotocopia anal\u00edtico o certificado de t\u00edtulo en tr\u00e1mite.<\/div>\n<\/div>\n<div class=\"x11i5rnm xat24cr x1mh8g0r x1vvkbs xtlvy1s x126k92a\">\n<div dir=\"auto\">Presentarse en la Secretar\u00eda de Pol\u00edticas Educativas. De lunes a viernes de 8 a 14 hs en Casa de la Cultura, Rivadavia 506, Capilla del Se\u00f1or.<\/div>\n<\/div>\n<div class=\"x11i5rnm xat24cr x1mh8g0r x1vvkbs xtlvy1s x126k92a\">\n<div dir=\"auto\">@muniexaltaciondelacruz<\/div>\n<\/div>\n","protected":false},"excerpt":{"rendered":"<p>LAS CARRERAS EN LA UNSAdA (Universidad Nacional de San Antonio de Areco) en CAPILLA DEL SE\u00d1OR.<\/p>\n","protected":false},"author":3,"featured_media":19617,"comment_status":"open","ping_status":"open","sticky":false,"template":"","format":"standard","meta":{"footnotes":"","jetpack_publicize_message":"","jetpack_publicize_feature_enabled":true,"jetpack_social_post_already_shared":false,"jetpack_social_options":{"image_generator_settings":{"template":"highway","default_image_id":0,"font":"","enabled":false},"version":2}},"categories":[13],"tags":[],"class_list":["post-19596","post","type-post","status-publish","format-standard","has-post-thumbnail","hentry","category-interes-general"],"jetpack_publicize_connections":[],"jetpack_featured_media_url":"https:\/\/revistaepocadigital.com.ar\/wp-content\/uploads\/2023\/02\/alumno-univ-sa-areco.webp","jetpack_likes_enabled":true,"_links":{"self":[{"href":"https:\/\/revistaepocadigital.com.ar\/index.php?rest_route=\/wp\/v2\/posts\/19596","targetHints":{"allow":["GET"]}}],"collection":[{"href":"https:\/\/revistaepocadigital.com.ar\/index.php?rest_route=\/wp\/v2\/posts"}],"about":[{"href":"https:\/\/revistaepocadigital.com.ar\/index.php?rest_route=\/wp\/v2\/types\/post"}],"author":[{"embeddable":true,"href":"https:\/\/revistaepocadigital.com.ar\/index.php?rest_route=\/wp\/v2\/users\/3"}],"replies":[{"embeddable":true,"href":"https:\/\/revistaepocadigital.com.ar\/index.php?rest_route=%2Fwp%2Fv2%2Fcomments&post=19596"}],"version-history":[{"count":0,"href":"https:\/\/revistaepocadigital.com.ar\/index.php?rest_route=\/wp\/v2\/posts\/19596\/revisions"}],"wp:featuredmedia":[{"embeddable":true,"href":"https:\/\/revistaepocadigital.com.ar\/index.php?rest_route=\/wp\/v2\/media\/19617"}],"wp:attachment":[{"href":"https:\/\/revistaepocadigital.com.ar\/index.php?rest_route=%2Fwp%2Fv2%2Fmedia&parent=19596"}],"wp:term":[{"taxonomy":"category","embeddable":true,"href":"https:\/\/revistaepocadigital.com.ar\/index.php?rest_route=%2Fwp%2Fv2%2Fcategories&post=19596"},{"taxonomy":"post_tag","embeddable":true,"href":"https:\/\/revistaepocadigital.com.ar\/index.php?rest_route=%2Fwp%2Fv2%2Ftags&post=19596"}],"curies":[{"name":"wp","href":"https:\/\/api.w.org\/{rel}","templated":true}]}}