{"id":1960,"date":"2019-03-18T20:40:50","date_gmt":"2019-03-18T23:40:50","guid":{"rendered":"https:\/\/revistaepocadigital.com.ar\/?p=1960"},"modified":"2019-03-19T20:41:19","modified_gmt":"2019-03-19T23:41:19","slug":"esta-cronica-podria-titularse-pensando-en-la-gente","status":"publish","type":"post","link":"https:\/\/revistaepocadigital.com.ar\/?p=1960","title":{"rendered":"ESTA CRONICA PODR\u00cdA TITULARSE, &#8220;PENSANDO EN LA GENTE&#8221;."},"content":{"rendered":"<p><strong>LA CUESTION, EL ESTADO DEL SISTEMA DE SEGURIDAD EN EL DISTRITO.<\/strong><!--more--><\/p>\n<p>Nos hemos ocupado del tema, <strong>central por cierto<\/strong>. Veamos a modo de cr\u00f3nica con otro enfoque de la problem\u00e1tica, seg\u00fan lo sucedido en los \u00faltimos d\u00edas, y los interrogantes que dejaron planteados. Reconstru\u00edmos di\u00e1logos informales mantenidos con <strong>vecinos de Exaltaci\u00f3n de la Cruz.<\/strong><\/p>\n<p><strong>DOMINGO 10 DE MARZO<\/strong>: Los vecinos autoconvocados de Cardales se re\u00fanen en la Plaza con los comisarios de la polic\u00eda, Manteiga y Torres, para pedir por seguridad, a ra\u00edz de una serie de robos que pusieron en alerta a todo el pueblo. Deciden redactar un petitorio para presentar ante las autoridades municipales y provinciales.<\/p>\n<p><strong>MARTES 12<\/strong>: En la sesi\u00f3n del HCD, el bloque de Defensa Comunal presenta un proyecto de comunicaci\u00f3n solicitando concertar una reuni\u00f3n con el ministro de seguridad, Cristian Ritondo, el intendente, su secretario de seguridad y los concejales. El concejal Mart\u00edn David defiende el pedido de reuni\u00f3n, diciendo que desde el gobierno de la provincia no se env\u00edan recursos suficientes, y acota que el municipio hace frente a gastos que debieran ser compartidos; a suvez reclama por m\u00f3viles ya que muchos de los existentes son viejos y circulan las 24 horas, con el consiguiente desgaste. El titular del cuerpo, Ra\u00fal Sancho pide la banca y desde all\u00ed, responde que el municipio firm\u00f3 en 2014, un convenio para tener Polic\u00eda Comunal, y que deb\u00eda ser sostenida por recursos provinciales y muncipales, y luego menciona que se deben reveer los gastos dado que la gesti\u00f3n no puede gastar m\u00e1s en corte de pasto que en seguridad. Estos dichos generan un fuerte debate, que se extiende durante casi una hora. Desde diferentes bancas del oficialismo y Unidad Ciudadana reclaman por la crisis econ\u00f3mica y la falta de asistencia de la provincia. A la hora de votar el acompa\u00f1amiento o no, al pedido de reuni\u00f3n con Ritondo, de los trece concejales presentes, tres votan en negativo (Ra\u00fal Sancho, Claudio Gonzalez y Ariel Herling) y diez por la afirmativa, entre ellos Graciela Venturino, perteneciente al bloque Cambiemos que se diferencia de sus compa\u00f1eros de bloque, y quien al hablar, plantea el miedo que viven los vecinos en la actualidad ante la ola de inseguridad tanto en Los Cardales como el Corredor de la Ruta 8, y reclama que el municipio y Sancho en l\u00ednea con el gobierno provincial, prioricen a la gente y su preocupaci\u00f3n.<\/p>\n<p><strong>MI\u00c9RCOLES 13:<\/strong> Ra\u00fal Sancho denuncia desde las redes sociales, la ausencia de S\u00e1nchez a una reuni\u00f3n de intendentes convocada por Ritondo d\u00edas atr\u00e1s. Y marca que dicha ausencia se debe a la falta de inter\u00e9s de la gesti\u00f3n municipal en el tema.<\/p>\n<p><strong>JUEVES 14<\/strong>: El municipio convoca a una rueda de prensa. Sanchez, Guillermo Flores y Mar\u00eda Luz Bozzani, arremeten contra el ministro de seguridad y contra Sancho, con inusitada y para nada habitual encrespamiento. Al presidente del HCD, lo acusan de trabar las gestiones con el ministro.<\/p>\n<p><strong>VIERNES 15<\/strong>: Nuevamente desde las redes, Sancho comunica a la poblaci\u00f3n exaltacruce\u00f1a con foto con Ritondo inclu\u00edda, su reuni\u00f3n de ese d\u00eda con Ritondo y luego anuncia la llegada de cuatro camionetas y m\u00e1s dinero para combustible para los m\u00f3viles policiales.<\/p>\n<p>&#8230;&#8230;&#8230;&#8230;&#8230;&#8230;&#8230;<\/p>\n<p>Hasta aqu\u00ed el raconto elaborado acerca de como fueron sucediendo los hechos, que derivar\u00edan en el env\u00edo de los mencionados recursos, que en d\u00edas m\u00e1s estar\u00e1n a disposici\u00f3n de todos los exaltacrucenses.<\/p>\n<p>La pregunta cargada de l\u00f3gica, recogida de boca de varios vecinos es: \u00bfera necesario todo este triste espect\u00e1culo de dimes y diretes para conseguir que los recursos llegasen a Exaltaci\u00f3n de la Cruz?<\/p>\n<p>Vale ahora la reflexion escuchada por EPOCA, de un conocido vecino empresario:<em> &#8220;Si el municipio siente que no puede hacer frente al costo que le supone tener una Polic\u00eda Comunal, \u00bfpor qu\u00e9 no se replantea volver a dejar en manos de <\/em><em>la provincia la seguridad?&#8221;<\/em>. Y por otro lado, se pregunt\u00f3, &#8220;<em>si el Dr. Sancho ten\u00eda la capacidad de llegada y <\/em>gesti\u00f3n ante el ministerio de seguridad, \u00bfpor qu\u00e9 no acerc\u00f3 antes los recursos que lejos de ser un beneficio para el ejecutivo municipal, lo es para los vecinos?<\/p>\n<p>Como ha sido mencionado por EPOCA, transitando el mes de marzo, nos esperan largos meses hasta las elecciones de octubre, que tienen m\u00e1s que nerviosos y ansiosos a m\u00e1s de uno en el oficialismo y oposici\u00f3n, y que van a definir nada mes al partido y el candidato que ser\u00e1 el intendente por los siguientes cuatro a\u00f1os. \u00bfTendr\u00e1n los vecinos del distrito que tolerar m\u00e1s desatinos y falta de consideraci\u00f3n, en momentos en que pareciera ser que la gente es nuevamente la moneda de cambio en la disputa entre la tan prolongada gesti\u00f3n municipal y el l\u00edder de la oposici\u00f3n?<\/p>\n<p>Acaso en Exaltaci\u00f3n de la Cruz, uno de los distritos m\u00e1s peque\u00f1os de la provincia, todo tantos habitantes se conocen y muchos de tantos a\u00f1os, deber\u00eda haber llegado la hora de que unos y otros se pongan a trabajar por la comunidad, echando por la borda mezquindades pol\u00edticas y pensando en el bien com\u00fan. \u00bfPosibilidad o quimera?<\/p>\n<p>Salute!<\/p>\n","protected":false},"excerpt":{"rendered":"<p>LA CUESTION, EL ESTADO DEL SISTEMA DE SEGURIDAD EN EL DISTRITO.<\/p>\n","protected":false},"author":4,"featured_media":1964,"comment_status":"open","ping_status":"open","sticky":false,"template":"","format":"standard","meta":{"footnotes":"","jetpack_publicize_message":"","jetpack_publicize_feature_enabled":true,"jetpack_social_post_already_shared":false,"jetpack_social_options":{"image_generator_settings":{"template":"highway","default_image_id":0,"font":"","enabled":false},"version":2}},"categories":[17],"tags":[266],"class_list":["post-1960","post","type-post","status-publish","format-standard","has-post-thumbnail","hentry","category-politica","tag-segi-cc"],"jetpack_publicize_connections":[],"jetpack_featured_media_url":"https:\/\/revistaepocadigital.com.ar\/wp-content\/uploads\/2019\/03\/vecinos.jpg","jetpack_likes_enabled":true,"_links":{"self":[{"href":"https:\/\/revistaepocadigital.com.ar\/index.php?rest_route=\/wp\/v2\/posts\/1960","targetHints":{"allow":["GET"]}}],"collection":[{"href":"https:\/\/revistaepocadigital.com.ar\/index.php?rest_route=\/wp\/v2\/posts"}],"about":[{"href":"https:\/\/revistaepocadigital.com.ar\/index.php?rest_route=\/wp\/v2\/types\/post"}],"author":[{"embeddable":true,"href":"https:\/\/revistaepocadigital.com.ar\/index.php?rest_route=\/wp\/v2\/users\/4"}],"replies":[{"embeddable":true,"href":"https:\/\/revistaepocadigital.com.ar\/index.php?rest_route=%2Fwp%2Fv2%2Fcomments&post=1960"}],"version-history":[{"count":0,"href":"https:\/\/revistaepocadigital.com.ar\/index.php?rest_route=\/wp\/v2\/posts\/1960\/revisions"}],"wp:featuredmedia":[{"embeddable":true,"href":"https:\/\/revistaepocadigital.com.ar\/index.php?rest_route=\/wp\/v2\/media\/1964"}],"wp:attachment":[{"href":"https:\/\/revistaepocadigital.com.ar\/index.php?rest_route=%2Fwp%2Fv2%2Fmedia&parent=1960"}],"wp:term":[{"taxonomy":"category","embeddable":true,"href":"https:\/\/revistaepocadigital.com.ar\/index.php?rest_route=%2Fwp%2Fv2%2Fcategories&post=1960"},{"taxonomy":"post_tag","embeddable":true,"href":"https:\/\/revistaepocadigital.com.ar\/index.php?rest_route=%2Fwp%2Fv2%2Ftags&post=1960"}],"curies":[{"name":"wp","href":"https:\/\/api.w.org\/{rel}","templated":true}]}}