{"id":19623,"date":"2023-02-06T02:33:37","date_gmt":"2023-02-06T05:33:37","guid":{"rendered":"https:\/\/revistaepocadigital.com.ar\/?p=19623"},"modified":"2023-02-06T02:33:37","modified_gmt":"2023-02-06T05:33:37","slug":"vamos-a-ver-a-river-al-monumental-todos-los-partidos","status":"publish","type":"post","link":"https:\/\/revistaepocadigital.com.ar\/?p=19623","title":{"rendered":"\u00a1Vamos a ver a River al Monumental todos los partidos!"},"content":{"rendered":"<p><strong>COMENZ\u00d3 EL TORNEO DE F\u00daTBOL DE PRIMERA DIVISI\u00d3N, Y COMIENZA LA TEMPORADA 2023 PARA RIVER CAPILLA.<\/strong><!--more--><\/p>\n<p>River ha iniciado una nueva etapa, y los hinchas aguardan ansiosos que prosigan los triunfos y logros. Y en lo inmediato, est\u00e1n en la cuenta regresiva con vistas al primer partido como local en el remozado estadio Monumental.<\/p>\n<p>\u00bfY c\u00f3mo espera River Capilla el momento?. Vos que sos <em>millo<\/em>, fijate bien.<\/p>\n<p><img loading=\"lazy\" decoding=\"async\" class=\"aligncenter size-large wp-image-19625\" src=\"https:\/\/revistaepocadigital.com.ar\/wp-content\/uploads\/2023\/02\/moras-riv-675x1200.jpg\" alt=\"\" width=\"675\" height=\"1200\" srcset=\"https:\/\/revistaepocadigital.com.ar\/wp-content\/uploads\/2023\/02\/moras-riv-675x1200.jpg 675w, https:\/\/revistaepocadigital.com.ar\/wp-content\/uploads\/2023\/02\/moras-riv-169x300.jpg 169w, https:\/\/revistaepocadigital.com.ar\/wp-content\/uploads\/2023\/02\/moras-riv-768x1365.jpg 768w, https:\/\/revistaepocadigital.com.ar\/wp-content\/uploads\/2023\/02\/moras-riv-864x1536.jpg 864w, https:\/\/revistaepocadigital.com.ar\/wp-content\/uploads\/2023\/02\/moras-riv-696x1237.jpg 696w, https:\/\/revistaepocadigital.com.ar\/wp-content\/uploads\/2023\/02\/moras-riv-236x420.jpg 236w, https:\/\/revistaepocadigital.com.ar\/wp-content\/uploads\/2023\/02\/moras-riv-473x840.jpg 473w, https:\/\/revistaepocadigital.com.ar\/wp-content\/uploads\/2023\/02\/moras-riv.jpg 900w\" sizes=\"auto, (max-width: 675px) 100vw, 675px\" \/><br \/>\n<em>&#8220;Se extra\u00f1a la cancha, estamos a d\u00edas de volver, preparando banderas, bombos para que arranque la inigualable fiesta de River&#8221;,<\/em> comentaron a EPOCA desde River Capilla.<\/p>\n<p><em>&#8220;El 2023 para River Capilla, se direcciona hacia el crecimiento, por eso queremos que cualquier vecino simpatizante de River, sepa que vamos a ofrecer colectivo para ir a todos los partidos a jugarse en el Monumental, y desde ya, deseamos que sea un a\u00f1o exitoso a nivel deportivo<\/em>&#8220;, apuntaron entusiasmados desde la agrupaci\u00f3n cada vez m\u00e1s numerosa.<\/p>\n<p>Sin dudas que contar con un medio de transporte para los riverplanteses de Exaltaci\u00f3n de la Cruz y la zona, para viajar al Monumental ante cada partido oficial de River, pr\u00e1cticamente puerta a puerta, resulta muy pr\u00e1ctico, c\u00f3modo y beneficioso.<\/p>\n<p>Contactate: Tel: 11-3730-5513 &#8211;\u00a0 Facebook: River Capilla<\/p>\n<p>&nbsp;<\/p>\n","protected":false},"excerpt":{"rendered":"<p>COMENZ\u00d3 EL TORNEO DE F\u00daTBOL DE PRIMERA DIVISI\u00d3N, Y COMIENZA LA TEMPORADA 2023 PARA RIVER CAPILLA.<\/p>\n","protected":false},"author":3,"featured_media":19625,"comment_status":"open","ping_status":"open","sticky":false,"template":"","format":"standard","meta":{"footnotes":"","jetpack_publicize_message":"","jetpack_publicize_feature_enabled":true,"jetpack_social_post_already_shared":false,"jetpack_social_options":{"image_generator_settings":{"template":"highway","default_image_id":0,"font":"","enabled":false},"version":2}},"categories":[9],"tags":[1470,1855],"class_list":["post-19623","post","type-post","status-publish","format-standard","has-post-thumbnail","hentry","category-deportes","tag-las-moras","tag-river-capilla"],"jetpack_publicize_connections":[],"jetpack_featured_media_url":"https:\/\/revistaepocadigital.com.ar\/wp-content\/uploads\/2023\/02\/moras-riv.jpg","jetpack_likes_enabled":true,"_links":{"self":[{"href":"https:\/\/revistaepocadigital.com.ar\/index.php?rest_route=\/wp\/v2\/posts\/19623","targetHints":{"allow":["GET"]}}],"collection":[{"href":"https:\/\/revistaepocadigital.com.ar\/index.php?rest_route=\/wp\/v2\/posts"}],"about":[{"href":"https:\/\/revistaepocadigital.com.ar\/index.php?rest_route=\/wp\/v2\/types\/post"}],"author":[{"embeddable":true,"href":"https:\/\/revistaepocadigital.com.ar\/index.php?rest_route=\/wp\/v2\/users\/3"}],"replies":[{"embeddable":true,"href":"https:\/\/revistaepocadigital.com.ar\/index.php?rest_route=%2Fwp%2Fv2%2Fcomments&post=19623"}],"version-history":[{"count":0,"href":"https:\/\/revistaepocadigital.com.ar\/index.php?rest_route=\/wp\/v2\/posts\/19623\/revisions"}],"wp:featuredmedia":[{"embeddable":true,"href":"https:\/\/revistaepocadigital.com.ar\/index.php?rest_route=\/wp\/v2\/media\/19625"}],"wp:attachment":[{"href":"https:\/\/revistaepocadigital.com.ar\/index.php?rest_route=%2Fwp%2Fv2%2Fmedia&parent=19623"}],"wp:term":[{"taxonomy":"category","embeddable":true,"href":"https:\/\/revistaepocadigital.com.ar\/index.php?rest_route=%2Fwp%2Fv2%2Fcategories&post=19623"},{"taxonomy":"post_tag","embeddable":true,"href":"https:\/\/revistaepocadigital.com.ar\/index.php?rest_route=%2Fwp%2Fv2%2Ftags&post=19623"}],"curies":[{"name":"wp","href":"https:\/\/api.w.org\/{rel}","templated":true}]}}