{"id":19628,"date":"2023-02-10T02:58:29","date_gmt":"2023-02-10T05:58:29","guid":{"rendered":"https:\/\/revistaepocadigital.com.ar\/?p=19628"},"modified":"2023-02-11T11:59:27","modified_gmt":"2023-02-11T14:59:27","slug":"el-controversial-censo-2022-somos-los-que-somos","status":"publish","type":"post","link":"https:\/\/revistaepocadigital.com.ar\/?p=19628","title":{"rendered":"EL CONTROVERSIAL CENSO 2022. \u00bfSOMOS LOS QUE SOMOS?"},"content":{"rendered":"<p><strong>FIJATE ESTE CUADRO.<\/strong><!--more--><\/p>\n<p>Los habitantes arrojados por el Censo 2022 en la Argentina y en Exaltaci\u00f3n de la Cruz. A prop\u00f3sito en nuestro distrito, &#8220;empate t\u00e9cnico&#8221; en el n\u00famero de hombres y mujeres. Curioso.<\/p>\n<p>&nbsp;<\/p>\n<p><img loading=\"lazy\" decoding=\"async\" class=\"aligncenter size-full wp-image-19629\" src=\"https:\/\/revistaepocadigital.com.ar\/wp-content\/uploads\/2023\/02\/censo.jpg\" alt=\"\" width=\"526\" height=\"456\" srcset=\"https:\/\/revistaepocadigital.com.ar\/wp-content\/uploads\/2023\/02\/censo.jpg 526w, https:\/\/revistaepocadigital.com.ar\/wp-content\/uploads\/2023\/02\/censo-300x260.jpg 300w, https:\/\/revistaepocadigital.com.ar\/wp-content\/uploads\/2023\/02\/censo-484x420.jpg 484w\" sizes=\"auto, (max-width: 526px) 100vw, 526px\" \/><\/p>\n","protected":false},"excerpt":{"rendered":"<p>FIJATE ESTE CUADRO.<\/p>\n","protected":false},"author":4,"featured_media":19629,"comment_status":"open","ping_status":"open","sticky":false,"template":"","format":"standard","meta":{"footnotes":"","jetpack_publicize_message":"","jetpack_publicize_feature_enabled":true,"jetpack_social_post_already_shared":false,"jetpack_social_options":{"image_generator_settings":{"template":"highway","default_image_id":0,"font":"","enabled":false},"version":2}},"categories":[17],"tags":[1813],"class_list":["post-19628","post","type-post","status-publish","format-standard","has-post-thumbnail","hentry","category-politica","tag-censo-2022"],"jetpack_publicize_connections":[],"jetpack_featured_media_url":"https:\/\/revistaepocadigital.com.ar\/wp-content\/uploads\/2023\/02\/censo.jpg","jetpack_likes_enabled":true,"_links":{"self":[{"href":"https:\/\/revistaepocadigital.com.ar\/index.php?rest_route=\/wp\/v2\/posts\/19628","targetHints":{"allow":["GET"]}}],"collection":[{"href":"https:\/\/revistaepocadigital.com.ar\/index.php?rest_route=\/wp\/v2\/posts"}],"about":[{"href":"https:\/\/revistaepocadigital.com.ar\/index.php?rest_route=\/wp\/v2\/types\/post"}],"author":[{"embeddable":true,"href":"https:\/\/revistaepocadigital.com.ar\/index.php?rest_route=\/wp\/v2\/users\/4"}],"replies":[{"embeddable":true,"href":"https:\/\/revistaepocadigital.com.ar\/index.php?rest_route=%2Fwp%2Fv2%2Fcomments&post=19628"}],"version-history":[{"count":0,"href":"https:\/\/revistaepocadigital.com.ar\/index.php?rest_route=\/wp\/v2\/posts\/19628\/revisions"}],"wp:featuredmedia":[{"embeddable":true,"href":"https:\/\/revistaepocadigital.com.ar\/index.php?rest_route=\/wp\/v2\/media\/19629"}],"wp:attachment":[{"href":"https:\/\/revistaepocadigital.com.ar\/index.php?rest_route=%2Fwp%2Fv2%2Fmedia&parent=19628"}],"wp:term":[{"taxonomy":"category","embeddable":true,"href":"https:\/\/revistaepocadigital.com.ar\/index.php?rest_route=%2Fwp%2Fv2%2Fcategories&post=19628"},{"taxonomy":"post_tag","embeddable":true,"href":"https:\/\/revistaepocadigital.com.ar\/index.php?rest_route=%2Fwp%2Fv2%2Ftags&post=19628"}],"curies":[{"name":"wp","href":"https:\/\/api.w.org\/{rel}","templated":true}]}}