{"id":1965,"date":"2019-03-21T15:51:21","date_gmt":"2019-03-21T18:51:21","guid":{"rendered":"https:\/\/revistaepocadigital.com.ar\/?p=1965"},"modified":"2019-03-21T16:11:02","modified_gmt":"2019-03-21T19:11:02","slug":"feria-de-colectividades-unidas-cultura-a-colaborar-con-el-pequeno-hogar","status":"publish","type":"post","link":"https:\/\/revistaepocadigital.com.ar\/?p=1965","title":{"rendered":"Feria de Colectividades Unidas Cultura, \u00a1a colaborar con el Peque\u00f1o Hogar!"},"content":{"rendered":"<p><strong>EN EL VERED\u00d3N.<\/strong><!--more--><\/p>\n<p>Un evento que depara inter\u00e9s, a beneficio del <strong>Peque\u00f1o Hogar Exaltaci\u00f3n,<\/strong> una de las instituciones m\u00e1s destacadas de <strong>Exaltaci\u00f3n de la Cruz<\/strong> y la zona. Se lleva adelante este fin de semana en <strong>El Vered\u00f3n<\/strong>, ubicado en el ingreso a <strong>Capilla del Se\u00f1or.<\/strong><\/p>\n<p>&nbsp;<\/p>\n<p><img loading=\"lazy\" decoding=\"async\" class=\"aligncenter size-full wp-image-1966\" src=\"https:\/\/revistaepocadigital.com.ar\/wp-content\/uploads\/2019\/03\/hogar.jpg\" alt=\"\" width=\"720\" height=\"781\" srcset=\"https:\/\/revistaepocadigital.com.ar\/wp-content\/uploads\/2019\/03\/hogar.jpg 720w, https:\/\/revistaepocadigital.com.ar\/wp-content\/uploads\/2019\/03\/hogar-277x300.jpg 277w, https:\/\/revistaepocadigital.com.ar\/wp-content\/uploads\/2019\/03\/hogar-696x755.jpg 696w, https:\/\/revistaepocadigital.com.ar\/wp-content\/uploads\/2019\/03\/hogar-387x420.jpg 387w\" sizes=\"auto, (max-width: 720px) 100vw, 720px\" \/><\/p>\n<p>&nbsp;<\/p>\n<p>Organiza:<img loading=\"lazy\" decoding=\"async\" class=\"aligncenter size-full wp-image-1973\" src=\"https:\/\/revistaepocadigital.com.ar\/wp-content\/uploads\/2019\/03\/logo-peq-hogar.jpg\" alt=\"\" width=\"161\" height=\"121\" srcset=\"https:\/\/revistaepocadigital.com.ar\/wp-content\/uploads\/2019\/03\/logo-peq-hogar.jpg 161w, https:\/\/revistaepocadigital.com.ar\/wp-content\/uploads\/2019\/03\/logo-peq-hogar-80x60.jpg 80w, https:\/\/revistaepocadigital.com.ar\/wp-content\/uploads\/2019\/03\/logo-peq-hogar-160x120.jpg 160w\" sizes=\"auto, (max-width: 161px) 100vw, 161px\" \/><\/p>\n","protected":false},"excerpt":{"rendered":"<p>EN EL VERED\u00d3N.<\/p>\n","protected":false},"author":3,"featured_media":1972,"comment_status":"open","ping_status":"open","sticky":false,"template":"","format":"standard","meta":{"footnotes":"","jetpack_publicize_message":"","jetpack_publicize_feature_enabled":true,"jetpack_social_post_already_shared":false,"jetpack_social_options":{"image_generator_settings":{"template":"highway","default_image_id":0,"font":"","enabled":false},"version":2}},"categories":[13],"tags":[268,267],"class_list":["post-1965","post","type-post","status-publish","format-standard","has-post-thumbnail","hentry","category-interes-general","tag-feria","tag-pequeno-hogar-exaltacion"],"jetpack_publicize_connections":[],"jetpack_featured_media_url":"https:\/\/revistaepocadigital.com.ar\/wp-content\/uploads\/2019\/03\/ho.jpg","jetpack_likes_enabled":true,"_links":{"self":[{"href":"https:\/\/revistaepocadigital.com.ar\/index.php?rest_route=\/wp\/v2\/posts\/1965","targetHints":{"allow":["GET"]}}],"collection":[{"href":"https:\/\/revistaepocadigital.com.ar\/index.php?rest_route=\/wp\/v2\/posts"}],"about":[{"href":"https:\/\/revistaepocadigital.com.ar\/index.php?rest_route=\/wp\/v2\/types\/post"}],"author":[{"embeddable":true,"href":"https:\/\/revistaepocadigital.com.ar\/index.php?rest_route=\/wp\/v2\/users\/3"}],"replies":[{"embeddable":true,"href":"https:\/\/revistaepocadigital.com.ar\/index.php?rest_route=%2Fwp%2Fv2%2Fcomments&post=1965"}],"version-history":[{"count":0,"href":"https:\/\/revistaepocadigital.com.ar\/index.php?rest_route=\/wp\/v2\/posts\/1965\/revisions"}],"wp:featuredmedia":[{"embeddable":true,"href":"https:\/\/revistaepocadigital.com.ar\/index.php?rest_route=\/wp\/v2\/media\/1972"}],"wp:attachment":[{"href":"https:\/\/revistaepocadigital.com.ar\/index.php?rest_route=%2Fwp%2Fv2%2Fmedia&parent=1965"}],"wp:term":[{"taxonomy":"category","embeddable":true,"href":"https:\/\/revistaepocadigital.com.ar\/index.php?rest_route=%2Fwp%2Fv2%2Fcategories&post=1965"},{"taxonomy":"post_tag","embeddable":true,"href":"https:\/\/revistaepocadigital.com.ar\/index.php?rest_route=%2Fwp%2Fv2%2Ftags&post=1965"}],"curies":[{"name":"wp","href":"https:\/\/api.w.org\/{rel}","templated":true}]}}