{"id":19669,"date":"2023-02-08T10:48:58","date_gmt":"2023-02-08T13:48:58","guid":{"rendered":"https:\/\/revistaepocadigital.com.ar\/?p=19669"},"modified":"2023-02-13T02:40:48","modified_gmt":"2023-02-13T05:40:48","slug":"no-podian-faltar-vuelve-el-carnaval-a-exaltacion-de-la-cruz","status":"publish","type":"post","link":"https:\/\/revistaepocadigital.com.ar\/?p=19669","title":{"rendered":"\u00a1NO POD\u00cdAN FALTAR!, VOLVIERON LO CORSOS A EXALTACI\u00d3N DE LA CRUZ!"},"content":{"rendered":"<div class=\"\" dir=\"auto\">\n<div id=\"jsc_c_3s\" class=\"x1iorvi4 x1pi30zi x1swvt13 x1l90r2v\" data-ad-comet-preview=\"message\" data-ad-preview=\"message\">\n<div class=\"x78zum5 xdt5ytf xz62fqu x16ldp7u\">\n<div class=\"xu06os2 x1ok221b\">\n<div class=\"x11i5rnm xat24cr x1mh8g0r x1vvkbs xdj266r x126k92a\">\n<div dir=\"auto\">\n<div class=\"mceTemp\"><\/div>\n<p><strong><span class=\"x3nfvp2 x1j61x8r x1fcty0u xdj266r xhhsvwb xat24cr xgzva0m xxymvpz xlup9mm x1kky2od\">UNO DE LOS ESPECT\u00c1CULOS M\u00c1S TRADICIONALES EN EL DISTRITO.<\/span><\/strong><\/p>\n<\/div>\n<\/div>\n<div dir=\"auto\"><\/div>\n<div dir=\"auto\"><em><strong>EL S\u00c1BADO 11 TUVO LUGAR EL PRE CARNAVAL EN LA PLAZA SAN MART\u00cdN EN CAPILLA DEL SE\u00d1OR, CON BUENA CONCURRENCIA DE GENTE<\/strong><\/em>.<\/div>\n<div class=\"x11i5rnm xat24cr x1mh8g0r x1vvkbs xdj266r x126k92a\">\n<div dir=\"auto\"><strong><span class=\"x3nfvp2 x1j61x8r x1fcty0u xdj266r xhhsvwb xat24cr xgzva0m xxymvpz xlup9mm x1kky2od\"><!--more--><\/span><\/strong><\/div>\n<\/div>\n<\/div>\n<div dir=\"auto\"><\/div>\n<div class=\"xu06os2 x1ok221b\">\n<div class=\"x11i5rnm xat24cr x1mh8g0r x1vvkbs xtlvy1s x126k92a\">\n<div dir=\"auto\">Los Carnavales en Exaltaci\u00f3n de la Cruz, en forma invariable, siempre han producido gran atracci\u00f3n en los vecinos, a quienes con el transcurrir de las distintas ediciones, se fue sumando una nutrida y creciente cantidad de visitantes. La pandemia (que no debemos olvidar), impuso la pausa obligada.<\/div>\n<div dir=\"auto\"><\/div>\n<div dir=\"auto\"><strong>Este a\u00f1o, los corsos est\u00e1n con nosotros. Van este s\u00e1bado 18 de febrero en Capilla del Se\u00f1or, en su lugar, la Plaza San Mart\u00edn. El domingo 19 de febrero en Parada Robles en el Boulevard Central y el lunes 20 de febrero en el circuito de la Plaza Mitre en Los Cardales. La entrada en todos los casos, es libre y gratuita.<\/strong><\/div>\n<div dir=\"auto\"><\/div>\n<\/div>\n<div class=\"x11i5rnm xat24cr x1mh8g0r x1vvkbs xtlvy1s x126k92a\">\n<div dir=\"auto\">Se presentan: El Centro Murga Los Inquietos, Bater\u00eda La Mar\u00eda, Centro Murga Los Inigualables y la conocida y destacada comparsa Trimanday.<\/div>\n<\/div>\n<\/div>\n<\/div>\n<\/div>\n<\/div>\n<div dir=\"auto\"><\/div>\n<div class=\"\" dir=\"auto\">\n<div id=\"jsc_c_3s\" class=\"x1iorvi4 x1pi30zi x1swvt13 x1l90r2v\" data-ad-comet-preview=\"message\" data-ad-preview=\"message\">\n<div class=\"x78zum5 xdt5ytf xz62fqu x16ldp7u\">\n<div class=\"xu06os2 x1ok221b\">\n<div class=\"x11i5rnm xat24cr x1mh8g0r x1vvkbs xtlvy1s x126k92a\">\n<div dir=\"auto\">A su vez, los espect\u00e1culos tienen car\u00e1cter solidario, la venta de espuma es a beneficio del sistema de salud de cada una de las localidades. Las calles seguro, se van a ver con mucha gente, familias, amigos, visitantes. \u00a1Son los Carnavales!<\/div>\n<\/div>\n<\/div>\n<div dir=\"auto\">\n<p>&nbsp;<\/p>\n<p><strong>EL\u00a0 ADELANTO<\/strong><\/p>\n<figure id=\"attachment_19674\" aria-describedby=\"caption-attachment-19674\" style=\"width: 526px\" class=\"wp-caption aligncenter\"><img loading=\"lazy\" decoding=\"async\" class=\"size-full wp-image-19674\" src=\"https:\/\/revistaepocadigital.com.ar\/wp-content\/uploads\/2023\/02\/precar.jpg\" alt=\"\" width=\"526\" height=\"526\" srcset=\"https:\/\/revistaepocadigital.com.ar\/wp-content\/uploads\/2023\/02\/precar.jpg 526w, https:\/\/revistaepocadigital.com.ar\/wp-content\/uploads\/2023\/02\/precar-300x300.jpg 300w, https:\/\/revistaepocadigital.com.ar\/wp-content\/uploads\/2023\/02\/precar-150x150.jpg 150w, https:\/\/revistaepocadigital.com.ar\/wp-content\/uploads\/2023\/02\/precar-420x420.jpg 420w\" sizes=\"auto, (max-width: 526px) 100vw, 526px\" \/><figcaption id=\"caption-attachment-19674\" class=\"wp-caption-text\">Este s\u00e1bado 11, un adelanto.<\/figcaption><\/figure>\n<\/div>\n<\/div>\n<\/div>\n<\/div>\n","protected":false},"excerpt":{"rendered":"<p>UNO DE LOS ESPECT\u00c1CULOS M\u00c1S TRADICIONALES EN EL DISTRITO. EL S\u00c1BADO 11 TUVO LUGAR EL PRE CARNAVAL EN LA PLAZA SAN MART\u00cdN EN CAPILLA DEL SE\u00d1OR, CON BUENA CONCURRENCIA DE GENTE.<\/p>\n","protected":false},"author":4,"featured_media":19672,"comment_status":"open","ping_status":"open","sticky":false,"template":"","format":"standard","meta":{"footnotes":"","jetpack_publicize_message":"","jetpack_publicize_feature_enabled":true,"jetpack_social_post_already_shared":false,"jetpack_social_options":{"image_generator_settings":{"template":"highway","default_image_id":0,"font":"","enabled":false},"version":2}},"categories":[12],"tags":[2202],"class_list":["post-19669","post","type-post","status-publish","format-standard","has-post-thumbnail","hentry","category-espectaculos","tag-carnavales-2023"],"jetpack_publicize_connections":[],"jetpack_featured_media_url":"https:\/\/revistaepocadigital.com.ar\/wp-content\/uploads\/2023\/02\/trimann.jpg","jetpack_likes_enabled":true,"_links":{"self":[{"href":"https:\/\/revistaepocadigital.com.ar\/index.php?rest_route=\/wp\/v2\/posts\/19669","targetHints":{"allow":["GET"]}}],"collection":[{"href":"https:\/\/revistaepocadigital.com.ar\/index.php?rest_route=\/wp\/v2\/posts"}],"about":[{"href":"https:\/\/revistaepocadigital.com.ar\/index.php?rest_route=\/wp\/v2\/types\/post"}],"author":[{"embeddable":true,"href":"https:\/\/revistaepocadigital.com.ar\/index.php?rest_route=\/wp\/v2\/users\/4"}],"replies":[{"embeddable":true,"href":"https:\/\/revistaepocadigital.com.ar\/index.php?rest_route=%2Fwp%2Fv2%2Fcomments&post=19669"}],"version-history":[{"count":0,"href":"https:\/\/revistaepocadigital.com.ar\/index.php?rest_route=\/wp\/v2\/posts\/19669\/revisions"}],"wp:featuredmedia":[{"embeddable":true,"href":"https:\/\/revistaepocadigital.com.ar\/index.php?rest_route=\/wp\/v2\/media\/19672"}],"wp:attachment":[{"href":"https:\/\/revistaepocadigital.com.ar\/index.php?rest_route=%2Fwp%2Fv2%2Fmedia&parent=19669"}],"wp:term":[{"taxonomy":"category","embeddable":true,"href":"https:\/\/revistaepocadigital.com.ar\/index.php?rest_route=%2Fwp%2Fv2%2Fcategories&post=19669"},{"taxonomy":"post_tag","embeddable":true,"href":"https:\/\/revistaepocadigital.com.ar\/index.php?rest_route=%2Fwp%2Fv2%2Ftags&post=19669"}],"curies":[{"name":"wp","href":"https:\/\/api.w.org\/{rel}","templated":true}]}}