{"id":19683,"date":"2023-02-10T03:35:17","date_gmt":"2023-02-10T06:35:17","guid":{"rendered":"https:\/\/revistaepocadigital.com.ar\/?p=19683"},"modified":"2023-02-10T10:22:09","modified_gmt":"2023-02-10T13:22:09","slug":"el-caso-lucio-dupuy-lo-sucedido-pone-sobre-el-tapete-el-destrato-que-existe-hacia-las-infancias-opina-una-especialista","status":"publish","type":"post","link":"https:\/\/revistaepocadigital.com.ar\/?p=19683","title":{"rendered":"El caso Lucio Dupuy: &#8220;Lo sucedido pone sobre el tapete el destrato que existe hacia las infancias&#8221;. Opina una especialista"},"content":{"rendered":"<div class=\"I_ZkbNhI D_FY W_6D6F\" data-test-id=\"message-view-body\">\n<div class=\"msg-body P_wpofO mq_AS\" data-test-id=\"message-view-body-content\">\n<div class=\"jb_0 X_6MGW N_6Fd5\">\n<div id=\"yiv0608995623\">\n<p><strong>LOS PADECIDO HASTA SUS MUERTES POR EL CHICO LUCIO DUPUY Y POR EL JOVEN FERNANDO BAEZ SOSA, HAN CONMOVIDO HASTA EL ESPANTO AL PA\u00cdS.<!--more--><\/strong><\/p>\n<div class=\"I_ZkbNhI D_FY W_6D6F\" data-test-id=\"message-view-body\">\n<div class=\"msg-body P_wpofO mq_AS\" data-test-id=\"message-view-body-content\">\n<div class=\"jb_0 X_6MGW N_6Fd5\">\n<div id=\"yiv0608995623\">\n<p>M\u00e1s all\u00e1 de la esencial b\u00fasqueda y aplicaci\u00f3n de la justicia para los responsables, la sociedad argentina, intenta encontrar explicaciones, razones, a semejantes actos de irracionalidad y desbordes incalificables.<\/p>\n<p>En ese camino, EPOCA consult\u00f3 a una especialista acerca del caso de Lucio Dupuy, el ni\u00f1o que en La Pampa, encontr\u00f3 la muerte en espantosas circunstancias como es sabido.<\/p>\n<p>Columna opini\u00f3n<\/p>\n<p><img loading=\"lazy\" decoding=\"async\" class=\"alignleft size-full wp-image-19689\" src=\"https:\/\/revistaepocadigital.com.ar\/wp-content\/uploads\/2023\/02\/peula.png\" alt=\"\" width=\"143\" height=\"228\" \/>por Dina Nu\u00f1ez Peula<br \/>\nReferente de INADI en Exaltaci\u00f3n de la Cruz (BA)<br \/>\nPsicopedagoga Cl\u00ednica<br \/>\nR.M. 2763\/86<\/p>\n<p><em>&#8220;Hay situaciones que nos interpelan como sociedad, como personas parte de un colectivo social. donde la <strong>crianza est\u00e1 siendo devaluada y sometida al escarnio de un deseo compulsivo de hacer da\u00f1o<\/strong>. De provocar dolor, tom\u00e1ndose el derecho de terminar con la vida del otro, de eso otro, que es parte de nuestra creaci\u00f3n. <\/em><\/p>\n<p><em>Las escenas emitidas en los medios de comunicaci\u00f3n, <strong>nos dejan sin palabras. No hay expresi\u00f3n posible para describir semejante violaci\u00f3n a los derechos humanos.<\/strong><\/em><\/p>\n<p><em>Los cuerpos hablan, dejan huella en la mirada de quien atiende los casos. En cada consulta, en cada Sala de Espera.<strong> Esto nos implica a todos<\/strong> desde los c\u00f3digos deontol\u00f3gicos, y desde una pedagog\u00eda anclada a partir de los derechos.<\/em><\/p>\n<p><em>Lo sucedido pone sobre<strong> el tapete el destrato que existe hacia las infancias<\/strong>, porque existen cientos de casos, pero cuando uno sale a luz, nos consterna. Entonces,<strong> \u00bfqu\u00e9 m\u00e1s tiene que suceder para accionar desde una justicia voluntaria y libre de corrupci\u00f3n?<\/strong><\/em><\/p>\n<p><em><strong>Pensar en las infancias,<\/strong> es pensar en t\u00e9rminos de ternura, en protecci\u00f3n y garant\u00eda de derechos; en cuidados con amor, en juegos, en juguetes, en tesoros escondidos en alg\u00fan bolsillo.<\/em><\/p>\n<p><em>Cada suceso como el que vivimos con el peque\u00f1o Lucio Dupuy, nos ubica frente al <strong>deber de realizar un cambio radical respecto a los cuidados en la crianza, el verdadero amor que se siente por un hijo no tiene g\u00e9nero,<\/strong><\/em><\/p>\n<p><em><a rel=\"nofollow noopener noreferrer\" name=\"_gjdgxs\"><\/a><\/em><em>La sangre no define un v\u00ednculo y mucho menos el amor&#8221;.<\/em><\/p>\n<p>&nbsp;<\/p>\n<\/div>\n<\/div>\n<\/div>\n<\/div>\n<\/div>\n<\/div>\n<\/div>\n<\/div>\n<div class=\"H_7jIs D_F ab_C Q_69H5 E_36RhU\" data-test-id=\"toolbar-hover-area\">\n<div class=\"D_F W_6D6F r_BN gl_C\" data-test-id=\"card-toolbar\"><\/div>\n<\/div>\n","protected":false},"excerpt":{"rendered":"<p>LOS PADECIDO HASTA SUS MUERTES POR EL CHICO LUCIO DUPUY Y POR EL JOVEN FERNANDO BAEZ SOSA, HAN CONMOVIDO HASTA EL ESPANTO AL PA\u00cdS.<\/p>\n","protected":false},"author":3,"featured_media":19688,"comment_status":"open","ping_status":"open","sticky":false,"template":"","format":"standard","meta":{"footnotes":"","jetpack_publicize_message":"","jetpack_publicize_feature_enabled":true,"jetpack_social_post_already_shared":false,"jetpack_social_options":{"image_generator_settings":{"template":"highway","default_image_id":0,"font":"","enabled":false},"version":2}},"categories":[7,13],"tags":[2203],"class_list":["post-19683","post","type-post","status-publish","format-standard","has-post-thumbnail","hentry","category-columna-de-opinion","category-interes-general","tag-caso-dupuy"],"jetpack_publicize_connections":[],"jetpack_featured_media_url":"https:\/\/revistaepocadigital.com.ar\/wp-content\/uploads\/2023\/02\/violencia-infantil.jpg","jetpack_likes_enabled":true,"_links":{"self":[{"href":"https:\/\/revistaepocadigital.com.ar\/index.php?rest_route=\/wp\/v2\/posts\/19683","targetHints":{"allow":["GET"]}}],"collection":[{"href":"https:\/\/revistaepocadigital.com.ar\/index.php?rest_route=\/wp\/v2\/posts"}],"about":[{"href":"https:\/\/revistaepocadigital.com.ar\/index.php?rest_route=\/wp\/v2\/types\/post"}],"author":[{"embeddable":true,"href":"https:\/\/revistaepocadigital.com.ar\/index.php?rest_route=\/wp\/v2\/users\/3"}],"replies":[{"embeddable":true,"href":"https:\/\/revistaepocadigital.com.ar\/index.php?rest_route=%2Fwp%2Fv2%2Fcomments&post=19683"}],"version-history":[{"count":0,"href":"https:\/\/revistaepocadigital.com.ar\/index.php?rest_route=\/wp\/v2\/posts\/19683\/revisions"}],"wp:featuredmedia":[{"embeddable":true,"href":"https:\/\/revistaepocadigital.com.ar\/index.php?rest_route=\/wp\/v2\/media\/19688"}],"wp:attachment":[{"href":"https:\/\/revistaepocadigital.com.ar\/index.php?rest_route=%2Fwp%2Fv2%2Fmedia&parent=19683"}],"wp:term":[{"taxonomy":"category","embeddable":true,"href":"https:\/\/revistaepocadigital.com.ar\/index.php?rest_route=%2Fwp%2Fv2%2Fcategories&post=19683"},{"taxonomy":"post_tag","embeddable":true,"href":"https:\/\/revistaepocadigital.com.ar\/index.php?rest_route=%2Fwp%2Fv2%2Ftags&post=19683"}],"curies":[{"name":"wp","href":"https:\/\/api.w.org\/{rel}","templated":true}]}}