{"id":19721,"date":"2023-02-18T02:53:47","date_gmt":"2023-02-18T05:53:47","guid":{"rendered":"https:\/\/revistaepocadigital.com.ar\/?p=19721"},"modified":"2023-02-19T14:25:01","modified_gmt":"2023-02-19T17:25:01","slug":"prorrogan-certificados-de-discapacidad","status":"publish","type":"post","link":"https:\/\/revistaepocadigital.com.ar\/?p=19721","title":{"rendered":"PRORROGARON CERTIFICADOS DE DISCAPACIDAD"},"content":{"rendered":"<div class=\"\" dir=\"auto\">\n<div id=\"jsc_c_cv\" class=\"x1iorvi4 x1pi30zi x1swvt13 x1l90r2v\" data-ad-comet-preview=\"message\" data-ad-preview=\"message\">\n<div class=\"x78zum5 xdt5ytf xz62fqu x16ldp7u\">\n<div class=\"xu06os2 x1ok221b\">\n<div class=\"x11i5rnm xat24cr x1mh8g0r x1vvkbs xdj266r x126k92a\">\n<div dir=\"auto\"><strong>La Secretar\u00eda de Desarrollo de la Comunidad junto a la Direcci\u00f3n de Discapacidad<\/strong>.<!--more--><\/div>\n<div dir=\"auto\"><\/div>\n<div dir=\"auto\">Inform\u00f3 a los vecinos que se prorroga por un a\u00f1o los Certificados de Discapacidad.<\/div>\n<\/div>\n<div class=\"x11i5rnm xat24cr x1mh8g0r x1vvkbs xtlvy1s x126k92a\">\n<div dir=\"auto\">Esta normativa, es para aquellos CUD que ten\u00edan pr\u00f3rroga en el a\u00f1o 2022, y para aquellos cuyo vencimiento es entre el 1 de enero al 31 de diciembre del 2023.<\/div>\n<\/div>\n<div class=\"x11i5rnm xat24cr x1mh8g0r x1vvkbs xtlvy1s x126k92a\">\n<div dir=\"auto\">Por consultas, dirigirse a la direcci\u00f3n de Discapacidad de lunes a viernes de 8 a 13 horas. En Capilla del Se\u00f1or, Ameghino 772, tel\u00e9fono 02323 &#8211; 491379.<\/div>\n<\/div>\n<\/div>\n<\/div>\n<\/div>\n<\/div>\n<p>&nbsp;<\/p>\n","protected":false},"excerpt":{"rendered":"<p>La Secretar\u00eda de Desarrollo de la Comunidad junto a la Direcci\u00f3n de Discapacidad.<\/p>\n","protected":false},"author":3,"featured_media":19724,"comment_status":"open","ping_status":"open","sticky":false,"template":"","format":"standard","meta":{"footnotes":"","jetpack_publicize_message":"","jetpack_publicize_feature_enabled":true,"jetpack_social_post_already_shared":false,"jetpack_social_options":{"image_generator_settings":{"template":"highway","default_image_id":0,"font":"","enabled":false},"version":2}},"categories":[14],"tags":[642],"class_list":["post-19721","post","type-post","status-publish","format-standard","has-post-thumbnail","hentry","category-la-gente","tag-discapacidad"],"jetpack_publicize_connections":[],"jetpack_featured_media_url":"https:\/\/revistaepocadigital.com.ar\/wp-content\/uploads\/2023\/02\/disca-1.jpg","jetpack_likes_enabled":true,"_links":{"self":[{"href":"https:\/\/revistaepocadigital.com.ar\/index.php?rest_route=\/wp\/v2\/posts\/19721","targetHints":{"allow":["GET"]}}],"collection":[{"href":"https:\/\/revistaepocadigital.com.ar\/index.php?rest_route=\/wp\/v2\/posts"}],"about":[{"href":"https:\/\/revistaepocadigital.com.ar\/index.php?rest_route=\/wp\/v2\/types\/post"}],"author":[{"embeddable":true,"href":"https:\/\/revistaepocadigital.com.ar\/index.php?rest_route=\/wp\/v2\/users\/3"}],"replies":[{"embeddable":true,"href":"https:\/\/revistaepocadigital.com.ar\/index.php?rest_route=%2Fwp%2Fv2%2Fcomments&post=19721"}],"version-history":[{"count":0,"href":"https:\/\/revistaepocadigital.com.ar\/index.php?rest_route=\/wp\/v2\/posts\/19721\/revisions"}],"wp:featuredmedia":[{"embeddable":true,"href":"https:\/\/revistaepocadigital.com.ar\/index.php?rest_route=\/wp\/v2\/media\/19724"}],"wp:attachment":[{"href":"https:\/\/revistaepocadigital.com.ar\/index.php?rest_route=%2Fwp%2Fv2%2Fmedia&parent=19721"}],"wp:term":[{"taxonomy":"category","embeddable":true,"href":"https:\/\/revistaepocadigital.com.ar\/index.php?rest_route=%2Fwp%2Fv2%2Fcategories&post=19721"},{"taxonomy":"post_tag","embeddable":true,"href":"https:\/\/revistaepocadigital.com.ar\/index.php?rest_route=%2Fwp%2Fv2%2Ftags&post=19721"}],"curies":[{"name":"wp","href":"https:\/\/api.w.org\/{rel}","templated":true}]}}