{"id":19754,"date":"2023-02-18T11:59:06","date_gmt":"2023-02-18T14:59:06","guid":{"rendered":"https:\/\/revistaepocadigital.com.ar\/?p=19754"},"modified":"2023-02-28T07:42:09","modified_gmt":"2023-02-28T10:42:09","slug":"presta-atencion-alcances-de-los-feriados-de-carnavales-en-los-comercios","status":"publish","type":"post","link":"https:\/\/revistaepocadigital.com.ar\/?p=19754","title":{"rendered":"PREST\u00c1 ATENCI\u00d3N: ALCANCES DE LOS FERIADOS DE CARNAVALES EN LOS COMERCIOS"},"content":{"rendered":"<p><strong>LA INFORMACI\u00d3N DEL SINDICATO EMPLEADOS COMERCIO Z\u00c1RATE.<\/strong><!--more--><\/p>\n<p><img loading=\"lazy\" decoding=\"async\" class=\"alignleft size-full wp-image-19755\" src=\"https:\/\/revistaepocadigital.com.ar\/wp-content\/uploads\/2023\/02\/sindi-carna.jpg\" alt=\"\" width=\"864\" height=\"864\" srcset=\"https:\/\/revistaepocadigital.com.ar\/wp-content\/uploads\/2023\/02\/sindi-carna.jpg 864w, https:\/\/revistaepocadigital.com.ar\/wp-content\/uploads\/2023\/02\/sindi-carna-300x300.jpg 300w, https:\/\/revistaepocadigital.com.ar\/wp-content\/uploads\/2023\/02\/sindi-carna-150x150.jpg 150w, https:\/\/revistaepocadigital.com.ar\/wp-content\/uploads\/2023\/02\/sindi-carna-768x768.jpg 768w, https:\/\/revistaepocadigital.com.ar\/wp-content\/uploads\/2023\/02\/sindi-carna-696x696.jpg 696w, https:\/\/revistaepocadigital.com.ar\/wp-content\/uploads\/2023\/02\/sindi-carna-420x420.jpg 420w, https:\/\/revistaepocadigital.com.ar\/wp-content\/uploads\/2023\/02\/sindi-carna-840x840.jpg 840w\" sizes=\"auto, (max-width: 864px) 100vw, 864px\" \/><\/p>\n","protected":false},"excerpt":{"rendered":"<p>LA INFORMACI\u00d3N DEL SINDICATO EMPLEADOS COMERCIO Z\u00c1RATE.<\/p>\n","protected":false},"author":3,"featured_media":19755,"comment_status":"open","ping_status":"open","sticky":false,"template":"","format":"standard","meta":{"footnotes":"","jetpack_publicize_message":"","jetpack_publicize_feature_enabled":true,"jetpack_social_post_already_shared":false,"jetpack_social_options":{"image_generator_settings":{"template":"highway","default_image_id":0,"font":"","enabled":false},"version":2}},"categories":[15],"tags":[2212,2211],"class_list":["post-19754","post","type-post","status-publish","format-standard","has-post-thumbnail","hentry","category-lo-que-tenes-que-saber","tag-comercio","tag-feriados-carnavales"],"jetpack_publicize_connections":[],"jetpack_featured_media_url":"https:\/\/revistaepocadigital.com.ar\/wp-content\/uploads\/2023\/02\/sindi-carna.jpg","jetpack_likes_enabled":true,"_links":{"self":[{"href":"https:\/\/revistaepocadigital.com.ar\/index.php?rest_route=\/wp\/v2\/posts\/19754","targetHints":{"allow":["GET"]}}],"collection":[{"href":"https:\/\/revistaepocadigital.com.ar\/index.php?rest_route=\/wp\/v2\/posts"}],"about":[{"href":"https:\/\/revistaepocadigital.com.ar\/index.php?rest_route=\/wp\/v2\/types\/post"}],"author":[{"embeddable":true,"href":"https:\/\/revistaepocadigital.com.ar\/index.php?rest_route=\/wp\/v2\/users\/3"}],"replies":[{"embeddable":true,"href":"https:\/\/revistaepocadigital.com.ar\/index.php?rest_route=%2Fwp%2Fv2%2Fcomments&post=19754"}],"version-history":[{"count":0,"href":"https:\/\/revistaepocadigital.com.ar\/index.php?rest_route=\/wp\/v2\/posts\/19754\/revisions"}],"wp:featuredmedia":[{"embeddable":true,"href":"https:\/\/revistaepocadigital.com.ar\/index.php?rest_route=\/wp\/v2\/media\/19755"}],"wp:attachment":[{"href":"https:\/\/revistaepocadigital.com.ar\/index.php?rest_route=%2Fwp%2Fv2%2Fmedia&parent=19754"}],"wp:term":[{"taxonomy":"category","embeddable":true,"href":"https:\/\/revistaepocadigital.com.ar\/index.php?rest_route=%2Fwp%2Fv2%2Fcategories&post=19754"},{"taxonomy":"post_tag","embeddable":true,"href":"https:\/\/revistaepocadigital.com.ar\/index.php?rest_route=%2Fwp%2Fv2%2Ftags&post=19754"}],"curies":[{"name":"wp","href":"https:\/\/api.w.org\/{rel}","templated":true}]}}