{"id":1978,"date":"2019-03-24T17:44:52","date_gmt":"2019-03-24T20:44:52","guid":{"rendered":"https:\/\/revistaepocadigital.com.ar\/?p=1978"},"modified":"2019-03-24T18:04:24","modified_gmt":"2019-03-24T21:04:24","slug":"moratoria-para-deudas-de-tasas-y-derechos-de-construccion","status":"publish","type":"post","link":"https:\/\/revistaepocadigital.com.ar\/?p=1978","title":{"rendered":"Moratoria para deudas de tasas y derechos de construcci\u00f3n."},"content":{"rendered":"<p><strong>LA CAMPA\u00d1A.<\/strong><!--more--><\/p>\n<p>Lanzada por el municipio de Exaltaci\u00f3n de la Cruz, para la regularizaci\u00f3n de deudas de tasas y derechos de construcci\u00f3n.<\/p>\n<p>La moratoria se encuentra vigente y se extiende hasta hasta el <strong>31 de mayo pr\u00f3ximo<\/strong> para adherir a los beneficios. Seg\u00fan inform\u00f3 la Agencia de Recaudaci\u00f3n de Exaltaci\u00f3n de la Cruz (AREX), la propuesta incluye importantes descuentos y presenta una amplia forma de financiaci\u00f3n.<\/p>\n<p>Ingresa a AC\u00c1 VA EL LINK para informarte sobre todos los beneficios de esta iniciativa.<\/p>\n<p>Y para m\u00e1s informaci\u00f3n te pod\u00e9s acercar a la oficina de AREX en la galer\u00eda ubicada frente a la municipalidad, ubicada en Belgrano 284 o llamando al tel\u00e9fono 02323 491327 interno 101 o 107.<\/p>\n<p>http:\/\/www.exaltaciondelacruz.gov.ar\/index.php<\/p>\n","protected":false},"excerpt":{"rendered":"<p>LA CAMPA\u00d1A.<\/p>\n","protected":false},"author":4,"featured_media":1979,"comment_status":"open","ping_status":"open","sticky":false,"template":"","format":"standard","meta":{"footnotes":"","jetpack_publicize_message":"","jetpack_publicize_feature_enabled":true,"jetpack_social_post_already_shared":false,"jetpack_social_options":{"image_generator_settings":{"template":"highway","default_image_id":0,"font":"","enabled":false},"version":2}},"categories":[13,14],"tags":[37,269],"class_list":["post-1978","post","type-post","status-publish","format-standard","has-post-thumbnail","hentry","category-interes-general","category-la-gente","tag-destacada","tag-moratoria-3-19"],"jetpack_publicize_connections":[],"jetpack_featured_media_url":"https:\/\/revistaepocadigital.com.ar\/wp-content\/uploads\/2019\/03\/facc.jpg","jetpack_likes_enabled":true,"_links":{"self":[{"href":"https:\/\/revistaepocadigital.com.ar\/index.php?rest_route=\/wp\/v2\/posts\/1978","targetHints":{"allow":["GET"]}}],"collection":[{"href":"https:\/\/revistaepocadigital.com.ar\/index.php?rest_route=\/wp\/v2\/posts"}],"about":[{"href":"https:\/\/revistaepocadigital.com.ar\/index.php?rest_route=\/wp\/v2\/types\/post"}],"author":[{"embeddable":true,"href":"https:\/\/revistaepocadigital.com.ar\/index.php?rest_route=\/wp\/v2\/users\/4"}],"replies":[{"embeddable":true,"href":"https:\/\/revistaepocadigital.com.ar\/index.php?rest_route=%2Fwp%2Fv2%2Fcomments&post=1978"}],"version-history":[{"count":0,"href":"https:\/\/revistaepocadigital.com.ar\/index.php?rest_route=\/wp\/v2\/posts\/1978\/revisions"}],"wp:featuredmedia":[{"embeddable":true,"href":"https:\/\/revistaepocadigital.com.ar\/index.php?rest_route=\/wp\/v2\/media\/1979"}],"wp:attachment":[{"href":"https:\/\/revistaepocadigital.com.ar\/index.php?rest_route=%2Fwp%2Fv2%2Fmedia&parent=1978"}],"wp:term":[{"taxonomy":"category","embeddable":true,"href":"https:\/\/revistaepocadigital.com.ar\/index.php?rest_route=%2Fwp%2Fv2%2Fcategories&post=1978"},{"taxonomy":"post_tag","embeddable":true,"href":"https:\/\/revistaepocadigital.com.ar\/index.php?rest_route=%2Fwp%2Fv2%2Ftags&post=1978"}],"curies":[{"name":"wp","href":"https:\/\/api.w.org\/{rel}","templated":true}]}}