{"id":1981,"date":"2019-03-24T15:58:47","date_gmt":"2019-03-24T18:58:47","guid":{"rendered":"https:\/\/revistaepocadigital.com.ar\/?p=1981"},"modified":"2019-03-24T18:03:08","modified_gmt":"2019-03-24T21:03:08","slug":"la-primera-carrera-universitaria-en-marcha-en-capilla-del-senor","status":"publish","type":"post","link":"https:\/\/revistaepocadigital.com.ar\/?p=1981","title":{"rendered":"LA PRIMERA CARRERA UNIVERSITARIA EN MARCHA EN CAPILLA DEL SE\u00d1OR."},"content":{"rendered":"<figure id=\"attachment_1985\" aria-describedby=\"caption-attachment-1985\" style=\"width: 960px\" class=\"wp-caption aligncenter\"><img loading=\"lazy\" decoding=\"async\" class=\"size-full wp-image-1985\" src=\"https:\/\/revistaepocadigital.com.ar\/wp-content\/uploads\/2019\/03\/carrera-univ-19.jpg\" alt=\"\" width=\"960\" height=\"640\" srcset=\"https:\/\/revistaepocadigital.com.ar\/wp-content\/uploads\/2019\/03\/carrera-univ-19.jpg 960w, https:\/\/revistaepocadigital.com.ar\/wp-content\/uploads\/2019\/03\/carrera-univ-19-300x200.jpg 300w, https:\/\/revistaepocadigital.com.ar\/wp-content\/uploads\/2019\/03\/carrera-univ-19-768x512.jpg 768w, https:\/\/revistaepocadigital.com.ar\/wp-content\/uploads\/2019\/03\/carrera-univ-19-696x464.jpg 696w, https:\/\/revistaepocadigital.com.ar\/wp-content\/uploads\/2019\/03\/carrera-univ-19-630x420.jpg 630w\" sizes=\"auto, (max-width: 960px) 100vw, 960px\" \/><figcaption id=\"caption-attachment-1985\" class=\"wp-caption-text\">Autoridades municipales y de la universidad junto a alumnos en el acto.<\/figcaption><\/figure>\n<p><strong>SE CONCRET\u00d3.<\/strong><!--more--><\/p>\n<p>El acuerdo establecido con la <strong>UNSADA<\/strong>, por el cual han comenzado a dictarse las clases de la primera carrera universitaria que puede cursarse en nuestra ciudad. Se trata de <strong>Tecnicatura en Mantenimiento Industrial.<\/strong><\/p>\n<p>En el acto de inicio, estuvieron la vicerrectora de la universidad, <strong>Magister Silvina Sansarricq<\/strong> y el secretario de Extensi\u00f3n Universitaria licenciado <strong>Patricio Santos Ortega<\/strong>. De acuerdo a lo informado por el \u00e1rea de prensa de la comuna, Santos Ortega, <em>&#8220;habl\u00f3 del inicio de las gestiones encabezadas por Maria Luz Bozzani y Cristina Ponce de Le\u00f3n las <\/em><em>cuales se concretaron con el intendente Adri\u00e1n S\u00e1nchez&#8221;<\/em><\/p>\n<p>Desde la comuna a su vez, hicieron saber que <em>&#8220;en concordancia con la alocuci\u00f3n de <strong>Karina Robles<\/strong><\/em> (inspectora jefe distrital)<em>, se tom\u00f3 el compromiso de acompa\u00f1amiento a los alumnos que iniciaron el camino que abre a otras carreras que se puedan traer al partido, teniendo en cuenta que, la educaci\u00f3n es uno de los pilares fundamentales, de esta administraci\u00f3n como lo expres\u00f3 el sr. intendente&#8221;.<\/em> El acto tuvo lugar en la<strong> Escuela Secundaria N\u00b0 4 de Capilla del Se\u00f1or.<\/strong><\/p>\n<p>Fotos: prensa municipalidad.<\/p>\n","protected":false},"excerpt":{"rendered":"<p>SE CONCRET\u00d3.<\/p>\n","protected":false},"author":4,"featured_media":1984,"comment_status":"open","ping_status":"open","sticky":false,"template":"","format":"standard","meta":{"footnotes":"","jetpack_publicize_message":"","jetpack_publicize_feature_enabled":true,"jetpack_social_post_already_shared":false,"jetpack_social_options":{"image_generator_settings":{"template":"highway","default_image_id":0,"font":"","enabled":false},"version":2}},"categories":[13,14,15],"tags":[270],"class_list":["post-1981","post","type-post","status-publish","format-standard","has-post-thumbnail","hentry","category-interes-general","category-la-gente","category-lo-que-tenes-que-saber","tag-carrera-universitaria"],"jetpack_publicize_connections":[],"jetpack_featured_media_url":"https:\/\/revistaepocadigital.com.ar\/wp-content\/uploads\/2019\/03\/carrera-univ-alumno19.jpg","jetpack_likes_enabled":true,"_links":{"self":[{"href":"https:\/\/revistaepocadigital.com.ar\/index.php?rest_route=\/wp\/v2\/posts\/1981","targetHints":{"allow":["GET"]}}],"collection":[{"href":"https:\/\/revistaepocadigital.com.ar\/index.php?rest_route=\/wp\/v2\/posts"}],"about":[{"href":"https:\/\/revistaepocadigital.com.ar\/index.php?rest_route=\/wp\/v2\/types\/post"}],"author":[{"embeddable":true,"href":"https:\/\/revistaepocadigital.com.ar\/index.php?rest_route=\/wp\/v2\/users\/4"}],"replies":[{"embeddable":true,"href":"https:\/\/revistaepocadigital.com.ar\/index.php?rest_route=%2Fwp%2Fv2%2Fcomments&post=1981"}],"version-history":[{"count":0,"href":"https:\/\/revistaepocadigital.com.ar\/index.php?rest_route=\/wp\/v2\/posts\/1981\/revisions"}],"wp:featuredmedia":[{"embeddable":true,"href":"https:\/\/revistaepocadigital.com.ar\/index.php?rest_route=\/wp\/v2\/media\/1984"}],"wp:attachment":[{"href":"https:\/\/revistaepocadigital.com.ar\/index.php?rest_route=%2Fwp%2Fv2%2Fmedia&parent=1981"}],"wp:term":[{"taxonomy":"category","embeddable":true,"href":"https:\/\/revistaepocadigital.com.ar\/index.php?rest_route=%2Fwp%2Fv2%2Fcategories&post=1981"},{"taxonomy":"post_tag","embeddable":true,"href":"https:\/\/revistaepocadigital.com.ar\/index.php?rest_route=%2Fwp%2Fv2%2Ftags&post=1981"}],"curies":[{"name":"wp","href":"https:\/\/api.w.org\/{rel}","templated":true}]}}