{"id":1987,"date":"2019-03-24T18:42:54","date_gmt":"2019-03-24T21:42:54","guid":{"rendered":"https:\/\/revistaepocadigital.com.ar\/?p=1987"},"modified":"2019-03-24T19:05:46","modified_gmt":"2019-03-24T22:05:46","slug":"la-justa-preocupacion-de-vecinos-los-desagues-del-parque-industrial-de-la-ruta-6","status":"publish","type":"post","link":"https:\/\/revistaepocadigital.com.ar\/?p=1987","title":{"rendered":"LA JUSTA PREOCUPACI\u00d3N DE VECINOS: LOS DESAGUES DEL PARQUE INDUSTRIAL DE LA RUTA 6"},"content":{"rendered":"<p><strong>EL RECLAMO VECINAL, Y UN PROYECTO PARA ENCONTRAR UNA SOLUCI\u00d3N.<\/strong><!--more--><\/p>\n<p>Se ha hecho escuchar con la <strong>evidente preocupaci\u00f3n ante tan serio problema<\/strong> como es el desague de liquidos del <strong>Parque Industrial<\/strong> ubicado en la <strong>ruta provincial 6,<\/strong> en las inmediaciones de <strong>Carlos Lemee y Los Cardales.<\/strong><\/p>\n<p>En los \u00faltimos d\u00edas se inform\u00f3 acerca del <strong>estudio de factibilidad<\/strong> para encauzar esos desagues que tanta preocupaci\u00f3n generan en vecinos exaltacruce\u00f1os. Vecinos que llevan adelante gestiones tendientes a que quienes correspondan, brinden una soluci\u00f3n. En tal sentido, como informara EPOCA, en enero pasado hubo una <strong>reuni\u00f3n<\/strong> entre directivos del mencionado <strong>Parque Industrial, autoridades del municipio y vecinos de Los Cardales agrupados en &#8220;Vecinos por el Arroyo La Plegaria&#8221;.<\/strong><\/p>\n<p><img loading=\"lazy\" decoding=\"async\" class=\"aligncenter size-full wp-image-1993\" src=\"https:\/\/revistaepocadigital.com.ar\/wp-content\/uploads\/2019\/03\/images.jpg\" alt=\"\" width=\"225\" height=\"225\" srcset=\"https:\/\/revistaepocadigital.com.ar\/wp-content\/uploads\/2019\/03\/images.jpg 225w, https:\/\/revistaepocadigital.com.ar\/wp-content\/uploads\/2019\/03\/images-150x150.jpg 150w\" sizes=\"auto, (max-width: 225px) 100vw, 225px\" \/><\/p>\n<p>En ese encuentro los vecinos trasladaron su inquietud y preocupaci\u00f3n por el proyecto de vuelco, que preve\u00eda conectar a la segunda etapa del parque con el desag\u00fce que recorre parte del pueblo hasta conectar con el Arroyo La Plegaria. El ingeniero hidr\u00e1ulico <strong>Roberto Amarilla,<\/strong> explic\u00f3 en esa ocasi\u00f3n la forma en que se se configur\u00f3 el proyecto respetando el actual funcionamiento de las cuencas, y brind\u00f3 datos t\u00e9cnicos respecto al reservorio, las superficies a ocupar por las futuras industrias y el mecanismo de vuelco de efluentes, todo seg\u00fan lo normado por la provincia de Buenos Aires. A su vez, el ingeniero <strong>Roberto Noya y Gustavo Minning,<\/strong> como representantes del parque industrial ruta 6, sumaron datos respecto al estado actual del desarrollo, as\u00ed como a la evoluci\u00f3n de las obras que se vienen realizando. Los <strong>vecinos del Arroyo La Plegaria<\/strong>, alarmados como se sabe por el desag\u00fce que desembocar\u00eda en<strong> Los Cardales<\/strong>, propusieron elaborar otras alternativas o v\u00edas para canalizar esos desagues.<\/p>\n<p>Hace unos d\u00edas se informaron acerca de los <strong>cambios que se decidieron al momento,<\/strong> utilizando los trabajos de hidr\u00e1ulica presentados por Amarilla, con la colaboraci\u00f3n del ingeniero Noya, y la representaci\u00f3n de Minning por el parque industrial. Finalmente se estudi\u00f3 la <strong>propuesta consensuada<\/strong> en enero \u00faltimo, y se estableci\u00f3 el siguiente panorama: para que el desag\u00fce no atraviese el centro de Los Cardales se realizar\u00e1n las obras necesarias para que el vuelco se efect\u00fae en forma paralela a la ruta asfaltada que lleva al parque industrial de Pilar hasta el Arroyo Burgos, conect\u00e1ndolo con ca\u00f1er\u00edas siendo impulsado por bombas desde el reservorio del arroyo.<\/p>\n<p><span class=\"content\">De esta forma, los efluentes l\u00edquidos del parque industrial ruta 6, <strong>no se volcar\u00e1n<\/strong> en el Arroyo La Plegaria, cuyo curso de agua atraviesa Cardales.<\/span><\/p>\n<p>En las gestiones trabajan la secretaria de gobierno encabezada por<strong> Diego Nanni<\/strong> junto al director de producci\u00f3n<strong> Benjamin Vittori<\/strong> y la coordinadora de procedimientos administrativos y gesti\u00f3n operativa <strong>Mar\u00eda Luz Bozzani.<\/strong><\/p>\n<p>Fotos: Facebook vecinos Arroyo La Plegaria.<\/p>\n","protected":false},"excerpt":{"rendered":"<p>EL RECLAMO VECINAL, Y UN PROYECTO PARA ENCONTRAR UNA SOLUCI\u00d3N.<\/p>\n","protected":false},"author":4,"featured_media":1990,"comment_status":"open","ping_status":"open","sticky":false,"template":"","format":"standard","meta":{"footnotes":"","jetpack_publicize_message":"","jetpack_publicize_feature_enabled":true,"jetpack_social_post_already_shared":false,"jetpack_social_options":{"image_generator_settings":{"template":"highway","default_image_id":0,"font":"","enabled":false},"version":2}},"categories":[4,17],"tags":[272,271],"class_list":["post-1987","post","type-post","status-publish","format-standard","has-post-thumbnail","hentry","category-aqui-los-cardales","category-politica","tag-desagues-parque-industrial-ruta-6","tag-reclamos-vecinos"],"jetpack_publicize_connections":[],"jetpack_featured_media_url":"https:\/\/revistaepocadigital.com.ar\/wp-content\/uploads\/2019\/03\/AG3.jpg","jetpack_likes_enabled":true,"_links":{"self":[{"href":"https:\/\/revistaepocadigital.com.ar\/index.php?rest_route=\/wp\/v2\/posts\/1987","targetHints":{"allow":["GET"]}}],"collection":[{"href":"https:\/\/revistaepocadigital.com.ar\/index.php?rest_route=\/wp\/v2\/posts"}],"about":[{"href":"https:\/\/revistaepocadigital.com.ar\/index.php?rest_route=\/wp\/v2\/types\/post"}],"author":[{"embeddable":true,"href":"https:\/\/revistaepocadigital.com.ar\/index.php?rest_route=\/wp\/v2\/users\/4"}],"replies":[{"embeddable":true,"href":"https:\/\/revistaepocadigital.com.ar\/index.php?rest_route=%2Fwp%2Fv2%2Fcomments&post=1987"}],"version-history":[{"count":0,"href":"https:\/\/revistaepocadigital.com.ar\/index.php?rest_route=\/wp\/v2\/posts\/1987\/revisions"}],"wp:featuredmedia":[{"embeddable":true,"href":"https:\/\/revistaepocadigital.com.ar\/index.php?rest_route=\/wp\/v2\/media\/1990"}],"wp:attachment":[{"href":"https:\/\/revistaepocadigital.com.ar\/index.php?rest_route=%2Fwp%2Fv2%2Fmedia&parent=1987"}],"wp:term":[{"taxonomy":"category","embeddable":true,"href":"https:\/\/revistaepocadigital.com.ar\/index.php?rest_route=%2Fwp%2Fv2%2Fcategories&post=1987"},{"taxonomy":"post_tag","embeddable":true,"href":"https:\/\/revistaepocadigital.com.ar\/index.php?rest_route=%2Fwp%2Fv2%2Ftags&post=1987"}],"curies":[{"name":"wp","href":"https:\/\/api.w.org\/{rel}","templated":true}]}}