{"id":19887,"date":"2023-03-06T19:58:25","date_gmt":"2023-03-06T22:58:25","guid":{"rendered":"https:\/\/revistaepocadigital.com.ar\/?p=19887"},"modified":"2023-03-06T19:58:25","modified_gmt":"2023-03-06T22:58:25","slug":"paseo-de-compras-y-patio-de-comidas-en-la-estacion-del-urquiza-de-capilla","status":"publish","type":"post","link":"https:\/\/revistaepocadigital.com.ar\/?p=19887","title":{"rendered":"PASEO DE COMPRAS Y PATIO DE COMIDAS EN LA ESTACI\u00d3N DEL URQUIZA DE CAPILLA"},"content":{"rendered":"<div class=\"x11i5rnm xat24cr x1mh8g0r x1vvkbs xdj266r x126k92a\">\n<div dir=\"auto\"><strong>TUVO LUGAR.<!--more--><\/strong><\/div>\n<div dir=\"auto\"><\/div>\n<div dir=\"auto\">El paseo de compras \u201cEstaci\u00f3n Capilla\u201d, en el predio del Ferrocarril Urquiza de Capilla del Se\u00f1or.<\/div>\n<\/div>\n<p>El evento fue llevado a cabo por la secretar\u00eda de Desarrollo de la Comunidad, a trav\u00e9s de la direcci\u00f3n de Econom\u00eda Social, y cont\u00f3 con la participaci\u00f3n de productores, artesanos, patio de comidas, actividades recreativas, show de t\u00edteres, baile, murgas y el show de H\u00e9ctor Bacci.<\/p>\n<div class=\"x11i5rnm xat24cr x1mh8g0r x1vvkbs xtlvy1s x126k92a\">\n<div dir=\"auto\">Participaron las trabajadoras de la UTEP y las direcciones de G\u00e9nero y Diversidades, Deportes, Juventud, el Servicio Local, Ni\u00f1ez y Adolescencia, y Discapacidad.<\/div>\n<div dir=\"auto\"><\/div>\n<\/div>\n","protected":false},"excerpt":{"rendered":"<p>TUVO LUGAR.<\/p>\n","protected":false},"author":3,"featured_media":19900,"comment_status":"open","ping_status":"open","sticky":false,"template":"","format":"standard","meta":{"footnotes":"","jetpack_publicize_message":"","jetpack_publicize_feature_enabled":true,"jetpack_social_post_already_shared":false,"jetpack_social_options":{"image_generator_settings":{"template":"highway","default_image_id":0,"font":"","enabled":false},"version":2}},"categories":[6],"tags":[2227],"class_list":["post-19887","post","type-post","status-publish","format-standard","has-post-thumbnail","hentry","category-barrios","tag-paseo-compras"],"jetpack_publicize_connections":[],"jetpack_featured_media_url":"https:\/\/revistaepocadigital.com.ar\/wp-content\/uploads\/2023\/03\/IMG_1515-2.jpg","jetpack_likes_enabled":true,"_links":{"self":[{"href":"https:\/\/revistaepocadigital.com.ar\/index.php?rest_route=\/wp\/v2\/posts\/19887","targetHints":{"allow":["GET"]}}],"collection":[{"href":"https:\/\/revistaepocadigital.com.ar\/index.php?rest_route=\/wp\/v2\/posts"}],"about":[{"href":"https:\/\/revistaepocadigital.com.ar\/index.php?rest_route=\/wp\/v2\/types\/post"}],"author":[{"embeddable":true,"href":"https:\/\/revistaepocadigital.com.ar\/index.php?rest_route=\/wp\/v2\/users\/3"}],"replies":[{"embeddable":true,"href":"https:\/\/revistaepocadigital.com.ar\/index.php?rest_route=%2Fwp%2Fv2%2Fcomments&post=19887"}],"version-history":[{"count":0,"href":"https:\/\/revistaepocadigital.com.ar\/index.php?rest_route=\/wp\/v2\/posts\/19887\/revisions"}],"wp:featuredmedia":[{"embeddable":true,"href":"https:\/\/revistaepocadigital.com.ar\/index.php?rest_route=\/wp\/v2\/media\/19900"}],"wp:attachment":[{"href":"https:\/\/revistaepocadigital.com.ar\/index.php?rest_route=%2Fwp%2Fv2%2Fmedia&parent=19887"}],"wp:term":[{"taxonomy":"category","embeddable":true,"href":"https:\/\/revistaepocadigital.com.ar\/index.php?rest_route=%2Fwp%2Fv2%2Fcategories&post=19887"},{"taxonomy":"post_tag","embeddable":true,"href":"https:\/\/revistaepocadigital.com.ar\/index.php?rest_route=%2Fwp%2Fv2%2Ftags&post=19887"}],"curies":[{"name":"wp","href":"https:\/\/api.w.org\/{rel}","templated":true}]}}