{"id":19888,"date":"2023-03-06T18:26:15","date_gmt":"2023-03-06T21:26:15","guid":{"rendered":"https:\/\/revistaepocadigital.com.ar\/?p=19888"},"modified":"2023-03-07T10:54:48","modified_gmt":"2023-03-07T13:54:48","slug":"dia-internacional-de-las-mujeres-trabajadoras","status":"publish","type":"post","link":"https:\/\/revistaepocadigital.com.ar\/?p=19888","title":{"rendered":"D\u00eda Internacional de las mujeres trabajadoras"},"content":{"rendered":"<div id=\"mount_0_0_rx\">\n<div class=\"\">\n<div class=\"x9f619 x1n2onr6 x1ja2u2z\">\n<div class=\"x9f619 x1n2onr6 x1ja2u2z\">\n<div class=\"x78zum5 xdt5ytf x1n2onr6 x1ja2u2z\">\n<div class=\"x78zum5 xdt5ytf x1n2onr6\">\n<div class=\"x78zum5 xdt5ytf x1n2onr6 xat3117 xxzkxad\">\n<div class=\"x78zum5 xdt5ytf x10cihs4 x1t2pt76 x1n2onr6 x1ja2u2z\">\n<div class=\"x78zum5 xdt5ytf x1t2pt76\">\n<div class=\"x78zum5 xdt5ytf x1iyjqo2 x1t2pt76 xeuugli\">\n<div class=\"x78zum5 xdt5ytf x1t2pt76 x1n2onr6\" role=\"main\">\n<div class=\" x6s0dn4 x78zum5 xdt5ytf x193iq5w\">\n<div class=\"x9f619 x193iq5w x1talbiv x1sltb1f x3fxtfs x1swvt13 x1pi30zi xw7yly9\">\n<div class=\"x9f619 x1n2onr6 x1ja2u2z x2lah0s x1qjc9v5 x78zum5 x1q0g3np x1a02dak xl56j7k x9otpla x1n0m28w x1wsgfga xp7jhwk\">\n<div class=\"x9f619 x1n2onr6 x1ja2u2z xeuugli xs83m0k x1xmf6yo x1emribx x1e56ztr x1i64zmx xjl7jj x19h7ccj xu9j1y6 x7ep2pv\">\n<div>\n<div class=\"x1yztbdb x1n2onr6 xh8yej3 x1ja2u2z\">\n<div class=\"x1n2onr6 x1ja2u2z\">\n<div class=\"\">\n<div class=\"\">\n<div class=\"x1a2a7pz\" aria-posinset=\"8\" aria-describedby=\"jsc_c_ho jsc_c_hp jsc_c_hq jsc_c_hs jsc_c_hr\" aria-labelledby=\"jsc_c_hn\">\n<div class=\"x78zum5 xdt5ytf\">\n<div class=\"x9f619 x1n2onr6 x1ja2u2z\">\n<div>EL CRONOGRAMA DE ACTIVIDADES. Inform\u00f3<\/div>\n<div dir=\"auto\">la Secretar\u00eda de Desarrollo de la Comunidad<\/div>\n<div dir=\"auto\">Municipalidad de Exaltaci\u00f3n de la Cruz.<!--more--><\/div>\n<\/div>\n<div dir=\"auto\"><\/div>\n<div dir=\"auto\">En la previa:<\/div>\n<\/div>\n<div class=\"x11i5rnm xat24cr x1mh8g0r x1vvkbs xtlvy1s x126k92a\">\n<div dir=\"auto\">\u2022 Fecha: 5 de marzo, desde las 10 horas<\/div>\n<div dir=\"auto\">\u2022 Evento: inauguraci\u00f3n del Paseo de Compras y Patio de Comidas. Direcci\u00f3n de Econom\u00eda Social<\/div>\n<div dir=\"auto\">\u2022 Lugar: Estaci\u00f3n Capilla (FFCC Urquiza)<\/div>\n<div dir=\"auto\">\u2022 Presencia de la Direcci\u00f3n de G\u00e9nero y Diversidades con espacio de consulta y asesoramiento, material de difusi\u00f3n e intervenciones sobre el sentido del 8M<\/div>\n<\/div>\n<div class=\"x11i5rnm xat24cr x1mh8g0r x1vvkbs xtlvy1s x126k92a\">\n<div dir=\"auto\">Ese d\u00eda:<\/div>\n<div dir=\"auto\">\u2022 Fecha: 8 de marzo, todo el d\u00eda<\/div>\n<div dir=\"auto\">\u2022 Evento (interno): intervenci\u00f3n \u201cFlores con derechos\u201d, dirigida a las mujeres trabajadoras<\/div>\n<div dir=\"auto\">\u2022 Lugar: Municipalidad de Exaltaci\u00f3n de la Cruz y sus dependencias<\/div>\n<div dir=\"auto\">\u2022 Campa\u00f1a de difusi\u00f3n de los derechos y conquistas de las mujeres trabajadoras de Argentina y el mundo<\/div>\n<div dir=\"auto\">\u2022 Iluminaci\u00f3n tem\u00e1tica de edificios p\u00fablicos y carteles de las diversas localidades de nuestro territorio<\/div>\n<div dir=\"auto\">&#8212;&#8212;&#8212;&#8212;&#8212;&#8212;&#8212;&#8212;&#8212;&#8212;&#8212;&#8212;&#8212;&#8212;&#8211;<\/div>\n<div dir=\"auto\">\u2022 Fecha: 8 de marzo, 10 horas<\/div>\n<div dir=\"auto\">\u2022 Evento (abierto): Conversaci\u00f3n \u201cHemos recorrido un largo camino de conquistas\u201d, dirigida a la comunidad<\/div>\n<div dir=\"auto\">\u2022 Lugar: Centro Cultural Cardales<\/div>\n<div dir=\"auto\">\u2022 En el marco del <a class=\"x1i10hfl xjbqb8w x6umtig x1b1mbwd xaqea5y xav7gou x9f619 x1ypdohk xt0psk2 xe8uvvx xdj266r x11i5rnm xat24cr x1mh8g0r xexx8yu x4uap5 x18d9i69 xkhd6sd x16tdsg8 x1hl2dhg xggy1nq x1a2a7pz xt0b8zv x1qq9wsj xo1l8bm\" tabindex=\"0\" role=\"link\" href=\"https:\/\/www.facebook.com\/hashtag\/parointernacionalfeminista?__eep__=6&amp;__cft__[0]=AZUTbtN8JaLpcTw27efT9fJ8rQ8p_FklfdOpxy_kRiAYmpcKfnem6rBest3hlmGA_rR-dz7IcuCAFeFBggkwwF2wGrP-ZdaW8FNNPrXXqwL1i5xfiVCxtUrCiyG1ziXmWjxfWgnoYD1oR23rNsjVKnZO5x8f6KmyNS0MLyIq_QPakrN_zKe3h-vkh6Dwfy9QoHJhqmMa22DlZbOR43qMG1Pm&amp;__tn__=*NK-y-R\">#ParoInternacionalFeminista<\/a>, encuentro para conversar sobre los derechos y conquistas de las mujeres trabajadoras, de Argentina y el mundo, a partir de frases de la <a class=\"x1i10hfl xjbqb8w x6umtig x1b1mbwd xaqea5y xav7gou x9f619 x1ypdohk xt0psk2 xe8uvvx xdj266r x11i5rnm xat24cr x1mh8g0r xexx8yu x4uap5 x18d9i69 xkhd6sd x16tdsg8 x1hl2dhg xggy1nq x1a2a7pz xt0b8zv x1qq9wsj xo1l8bm\" tabindex=\"0\" role=\"link\" href=\"https:\/\/www.facebook.com\/hashtag\/acci%C3%B3n8m?__eep__=6&amp;__cft__[0]=AZUTbtN8JaLpcTw27efT9fJ8rQ8p_FklfdOpxy_kRiAYmpcKfnem6rBest3hlmGA_rR-dz7IcuCAFeFBggkwwF2wGrP-ZdaW8FNNPrXXqwL1i5xfiVCxtUrCiyG1ziXmWjxfWgnoYD1oR23rNsjVKnZO5x8f6KmyNS0MLyIq_QPakrN_zKe3h-vkh6Dwfy9QoHJhqmMa22DlZbOR43qMG1Pm&amp;__tn__=*NK-y-R\">#Acci\u00f3n8M<\/a> (MQNFT).<\/div>\n<\/div>\n<div class=\"x11i5rnm xat24cr x1mh8g0r x1vvkbs xtlvy1s x126k92a\">\n<div dir=\"auto\">El fin de semana:<\/div>\n<div dir=\"auto\">\u2022 Fecha: 11 de marzo, todo el d\u00eda<\/div>\n<div dir=\"auto\">\u2022 Evento: \u201cTrabajamos para la igualdad\u201d<\/div>\n<div dir=\"auto\">\u2022 Lugar: La Plata<\/div>\n<div dir=\"auto\">\u2022 Compartimos actividades recreativas, deportivas y art\u00edsticas que propone el Ministerio de las Mujeres, Pol\u00edticas de G\u00e9nero y Diversidad Sexual de la Provincia de Buenos Aires con las mujeres que integran los diferentes dispositivos grupales y sus hijos, para seguir fortaleciendo sus trayectorias vitales.<\/div>\n<\/div>\n<\/div>\n<\/div>\n<\/div>\n<div dir=\"auto\"><\/div>\n<\/div>\n<\/div>\n<\/div>\n<\/div>\n<\/div>\n<\/div>\n<\/div>\n<\/div>\n<\/div>\n<\/div>\n<\/div>\n<\/div>\n<\/div>\n<\/div>\n<\/div>\n<\/div>\n<\/div>\n<\/div>\n","protected":false},"excerpt":{"rendered":"<p>EL CRONOGRAMA DE ACTIVIDADES. Inform\u00f3 la Secretar\u00eda de Desarrollo de la Comunidad Municipalidad de Exaltaci\u00f3n de la Cruz.<\/p>\n","protected":false},"author":3,"featured_media":19889,"comment_status":"open","ping_status":"open","sticky":false,"template":"","format":"standard","meta":{"footnotes":"","jetpack_publicize_message":"","jetpack_publicize_feature_enabled":true,"jetpack_social_post_already_shared":false,"jetpack_social_options":{"image_generator_settings":{"template":"highway","default_image_id":0,"font":"","enabled":false},"version":2}},"categories":[11],"tags":[2225],"class_list":["post-19888","post","type-post","status-publish","format-standard","has-post-thumbnail","hentry","category-entidades","tag-dia-mujer-trabajadora"],"jetpack_publicize_connections":[],"jetpack_featured_media_url":"https:\/\/revistaepocadigital.com.ar\/wp-content\/uploads\/2023\/03\/329923061_191452130182990_8925391630636108576_n.jpg","jetpack_likes_enabled":true,"_links":{"self":[{"href":"https:\/\/revistaepocadigital.com.ar\/index.php?rest_route=\/wp\/v2\/posts\/19888","targetHints":{"allow":["GET"]}}],"collection":[{"href":"https:\/\/revistaepocadigital.com.ar\/index.php?rest_route=\/wp\/v2\/posts"}],"about":[{"href":"https:\/\/revistaepocadigital.com.ar\/index.php?rest_route=\/wp\/v2\/types\/post"}],"author":[{"embeddable":true,"href":"https:\/\/revistaepocadigital.com.ar\/index.php?rest_route=\/wp\/v2\/users\/3"}],"replies":[{"embeddable":true,"href":"https:\/\/revistaepocadigital.com.ar\/index.php?rest_route=%2Fwp%2Fv2%2Fcomments&post=19888"}],"version-history":[{"count":0,"href":"https:\/\/revistaepocadigital.com.ar\/index.php?rest_route=\/wp\/v2\/posts\/19888\/revisions"}],"wp:featuredmedia":[{"embeddable":true,"href":"https:\/\/revistaepocadigital.com.ar\/index.php?rest_route=\/wp\/v2\/media\/19889"}],"wp:attachment":[{"href":"https:\/\/revistaepocadigital.com.ar\/index.php?rest_route=%2Fwp%2Fv2%2Fmedia&parent=19888"}],"wp:term":[{"taxonomy":"category","embeddable":true,"href":"https:\/\/revistaepocadigital.com.ar\/index.php?rest_route=%2Fwp%2Fv2%2Fcategories&post=19888"},{"taxonomy":"post_tag","embeddable":true,"href":"https:\/\/revistaepocadigital.com.ar\/index.php?rest_route=%2Fwp%2Fv2%2Ftags&post=19888"}],"curies":[{"name":"wp","href":"https:\/\/api.w.org\/{rel}","templated":true}]}}