{"id":19893,"date":"2023-03-21T09:34:33","date_gmt":"2023-03-21T12:34:33","guid":{"rendered":"https:\/\/revistaepocadigital.com.ar\/?p=19893"},"modified":"2023-03-21T10:57:57","modified_gmt":"2023-03-21T13:57:57","slug":"ha-continuado-el-reclamo-de-los-padres-de-la-escuela-de-carlos-lemee","status":"publish","type":"post","link":"https:\/\/revistaepocadigital.com.ar\/?p=19893","title":{"rendered":"Despu\u00e9s de los reclamos de padres y con obras hechas, comenzaron las clases en la Escuela de Carlos Lem\u00e9e"},"content":{"rendered":"<div class=\"x11i5rnm xat24cr x1mh8g0r x1vvkbs xdj266r x126k92a\">\n<div dir=\"auto\"><strong>ACTUALIZACI\u00d3N. LOS SERIOS DA\u00d1OS LUEGO DEL TEMPORAL EN DICIEMBRE PASADO, Y LAS DEFICIENCIAS EXISTENTES EN EL EDIFICIO, LLEVARON A LOS PLANTEOS JUSTIFICADOS DE MADRES Y PADRES DE ALUMNOS.<!--more--><\/strong><\/div>\n<div dir=\"auto\"><\/div>\n<div dir=\"auto\">El lunes 20 de marzo comenzaron las clases en la Escuela de Carlos Lem\u00e9e, luego de la fuerte controversia planteada y sobre la cual, informara EPOCA.<\/div>\n<div dir=\"auto\">Las obras a cargo de la comuna, fueron finalizadas y as\u00ed qued\u00f3 todo presto para que la actividad educativa se iniciara a pleno.<\/div>\n<\/div>\n<div dir=\"auto\"><\/div>\n<div dir=\"auto\">&#8220;<em>Como nos hab\u00edan dicho, el lunes 27 se iban a iniciar las clases, pero entiendo que debido a todos los problemas que se hicieron p\u00fablicos, y el &#8220;l\u00edo&#8221; que se arm\u00f3, trabajaron m\u00e1s r\u00e1pido y entonces las clases pod\u00edan comenzar este lunes 20; la escuela qued\u00f3 hermosa por suerte&#8221;<\/em>, le cont\u00f3 a EPOCA la vecina Ivana Mansilla, madre de un ni\u00f1o que asiste a clases a la mencionada escuela.<\/div>\n<div dir=\"auto\"><\/div>\n<div dir=\"auto\"><em>&#8220;El esfuerzo y convencimiento que pusimos los padres <\/em>-consider\u00f3 la mencionada vecina-<em> para presentar nuestros reclamos a las autoridades, lo hicimos pensando en nuestros hijos y en la escuela. Incluso presentamos un reclamo en la Defensor\u00eda de Educaci\u00f3n de la provincia de Buenos Aires, eso que tambi\u00e9n ayud\u00f3 para que se aceleraran las obras<\/em>&#8220;.<\/div>\n<div class=\"x11i5rnm xat24cr x1mh8g0r x1vvkbs xdj266r x126k92a\">\n<div dir=\"auto\"><\/div>\n<div dir=\"auto\"><\/div>\n<div dir=\"auto\"><\/div>\n<div dir=\"auto\"><\/div>\n<div dir=\"auto\"><\/div>\n<div dir=\"auto\"><\/div>\n<div dir=\"auto\" style=\"text-align: center;\"><\/div>\n<div dir=\"auto\" style=\"text-align: center;\"><strong>&#8212;&#8212;&#8212;&#8212;&#8212;&#8212;&#8212;&#8212;&#8212;&#8212;&#8212;&#8212;&#8211;<\/strong><\/div>\n<div dir=\"auto\">NOTA ANTERIOR<\/div>\n<div dir=\"auto\"><strong>EL ESTADO DEL EDIFICIO, LA CAUSA. EL 27 DE MARZO COMENZAR\u00c1<\/strong><strong>N LAS CLASES A PLENO.<!--more--><\/strong><\/div>\n<div dir=\"auto\"><\/div>\n<div dir=\"auto\">Son aquellos padres de alumnos de la Escuela n\u00b0 3 de educaci\u00f3n primaria y secundaria n\u00b0 6 de Carlos Lem\u00e9e. en nuestro distrito.. Exaltaci\u00f3n de la Cruz, debido a las falencias edilicias del establecimiento educativo.<\/div>\n<div dir=\"auto\"><\/div>\n<div dir=\"auto\">A prop\u00f3sito, una vecina de Los Cardales, Ivana Mansilla, quien env\u00eda a su hijo a la escuela de Carlos Lem\u00e9e, plante\u00f3 el reclamo en su cuenta en la red social Facebook, mencion\u00e1ndo entre otras cosas, &#8220;Hacemos viral la situaci\u00f3n real de la escuela con el fin de lograr encontrar soluci\u00f3n a una problem\u00e1tica que acude a la comunidad de Lem\u00e9e, La Sidrera, Los Cardos y barrios aleda\u00f1os.<\/div>\n<div dir=\"auto\">\n<figure id=\"attachment_20102\" aria-describedby=\"caption-attachment-20102\" style=\"width: 300px\" class=\"wp-caption alignright\"><img loading=\"lazy\" decoding=\"async\" class=\"size-full wp-image-20102\" src=\"https:\/\/revistaepocadigital.com.ar\/wp-content\/uploads\/2023\/03\/padres-lemee-300x225-1.jpg\" alt=\"\" width=\"300\" height=\"225\" srcset=\"https:\/\/revistaepocadigital.com.ar\/wp-content\/uploads\/2023\/03\/padres-lemee-300x225-1.jpg 300w, https:\/\/revistaepocadigital.com.ar\/wp-content\/uploads\/2023\/03\/padres-lemee-300x225-1-80x60.jpg 80w, https:\/\/revistaepocadigital.com.ar\/wp-content\/uploads\/2023\/03\/padres-lemee-300x225-1-160x120.jpg 160w, https:\/\/revistaepocadigital.com.ar\/wp-content\/uploads\/2023\/03\/padres-lemee-300x225-1-265x198.jpg 265w\" sizes=\"auto, (max-width: 300px) 100vw, 300px\" \/><figcaption id=\"caption-attachment-20102\" class=\"wp-caption-text\">El reclamo y quejas de padres y madres, lleg\u00f3 al HCD cuando se inici\u00f3 el per\u00edodo ordinario de sesiones.<\/figcaption><\/figure>\n<\/div>\n<div dir=\"auto\"><\/div>\n<div dir=\"auto\">Como todos saben la tormenta que azot\u00f3 a Exaltaci\u00f3n de la Cruz el 9 de diciembre de 2022, hizo estragos en la escuela que se se encuentra en condiciones deplorables. No tienen sombra , espacios, aulas, etc. Se sigue atrasando el aprendizaje como si el Covid no fue suficiente&#8221;, mencion\u00f3 la mujer consider\u00e1ndose que ha comenzado el ciclo lectivo, y debido a las falencias, hasta la primera semana de marzo, los alumnos deb\u00edan alternarse para concurrir a clases durante la semana ante la falta de espacios alistados. Mansilla junto a otros padres, asistieron a la sesi\u00f3n de apertura de sesiones ordinarias del Concejo Deliberante donde se manifestaron reclamando soluciones a las autoridades y por momentos hubo algo de tensi\u00f3n.<\/div>\n<div dir=\"auto\"><\/div>\n<div dir=\"auto\">\n<figure id=\"attachment_19898\" aria-describedby=\"caption-attachment-19898\" style=\"width: 303px\" class=\"wp-caption alignleft\"><img loading=\"lazy\" decoding=\"async\" class=\"size-full wp-image-19898\" src=\"https:\/\/revistaepocadigital.com.ar\/wp-content\/uploads\/2023\/03\/BOZZANI-MARIA-L-1-rotated.jpg\" alt=\"\" width=\"303\" height=\"464\" srcset=\"https:\/\/revistaepocadigital.com.ar\/wp-content\/uploads\/2023\/03\/BOZZANI-MARIA-L-1-rotated.jpg 303w, https:\/\/revistaepocadigital.com.ar\/wp-content\/uploads\/2023\/03\/BOZZANI-MARIA-L-1-196x300.jpg 196w, https:\/\/revistaepocadigital.com.ar\/wp-content\/uploads\/2023\/03\/BOZZANI-MARIA-L-1-274x420.jpg 274w\" sizes=\"auto, (max-width: 303px) 100vw, 303px\" \/><figcaption id=\"caption-attachment-19898\" class=\"wp-caption-text\">La secretaria de coordinaci\u00f3n general, Mar\u00eda Luz Bozzani, al cabo del inicio de las sesiones ordinarias del HCD, habl\u00f3 con vecinos por los reclamos planteados.<\/figcaption><\/figure>\n<\/div>\n<\/div>\n<p>&nbsp;<\/p>\n<p>&nbsp;<\/p>\n<div dir=\"auto\">Otro vecino coment\u00f3 a EPOCA, que se hab\u00edan comenzado las obras para acondicionar el edificio de la escuela, &#8220;que tiene problemas desde hace a\u00f1os y la gran tormenta los agravaron, no se entiende como las autoridades de la municipalidad que deb\u00edan ocuparse, tardaron tanto en hacerlo y se vino el comienzo de las clases encima&#8221;.<\/div>\n<div dir=\"auto\"><\/div>\n<div class=\"x11i5rnm xat24cr x1mh8g0r x1vvkbs xdj266r x126k92a\">\n<div dir=\"auto\">Mostrando fotos del edificio al d\u00eda 1 de marzo pasado, la misma vecina mencion\u00f3 que &#8220;fueron realizados los reclamos mediante una nota formal en Consejo Escolar de Capilla del Se\u00f1or. As\u00ed est\u00e1 la escuela hoy!. Queremos respuestas. Queremos la escuela en condiciones. Exigimos respuesta de autoridades. Con la educaci\u00f3n p\u00fablica no&#8221;.<\/div>\n<\/div>\n<div dir=\"auto\"><\/div>\n<div dir=\"auto\"><strong>REUNI\u00d3N CON EL INTENDENTE.<\/strong><\/div>\n<div dir=\"auto\"><em>Al cabo de la reuni\u00f3n propuesta por el intendente Diego Nanni, luego de la sesi\u00f3n en el HCD, el municipio se comprometi\u00f3 a que el 27 de marzo comience a pleno la actividad educativa en la Escuela de Carlos Lem\u00e9e.<\/em><\/div>\n<div dir=\"auto\"><\/div>\n<div dir=\"auto\">&#8220;La escuela de Carlos Lem\u00e9e, ya ven\u00eda mal desde hac\u00eda tiempo y la tormenta de diciembre lo que hizo fue terminar de afectar todo. Cayeron \u00e1rboles encima del edificio y destrozaron todo. Pero bueno, como digo, la escuela tra\u00eda falencias hace a\u00f1os. La poda de esos \u00e1rboles por ejemplo, estaba pedida pero nos dijeron que no hab\u00eda presupuesto, y como esas cosas otras m\u00e1s. El enojo de nosotros como madres y padres se dio porque el municipio no se acuerda de la escuela de Carlos Lem\u00e9e&#8221; rese\u00f1\u00f3 la vecina. Luego agreg\u00f3, &#8220;como no tuvimos respuestas concretas, decidimos ir al Concejo Deliberante y fue as\u00ed que logramos hablar con el intendente Nanni. Por mi parte, hab\u00eda presentado una carta con mi reclamo por la situaci\u00f3n en el Consejo Escolar que fue sellada, y tambi\u00e9n hice un reclamo en la Defensor\u00eda de la Provincia de Buenos Aires. Ahora nos queda esperar para ver si cumplen&#8230;&#8221;, termin\u00f3 diciendo Ivana.<\/div>\n<div dir=\"auto\"><\/div>\n<div dir=\"auto\">Fotos: portada archivo y EPOCA.<\/div>\n","protected":false},"excerpt":{"rendered":"<p>ACTUALIZACI\u00d3N. LOS SERIOS DA\u00d1OS LUEGO DEL TEMPORAL EN DICIEMBRE PASADO, Y LAS DEFICIENCIAS EXISTENTES EN EL EDIFICIO, LLEVARON A LOS PLANTEOS JUSTIFICADOS DE MADRES Y PADRES DE ALUMNOS.<\/p>\n","protected":false},"author":4,"featured_media":20103,"comment_status":"open","ping_status":"open","sticky":false,"template":"","format":"standard","meta":{"footnotes":"","jetpack_publicize_message":"","jetpack_publicize_feature_enabled":true,"jetpack_social_post_already_shared":false,"jetpack_social_options":{"image_generator_settings":{"template":"highway","default_image_id":0,"font":"","enabled":false},"version":2}},"categories":[17],"tags":[2226,344,932],"class_list":["post-19893","post","type-post","status-publish","format-standard","has-post-thumbnail","hentry","category-politica","tag-escuela-lemee","tag-obras","tag-reclamos"],"jetpack_publicize_connections":[],"jetpack_featured_media_url":"https:\/\/revistaepocadigital.com.ar\/wp-content\/uploads\/2023\/03\/escuel-lemee.jpg","jetpack_likes_enabled":true,"_links":{"self":[{"href":"https:\/\/revistaepocadigital.com.ar\/index.php?rest_route=\/wp\/v2\/posts\/19893","targetHints":{"allow":["GET"]}}],"collection":[{"href":"https:\/\/revistaepocadigital.com.ar\/index.php?rest_route=\/wp\/v2\/posts"}],"about":[{"href":"https:\/\/revistaepocadigital.com.ar\/index.php?rest_route=\/wp\/v2\/types\/post"}],"author":[{"embeddable":true,"href":"https:\/\/revistaepocadigital.com.ar\/index.php?rest_route=\/wp\/v2\/users\/4"}],"replies":[{"embeddable":true,"href":"https:\/\/revistaepocadigital.com.ar\/index.php?rest_route=%2Fwp%2Fv2%2Fcomments&post=19893"}],"version-history":[{"count":0,"href":"https:\/\/revistaepocadigital.com.ar\/index.php?rest_route=\/wp\/v2\/posts\/19893\/revisions"}],"wp:featuredmedia":[{"embeddable":true,"href":"https:\/\/revistaepocadigital.com.ar\/index.php?rest_route=\/wp\/v2\/media\/20103"}],"wp:attachment":[{"href":"https:\/\/revistaepocadigital.com.ar\/index.php?rest_route=%2Fwp%2Fv2%2Fmedia&parent=19893"}],"wp:term":[{"taxonomy":"category","embeddable":true,"href":"https:\/\/revistaepocadigital.com.ar\/index.php?rest_route=%2Fwp%2Fv2%2Fcategories&post=19893"},{"taxonomy":"post_tag","embeddable":true,"href":"https:\/\/revistaepocadigital.com.ar\/index.php?rest_route=%2Fwp%2Fv2%2Ftags&post=19893"}],"curies":[{"name":"wp","href":"https:\/\/api.w.org\/{rel}","templated":true}]}}