{"id":19906,"date":"2023-03-07T01:08:15","date_gmt":"2023-03-07T04:08:15","guid":{"rendered":"https:\/\/revistaepocadigital.com.ar\/?p=19906"},"modified":"2023-03-07T01:08:15","modified_gmt":"2023-03-07T04:08:15","slug":"los-diamante-valerio-y-su-hijo-aceleran","status":"publish","type":"post","link":"https:\/\/revistaepocadigital.com.ar\/?p=19906","title":{"rendered":"Los Diamante, Valerio y su hijo aceleran"},"content":{"rendered":"<p><strong>VELOCIDAD.<\/strong><!--more--><\/p>\n<p>El piloto capillense Valerio Diamante, campe\u00f3n de TC Regional 2022, este a\u00f1o va por otro campeonato pero en una nueva categor\u00eda: TC Bonaerense e integrado al importante equipo del reconocido Juanjo T\u00e1rtara. Este fin de semana comienza el calendario.<\/p>\n<p>En tanto su peque\u00f1o hijo Valentino quien anhela seguir los pasos de su padre en el automovilismo, contin\u00faa en 2023 compitiendo en karting y en dos categor\u00edas: Kart Plus e Iame, a la vez que su padre y abuelo, trabajan para que corra en la categor\u00eda Rotax, en los equipos Gom y Kart Racing.<\/p>\n<figure id=\"attachment_19908\" aria-describedby=\"caption-attachment-19908\" style=\"width: 391px\" class=\"wp-caption alignleft\"><img loading=\"lazy\" decoding=\"async\" class=\"size-full wp-image-19908\" src=\"https:\/\/revistaepocadigital.com.ar\/wp-content\/uploads\/2023\/03\/diamante-valentino.jpg\" alt=\"\" width=\"391\" height=\"432\" srcset=\"https:\/\/revistaepocadigital.com.ar\/wp-content\/uploads\/2023\/03\/diamante-valentino.jpg 391w, https:\/\/revistaepocadigital.com.ar\/wp-content\/uploads\/2023\/03\/diamante-valentino-272x300.jpg 272w, https:\/\/revistaepocadigital.com.ar\/wp-content\/uploads\/2023\/03\/diamante-valentino-380x420.jpg 380w\" sizes=\"auto, (max-width: 391px) 100vw, 391px\" \/><figcaption id=\"caption-attachment-19908\" class=\"wp-caption-text\">Valerio asiste a su hijo Valentino.<\/figcaption><\/figure>\n<p>Valentino corri\u00f3 el pasado domingo 5 de marzo, logrando la victoria, sin embargo un recargo posterior por una maniobra contra un rival, medida considerada injusta por los Diamante, lo ubic\u00f3 tercero.<\/p>\n<p>&nbsp;<\/p>\n","protected":false},"excerpt":{"rendered":"<p>VELOCIDAD.<\/p>\n","protected":false},"author":4,"featured_media":19909,"comment_status":"open","ping_status":"open","sticky":false,"template":"","format":"standard","meta":{"footnotes":"","jetpack_publicize_message":"","jetpack_publicize_feature_enabled":true,"jetpack_social_post_already_shared":false,"jetpack_social_options":{"image_generator_settings":{"template":"highway","default_image_id":0,"font":"","enabled":false},"version":2}},"categories":[9],"tags":[22,333],"class_list":["post-19906","post","type-post","status-publish","format-standard","has-post-thumbnail","hentry","category-deportes","tag-automovilismo","tag-diamante"],"jetpack_publicize_connections":[],"jetpack_featured_media_url":"https:\/\/revistaepocadigital.com.ar\/wp-content\/uploads\/2023\/03\/diaman-valeri-y-valenti.jpg","jetpack_likes_enabled":true,"_links":{"self":[{"href":"https:\/\/revistaepocadigital.com.ar\/index.php?rest_route=\/wp\/v2\/posts\/19906","targetHints":{"allow":["GET"]}}],"collection":[{"href":"https:\/\/revistaepocadigital.com.ar\/index.php?rest_route=\/wp\/v2\/posts"}],"about":[{"href":"https:\/\/revistaepocadigital.com.ar\/index.php?rest_route=\/wp\/v2\/types\/post"}],"author":[{"embeddable":true,"href":"https:\/\/revistaepocadigital.com.ar\/index.php?rest_route=\/wp\/v2\/users\/4"}],"replies":[{"embeddable":true,"href":"https:\/\/revistaepocadigital.com.ar\/index.php?rest_route=%2Fwp%2Fv2%2Fcomments&post=19906"}],"version-history":[{"count":0,"href":"https:\/\/revistaepocadigital.com.ar\/index.php?rest_route=\/wp\/v2\/posts\/19906\/revisions"}],"wp:featuredmedia":[{"embeddable":true,"href":"https:\/\/revistaepocadigital.com.ar\/index.php?rest_route=\/wp\/v2\/media\/19909"}],"wp:attachment":[{"href":"https:\/\/revistaepocadigital.com.ar\/index.php?rest_route=%2Fwp%2Fv2%2Fmedia&parent=19906"}],"wp:term":[{"taxonomy":"category","embeddable":true,"href":"https:\/\/revistaepocadigital.com.ar\/index.php?rest_route=%2Fwp%2Fv2%2Fcategories&post=19906"},{"taxonomy":"post_tag","embeddable":true,"href":"https:\/\/revistaepocadigital.com.ar\/index.php?rest_route=%2Fwp%2Fv2%2Ftags&post=19906"}],"curies":[{"name":"wp","href":"https:\/\/api.w.org\/{rel}","templated":true}]}}