{"id":19914,"date":"2023-03-07T10:40:24","date_gmt":"2023-03-07T13:40:24","guid":{"rendered":"https:\/\/revistaepocadigital.com.ar\/?p=19914"},"modified":"2023-03-07T10:40:24","modified_gmt":"2023-03-07T13:40:24","slug":"autos-clasicos-de-capilla-a-cardales-verdaderas-joyas-mecanicas-en-accion","status":"publish","type":"post","link":"https:\/\/revistaepocadigital.com.ar\/?p=19914","title":{"rendered":"&#8220;Autos Cl\u00e1sicos, de Capilla a Cardales&#8221;, verdaderas joyas mec\u00e1nicas en acci\u00f3n"},"content":{"rendered":"<p><strong>Este s\u00e1bado 18 de marzo. Uno de los organizadores de &#8220;Autos Cl\u00e1sicos, de Capilla a Cardales&#8221;, Osvaldo Toba, da detalles.<\/strong><!--more--><\/p>\n<p>Tiene lugar la tan atractiva muestra \u201c<strong>Autos Cl\u00e1sicos, de Capilla a Cardales\u201d,<\/strong> evento anual organizado por la Agrupaci\u00f3n Pilar Cl\u00e1sicos y Baquets, que cuenta con el apoyo de la Direcci\u00f3n de Turismo del municipio y el Centro Cultural Cardales.<\/p>\n<p>Comienza a\u00a0 las 9.30 en la Plaza San Martin de Capilla del Se\u00f1or, desde all\u00ed se ponen en marcha las verdaderas joyas mec\u00e1nica en impecable estado, para efectuar la traves\u00eda por el camino de tierra que une Capilla con Cardales. Durante el trayecto, se previ\u00f3 una pausa en el Peque\u00f1o Hogar Exaltaci\u00f3n para entregar las donaciones recolectadas, luego viene el almuerzo en el\u00a0 camino y finaliza con la exposici\u00f3n entre las 14.30 y 18 horas en el Parque Cultural Cardales. En el predio, podr\u00e1n observarse de cerca veh\u00edculos, verdaderas joyas de la historia automovil\u00edstica.<\/p>\n<p><img loading=\"lazy\" decoding=\"async\" class=\"alignleft size-full wp-image-19918\" src=\"https:\/\/revistaepocadigital.com.ar\/wp-content\/uploads\/2023\/03\/autos-clas-car-3.jpg\" alt=\"\" width=\"537\" height=\"523\" srcset=\"https:\/\/revistaepocadigital.com.ar\/wp-content\/uploads\/2023\/03\/autos-clas-car-3.jpg 537w, https:\/\/revistaepocadigital.com.ar\/wp-content\/uploads\/2023\/03\/autos-clas-car-3-300x292.jpg 300w, https:\/\/revistaepocadigital.com.ar\/wp-content\/uploads\/2023\/03\/autos-clas-car-3-431x420.jpg 431w\" sizes=\"auto, (max-width: 537px) 100vw, 537px\" \/><\/p>\n<p>&nbsp;<\/p>\n<p>&nbsp;<\/p>\n<p>&nbsp;<\/p>\n<p>&nbsp;<\/p>\n<p>&nbsp;<\/p>\n<p>&nbsp;<\/p>\n<p>&nbsp;<\/p>\n<p>&nbsp;<\/p>\n<p>&nbsp;<\/p>\n<p>&nbsp;<\/p>\n<p><img loading=\"lazy\" decoding=\"async\" class=\"alignleft size-full wp-image-19922\" src=\"https:\/\/revistaepocadigital.com.ar\/wp-content\/uploads\/2023\/03\/autos-cla-car-6.jpg\" alt=\"\" width=\"540\" height=\"392\" srcset=\"https:\/\/revistaepocadigital.com.ar\/wp-content\/uploads\/2023\/03\/autos-cla-car-6.jpg 540w, https:\/\/revistaepocadigital.com.ar\/wp-content\/uploads\/2023\/03\/autos-cla-car-6-300x218.jpg 300w, https:\/\/revistaepocadigital.com.ar\/wp-content\/uploads\/2023\/03\/autos-cla-car-6-324x235.jpg 324w\" sizes=\"auto, (max-width: 540px) 100vw, 540px\" \/><\/p>\n<p><img loading=\"lazy\" decoding=\"async\" class=\"alignright size-full wp-image-19919\" src=\"https:\/\/revistaepocadigital.com.ar\/wp-content\/uploads\/2023\/03\/autos-cla-car1.jpg\" alt=\"\" width=\"783\" height=\"709\" srcset=\"https:\/\/revistaepocadigital.com.ar\/wp-content\/uploads\/2023\/03\/autos-cla-car1.jpg 783w, https:\/\/revistaepocadigital.com.ar\/wp-content\/uploads\/2023\/03\/autos-cla-car1-300x272.jpg 300w, https:\/\/revistaepocadigital.com.ar\/wp-content\/uploads\/2023\/03\/autos-cla-car1-768x695.jpg 768w, https:\/\/revistaepocadigital.com.ar\/wp-content\/uploads\/2023\/03\/autos-cla-car1-696x630.jpg 696w, https:\/\/revistaepocadigital.com.ar\/wp-content\/uploads\/2023\/03\/autos-cla-car1-464x420.jpg 464w\" sizes=\"auto, (max-width: 783px) 100vw, 783px\" \/><\/p>\n<p>&nbsp;<\/p>\n<p>&nbsp;<\/p>\n<p>&nbsp;<\/p>\n<p>&nbsp;<\/p>\n<p>&nbsp;<\/p>\n<p><img loading=\"lazy\" decoding=\"async\" class=\"alignright size-full wp-image-19920\" src=\"https:\/\/revistaepocadigital.com.ar\/wp-content\/uploads\/2023\/03\/autos-clasi-carda5.jpg\" alt=\"\" width=\"387\" height=\"432\" srcset=\"https:\/\/revistaepocadigital.com.ar\/wp-content\/uploads\/2023\/03\/autos-clasi-carda5.jpg 387w, https:\/\/revistaepocadigital.com.ar\/wp-content\/uploads\/2023\/03\/autos-clasi-carda5-269x300.jpg 269w, https:\/\/revistaepocadigital.com.ar\/wp-content\/uploads\/2023\/03\/autos-clasi-carda5-376x420.jpg 376w\" sizes=\"auto, (max-width: 387px) 100vw, 387px\" \/><\/p>\n<p>&nbsp;<\/p>\n<p>&nbsp;<\/p>\n<p>&nbsp;<\/p>\n<p>En charla con el vecino y miembro de la Agrupaci\u00f3n Pilar Cl\u00e1sicos y Baquets, <strong>Osvaldo Toba,<\/strong> dio detalles del evento y de la organizaci\u00f3n.<\/p>\n<p>-\u00bfQu\u00e9 caracter\u00edsticas tiene la muestra?<br \/>\n&#8211;<em>Es una reuni\u00f3n entre la mayor\u00eda de amigos que compartimos la pasi\u00f3n por los fierros y su historia, nos juntamos a ver nuestros autos y compartir historias, informaci\u00f3n, intercambiamos experiencias, nos ayudamos y compartimos todo con la gente. Todos los eventos incluyen un acto solidario, adem\u00e1s desde ya, de sentir el placer de salir a pasear con nuestros autos recibiendo el cari\u00f1o de la gente que los ve, se alegra, disfruta junto a nosotros, saludan y se emocionan mucho.<\/em><\/p>\n<p>-\u00bfQu\u00e9 clase de autos pueden participar y que cantidad \u00a0estiman para esta edici\u00f3n del evento?<br \/>\n<em>-Participan autos desde 1915 hasta 1970 y esperamos contar con unos 25 veh\u00edculos.<\/em><\/p>\n<p>-\u00bfEn la zona nuestra c\u00f3mo se desarrolla esta actividad de los autos cl\u00e1sicos, tan atrayente?, hay muchas personas con autos cl\u00e1sicos. realizan o participan en m\u00e1s eventos anuales?<br \/>\n<em>-Es muy importante la actividad, Cada vez hay m\u00e1s fan\u00e1ticos que se vuelcan a vivir de la pasi\u00f3n por esta clase de autos. Estamos presentes en todos los eventos a los que nos invitan y ya estamos pensando en la pr\u00f3xima salida.<\/em><\/p>\n<p>-Si tuviera que sintetizar, \u00bfqu\u00e9 lleva a que cada vez m\u00e1s en los \u00faltimos a\u00f1os haya crecido todo lo relacionado a veh\u00edculos cl\u00e1sicos y antiguos?<br \/>\n&#8211;<em>Y, es la m\u00edstica que involucra volver\u00a0 el tiempo atr\u00e1s reviviendo momentos familiares, trabajos, abuelos, historias, an\u00e9cdotas. Todo hace que nos volvamos \u201clocos\u201d por conseguir partes y repuestos para nuestros coches, a veces imposibles, recorriendo miles de lugares y al final lograr la recompensa cuando arranc\u00e1s y sub\u00eds a un abuelo o a un ni\u00f1o \u2026 Esa cara, esa emoci\u00f3n que viven no tiene precio. Por eso nos encanta la presencia de la gente a nuestro evento; desde Pilar Cl\u00e1sicos y Boquets, invitamos a todos y agradecemos la difusi\u00f3n de este evento, esperamos que muchos vecinos se acerquen a pasar un lindo momento y subirse a alguna de estas historias con ruedas.<\/em><\/p>\n<p>Fuente: Graciela Venturino<\/p>\n","protected":false},"excerpt":{"rendered":"<p>Este s\u00e1bado 18 de marzo. Uno de los organizadores de &#8220;Autos Cl\u00e1sicos, de Capilla a Cardales&#8221;, Osvaldo Toba, da detalles.<\/p>\n","protected":false},"author":3,"featured_media":19916,"comment_status":"open","ping_status":"open","sticky":false,"template":"","format":"standard","meta":{"footnotes":"","jetpack_publicize_message":"","jetpack_publicize_feature_enabled":true,"jetpack_social_post_already_shared":false,"jetpack_social_options":{"image_generator_settings":{"template":"highway","default_image_id":0,"font":"","enabled":false},"version":2}},"categories":[4,1081],"tags":[1102,738],"class_list":["post-19914","post","type-post","status-publish","format-standard","has-post-thumbnail","hentry","category-aqui-los-cardales","category-autos-en-epoca","tag-autos-clasicos","tag-evento"],"jetpack_publicize_connections":[],"jetpack_featured_media_url":"https:\/\/revistaepocadigital.com.ar\/wp-content\/uploads\/2023\/03\/autos-cla-car-0.jpg","jetpack_likes_enabled":true,"_links":{"self":[{"href":"https:\/\/revistaepocadigital.com.ar\/index.php?rest_route=\/wp\/v2\/posts\/19914","targetHints":{"allow":["GET"]}}],"collection":[{"href":"https:\/\/revistaepocadigital.com.ar\/index.php?rest_route=\/wp\/v2\/posts"}],"about":[{"href":"https:\/\/revistaepocadigital.com.ar\/index.php?rest_route=\/wp\/v2\/types\/post"}],"author":[{"embeddable":true,"href":"https:\/\/revistaepocadigital.com.ar\/index.php?rest_route=\/wp\/v2\/users\/3"}],"replies":[{"embeddable":true,"href":"https:\/\/revistaepocadigital.com.ar\/index.php?rest_route=%2Fwp%2Fv2%2Fcomments&post=19914"}],"version-history":[{"count":0,"href":"https:\/\/revistaepocadigital.com.ar\/index.php?rest_route=\/wp\/v2\/posts\/19914\/revisions"}],"wp:featuredmedia":[{"embeddable":true,"href":"https:\/\/revistaepocadigital.com.ar\/index.php?rest_route=\/wp\/v2\/media\/19916"}],"wp:attachment":[{"href":"https:\/\/revistaepocadigital.com.ar\/index.php?rest_route=%2Fwp%2Fv2%2Fmedia&parent=19914"}],"wp:term":[{"taxonomy":"category","embeddable":true,"href":"https:\/\/revistaepocadigital.com.ar\/index.php?rest_route=%2Fwp%2Fv2%2Fcategories&post=19914"},{"taxonomy":"post_tag","embeddable":true,"href":"https:\/\/revistaepocadigital.com.ar\/index.php?rest_route=%2Fwp%2Fv2%2Ftags&post=19914"}],"curies":[{"name":"wp","href":"https:\/\/api.w.org\/{rel}","templated":true}]}}