{"id":19924,"date":"2023-03-08T17:27:11","date_gmt":"2023-03-08T20:27:11","guid":{"rendered":"https:\/\/revistaepocadigital.com.ar\/?p=19924"},"modified":"2023-03-08T17:27:11","modified_gmt":"2023-03-08T20:27:11","slug":"ante-la-ola-de-calor-a-cuidar-el-consumo-de-luz","status":"publish","type":"post","link":"https:\/\/revistaepocadigital.com.ar\/?p=19924","title":{"rendered":"ANTE LA OLA DE CALOR, A CUIDAR EL CONSUMO DE LUZ"},"content":{"rendered":"<p><strong>INFORMACI\u00d3N \u00daTIL DESDE CEPRAL.<\/strong><!--more--><br \/>\n<img decoding=\"async\" src=\"https:\/\/41sau.img.a.d.sendibm1.com\/im\/2340286\/61d7dfa0b34b1472b2dbdc5e764896a0a393b3fa2d1884b19e8e8ad54242c335.jpg?e=PN2mEkzjQI_aRHeqo5Dtjieskpb0RPrJGLpZ3ng7a0gt7gyFNHNRk1Kghir8R74PTmwpJ9iyD5v8HkNyMClDXmxAYnV64YOf9uc1HZrZiPHfv_cnFvCDvMPyMBx7ys-KhQnb6HmUcdYVZ-QFu2pMa0cwKhmup1ZAX7LVNOFU1LRNsvvunkvAn_40UjcoVmSggwTdc6qTkJZQf5rY3Xs6WFoLSigRgeAkqb4R8g\" alt=\"\" border=\"0\" hspace=\"0\" \/><img decoding=\"async\" src=\"https:\/\/41sau.img.a.d.sendibm1.com\/im\/2340286\/621a8d0bd0700bab15580689b86538db3919dafc302e751eac6a6d88fbf2adf7.gif?e=2GwoYPV4jY8u1DiNIgbfINmEole3hWuF46As2S8ANgvBgFLC6H6AYXxXYsgEOYW09yYH_2Tm9ba61NBS539MpUTGtoRVsWaOq19_4xoBAh2mrpGej_P_kKowUbLuo5EoKINAFuLLxaRGoVTjX6Q4xDGCYsu1bR1aVbdPz-hU2AmFuna-aFeNFlVHAoKUbpm7NnQWaXkfJUWHd_D616OBqH4dkR6BqlDU5Q6ubw\" alt=\"\" border=\"0\" hspace=\"0\" data-inlineimagemanipulating=\"true\" \/><strong>\u00a1En Contacto!<\/strong><\/p>\n<div><strong>Estimados vecinos y usuarios:<\/strong><\/div>\n<div><\/div>\n<div>Les compartimos las principales noticias de nuestra Cooperativa.<\/div>\n<div><\/div>\n<div>Ante la situaci\u00f3n de emergencia en lo concerniente al alumbrado p\u00fablico, nos hemos reunido con las autoridades municipales para que nos definan las prioridades que consideran deberemos seguir, en tanto nuestra responsabilidad como empresa contratada por el Municipio de Exaltaci\u00f3n de la Cruz.<\/div>\n<div><\/div>\n<div>Debido a las temperaturas imperantes, instamos a nuestros usuarios y vecinos a hacer un uso racional de la energ\u00eda el\u00e9ctrica para prevenir cortes por restricci\u00f3n de carga de acuerdo a lo solicitado por nuestra proveedora EDEN S.A.<\/div>\n<div><\/div>\n<div>El ENACOM (Ente Nacional de Comunicaciones) nos comunic\u00f3 la Disposici\u00f3n Judicial\u00a0 respecto de la orden de bloqueo de Acceso a P\u00e1ginas WEB,\u00a0debido la medida dispuesta en el marco de los autos caratulados: \u201cDIRECTV ARGENTINA SA Y OTROS c\/ QUIEN RESULTE RESPONSABLE DE LOS NOMBRES DE DOMINIO s\/ MEDIDA AUTOSATISFACTIVA 10595\/2022-<\/div>\n<div><\/div>\n<div>Continuamos realizando el saneamiento de las redes de cobre para despejar las l\u00edneas de cableado.<\/div>\n<div><\/div>\n<div>Los mantendremos informados de los avances de nuestra gesti\u00f3n.<\/div>\n<div><\/div>\n<div><strong>\u00a0 \u00a0 \u00a0 \u00a0 \u00a0 \u00a0 \u00a0 \u00a0 \u00a0 \u00a0 \u00a0 \u00a0 \u00a0 \u00a0 \u00a0 \u00a0 \u00a0 \u00a0 \u00a0 \u00a0 \u00a0 \u00a0 \u00a0 Consejo de Administraci\u00f3n Cepral<\/strong><\/div>\n<div>\n<hr \/>\n<\/div>\n<p><img decoding=\"async\" src=\"https:\/\/41sau.img.a.d.sendibm1.com\/im\/2340286\/f904fd3f7b7068f173f9167c132f89f25f12346a88e9bfb9f266bc7009aae7e4.jpg?e=N71b6q2OLrrycsJ3lxn9i1awAmtQJbngyicnCQ1IapWYMNeoeUkLg18Nax-LnUq63swjKwb5qABmeElGVk3sEOhNr_XKDeQK3YDsk4hpzcj7BtASK81Igj6D-Xoky-POvXxeNnO1Mei36achx6KoQo_MFFTb3V129iYSCBUE1Cml5ep8ozQUZwSK3I-vwA7EXxcfUsheXscV7NEbg8KSuVmG1cxQ7l0U1IARLQ\" alt=\"\" border=\"0\" hspace=\"0\" data-inlineimagemanipulating=\"true\" \/><\/p>\n<div>\n<p><strong>ALUMBRADO P\u00daBLICO Y LA SITUACI\u00d3N DE EMERGENCIA\u00a0 <\/strong>En relaci\u00f3n a esta problem\u00e1tica, reiteramos la informaci\u00f3n que comunicamos en nuestra edici\u00f3n del 27 de enero pasado, acerca de los graves da\u00f1os ocasionados por la tormenta en la que se vio afectada la totalidad del \u00e1rea de concesi\u00f3n de la Cooperativa, donde los mayores destrozos se reflejaron en el Servicio de Alumbrado P\u00fablico, sector donde superamos las 4.500 luminarias instaladas.<\/p>\n<p>Como comentamos, las zonas m\u00e1s afectadas fueron los barrios El Remanso, Parque Exaltaci\u00f3n, Jular\u00f3, El Zorzal, Altos de Robles, Parque la Verdad y un sector de Parque Sakura.<\/p>\n<p>Una vez finalizado nuestros reportes y como resultado de la situaci\u00f3n analizada, se desprendi\u00f3 que si la Cooperativa no recibe ayuda econ\u00f3mica externa acorde a la erogaci\u00f3n que deber\u00e1 realizar en los pr\u00f3ximos meses para reconstruir el sistema de circuito el\u00e9ctrico del alumbrado p\u00fablico da\u00f1ado, no ser\u00e1 viable planificarlo con recursos genuinos en un plazo razonablemente l\u00f3gico.<\/p>\n<\/div>\n<div>En consecuencia, adem\u00e1s de haber presentado nuestros informes de alumbrado dominiciliario y v\u00eda p\u00fablica ante el Intendente de Exaltaci\u00f3n de la Cruz y a otros organismos, con la finalidad de darle visibilidad a la crucial situaci\u00f3n en la que se encuentra nuestra Cooperativa, la semana pasada nos reunimos con las autoridades de la Delegaci\u00f3n de Parada Robles.<\/div>\n<div><\/div>\n<div>Y tal cual lo adelantamos, esto inevitablemente incide en la cantidad de reclamos del alumbrado p\u00fablico que se est\u00e1n resolviendo a medida que las autoridades municipales nos transmiten las prioridades que consideran conveniente de acuerdo al plano de luminarias fuera de servicio.<\/div>\n<div><\/div>\n<div><strong>La Cooperativa, como empresa prestataria del Municipio, cuenta con un s\u00f3lo equipo contratado por el mismo, destinado a la reparaci\u00f3n de la red de almumbrado p\u00fablico.\u00a0<\/strong><\/div>\n<div><\/div>\n<div>Por \u00faltimo, ante la mala interpretaci\u00f3n de algunos usuarios sobre el <strong>alcance del subsidio que otorg\u00f3 la Provincia de Buenos Aires a Cepral,<\/strong><strong> informamos que dicho fondo compensa exclusivamente los costos declarados para la restructuraci\u00f3n de nuestro Servicio El\u00e9ctrico luego de los destrozos ocasionados por el temporal del 09\/12\/22 -da\u00f1os sobre equipos, compra de materiales, etc. <\/strong><\/div>\n<div><\/div>\n<div><strong>El Alumbrado P\u00fablico no es un servicio de esta Distribuidora, como se observa en el p\u00e1rrafo anterior, por lo que el subsidio recibido no es un recurso que podamos destinar al mismo.<\/strong><\/div>\n<p><img decoding=\"async\" src=\"https:\/\/41sau.img.a.d.sendibm1.com\/im\/2340286\/db8a480225806b0c5a27694b887ad8a900334ea8c9dda2d511bd5d7e500be280.jpg?e=hZ6O4K3-D57Zn--4hEyWPXePokEs4lO842fEjIXHrLbGQmOlACEB8-LeCpmhiH2xmkXyC23dHlnNV1RNRxzEptK6NCvNI2dhGnB9GLwnsb6JcMZunk0aGA2_hE6AAb97panpPSnTdtniPrhtNxbnxerhDwDiWedglmRurnnYb80VPvfGTOpGOjQWM4hqiIN8YxWkumSN23FZaQDEz6dNd0IHAiiYkZA6dTu6Gg\" alt=\"\" border=\"0\" hspace=\"0\" data-inlineimagemanipulating=\"true\" \/><img decoding=\"async\" src=\"https:\/\/41sau.img.a.d.sendibm1.com\/im\/2340286\/440ee6d5124ade2a203073249f1e69d1f33154da3762044e36ad591f9c63ce6a.jpg?e=Kh7HCurW8iGUZjfkgj5qlFgJLK9rk_2UwO-XvcWffgxobSjbjuAiGkyyhFtpF5wrvO4tsho-v0_4R6L6XzfXzJIf1_zgmUNtah1OGtaeDMbAbuyQQL0CGctHGJJguvzjoHsPCTVrLDykqc2_URF5szam-IjGgQ-u6SiikhRA3gFtxkoPys3vZ2-wWupHZIfCFh6gEXovO9WNF6Bk-ccSLsiwQKfReyOl3rMNYQ\" alt=\"\" border=\"0\" hspace=\"0\" data-inlineimagemanipulating=\"true\" \/><img decoding=\"async\" src=\"https:\/\/41sau.img.a.d.sendibm1.com\/im\/2340286\/7a71bc7adc13699dbdb518a89a8d660b6b14e0641f734217e2e3b98409edfbc3.jpg?e=L001vTUG60MLr0w6YeOZbRNPhTk5UaprtGQCSCxYkHkg4pRnlcZImnALSBlbrReBgmZJVFrGZR9DqPuBSB_UL4tzUVIjN4v3Md-jRz4i1e2AE-6_x8MDGcETOQHUXS_Vb-NNThbXsRkik2fUM7Z88XtloT4VOv4_pT4EIThAqRUebRsAoftBjh4vNIKDypCXJ8XXpQCUsAn21jXcC0rZ4e92ZlWKhRJtBai_7g\" alt=\"\" border=\"0\" hspace=\"0\" data-inlineimagemanipulating=\"true\" \/><\/p>\n<div>\n<p><strong>E<\/strong><strong>s<\/strong><strong>tamos realizando las tareas de saneamiento en nuestras redes de Telecomunicaciones.<\/strong><\/p>\n<p>Recordamos a nuestros usuarios que estas acciones nos obligan a desvincular el Servicio de Internet por ADSL.<\/p>\n<p>Actualmente estamos efectuando entre 12 y 15 nuevas altas diarias del Servicio Fibra \u00d3ptica en tu Hogar en los barrios que ya cuentan con la infraestructura necesaria.<\/p>\n<\/div>\n<div><\/div>\n<div><strong>Para migrar a este nuevo servicio, los invitamos a contactarse con nuestra Administraci\u00f3n.<\/strong><\/div>\n<div><img decoding=\"async\" src=\"https:\/\/41sau.img.a.d.sendibm1.com\/im\/2340286\/8d86047018a8b75ee8d1ed8ab52e9e4c80feb8e9717fa7581778e76e4508c7a6.jpg?e=7UYMzISsU3drmL_6NmHhpZDUfJiYwr_VByYQIdZZg9wsOC6dGXk4nMNj_6LYH0eZQcVSeMYUGcxctXeBmyfLoIpEOkK1xM1OCkUtiU6WbRD1CN7GIQ4GMkg2Aa_NckRfN6gVzGjGI_rgr9HO2I0PaTPsEPK165P73V4GUqPnky44N1jPztVA2YkZ9HwcA-fPuDn9__QnzEVqa_AqCgHmQCmY-c1YxIBWf-Ro2A\" alt=\"\" border=\"0\" hspace=\"0\" data-inlineimagemanipulating=\"true\" \/><\/div>\n<div><strong>BLOQUEO DE ACCESO A PAGINAS WEB<\/strong><\/div>\n<div><\/div>\n<div><\/div>\n<div>Ref.: NO-2023-12527222-APN-UIYT#ENACOM \u2013<\/div>\n<div>Disposici\u00f3n Judicial:<\/div>\n<div><\/div>\n<div>Estimados usuarios y vecinos, les transcribimos la nota que hemos recibido desde FECOTEL (la Federaci\u00f3n de Cooperativas Telef\u00f3nicas) en la que se detalla la Disposici\u00f3n Judicial respecto de la orden de bloqueo de Acceso a P\u00e1ginas WEB , a su vez, esta Federaci\u00f3n recibi\u00f3 la nota desde ENACOM (Ente Nacional de Comunicaciones):<\/div>\n<div><\/div>\n<div>De nuestra mayor consideraci\u00f3n:<\/div>\n<div><\/div>\n<div>Tenemos el agrado de dirigirnos a Ud., seg\u00fan la nota de la referencia, en la que se informa a esta Federaci\u00f3n sobre la medida dispuesta en el marco de los autos caratulados: \u201cDIRECTV ARGENTINA SA Y OTROS c\/ QUIEN RESULTE RESPONSABLE DE LOS NOMBRES DE DOMINIO s\/ MEDIDA AUTOSATISFACTIVA<\/div>\n<div>10595\/2022-\u201c, para circularizar entre nuestras entidades adheridas, con el objeto de comunicarle que se ordenar a todos los proveedores de Internet registrados ante el Ente Nacional de Comunicaciones (ENACOM) que bloqueen, de forma inmediata, el acceso desde el territorio argentino a los sitios web indicados a continuaci\u00f3n y bloqueen todos los servidores DNS sujetos a su control, de todas y cada una de las siguientes URLs:<\/div>\n<div>1) futbollibre.net, 2) televisionlibre.net, 3) supertelevisionhd.net, 4) rojadirectatv.tv,<\/div>\n<div>5) vertelevision.online, 6) photocall.tv, 7) futboltv.online, 8) cablegratis.online,<\/div>\n<div>9) telefullenvivo.com, 10) extremotvplay.com, 11) televisiongratishd.com,<\/div>\n<div>12) cablegratistv.online, 13) lateleenvivo.club, 14) chiringuitotv.online,<\/div>\n<div>15) tvconexion.com, 16) futboltvenvivo. com, 17) tarjetarojatvonline.sx,<\/div>\n<div>18) supertelevisionhd.com, 19) pirlotvonline.org, 20) lacasadeltikitakatv.net,<\/div>\n<div>21) telebunker.com, 22) televisiongratisenvivo.com, 23) futbolparatodos.net,<\/div>\n<div>24) rojadirectatv.pro, 25) ustvgo.tv, 26) pirlotvonline.info, 27) xtremostereo.net,<\/div>\n<div>28) pirlotv.uk, 29) pirlotv.futbol y 30) teleriumtv.<\/div>\n<div><\/div>\n<div>Asimismo, <strong>ordenar al Ente Nacional de Comunicaciones (ENACOM) que, en el plazo de dos d\u00edas, notifique a los proveedores de acceso a internet individualizados en la presentaci\u00f3n de fecha 07\/11\/22 lo dispuesto en el presente decisorio, haci\u00e9ndoles saber que deber\u00e1n incorporar al momento del bloqueo la leyenda: \u201cEn cumplimiento de la medida ordenada en la causa caratulada \u2018DIRECTV ARGENTINA SA y OTROS c\/ QUIEN RESULTE RESPONSABLE DE LOS NOMBRES DE DOMINIO s\/<\/strong><\/div>\n<div><strong>MEDIDA AUTOSATISFACTIVA\u2019 (expte. CCF 10595\/2022), en tr\u00e1mite ante el Juzgado Nacional de Primera Instancia en lo Civil y Comercial Federal n\u00b0 2, Secretar\u00eda nro. 3, sito en la calle Libertad 731, 4\u00b0, de la Ciudad Aut\u00f3noma de Buenos Aires, el presente sitio se encuentra bloqueado por encontrarse en infracci\u00f3n a derechos de propiedad intelectual\u201d. Fdo: Marcelo Gota, Juez Federal.<\/strong><\/div>\n<div>\n<hr \/>\n<\/div>\n<p><strong><img loading=\"lazy\" decoding=\"async\" class=\"alignleft\" src=\"https:\/\/41sau.img.a.d.sendibm1.com\/im\/2340286\/cf060f71fc00e78630c06ff80f7a3e19ee0f044b8f38f98e8457d472e0d76469.jpg?e=5TJfGmIVFyLBFv0l-9R_dFcrFftfY_3wsLNytPeB2mgxODvjCD58auegNhaQkb5QRg0N4dNAW0lJtaBK-Je0XWXsHSNk7IMWNoQ29Tc2j0xVpJZLU5tWoN2ejd-xRCg9La6i1cIN1C3qjOdvIqY0xlRznV1cZiYuiXloVzPOZX-OedFsM6n_rDT6auxl9rwzvTu6s4ZeDaQsJ172WF1WEphHcsguG08bDoLazA\" alt=\"\" width=\"164\" height=\"303\" border=\"0\" hspace=\"0\" data-inlineimagemanipulating=\"true\" \/>FIBRA \u00d3PTICA EN TU HOGAR PARA\u00a0 LOS VECINOS DE LAS SERIES\u00a0 1\u00b0, 2\u00b0, 3\u00b0, 4\u00b0 Y 6\u00b0 DE EL REMANSO Y JULAR\u00d3.<\/strong><\/p>\n<div>Seguimos programando las fechas de instalaci\u00f3n de los Servicios de Fibra \u00d3ptica en Tu Hogar y convocando a nuevos usuarios.<\/div>\n<div><\/div>\n<div>Hemos contratado cuadrillas externas para poder agilizar las tareas y cumplir con los plazos comprometidos.<\/div>\n<div><\/div>\n<div>A la fecha nos encontramos realizando un promedio de 12 a 15 altas diarias.<\/div>\n<p>&nbsp;<\/p>\n<hr \/>\n<div><strong>PARA UNA MEJOR ATENCI\u00d3N EN NUESTRA SEDE:<\/strong><\/div>\n<div>\u00a1Recomendamos gestionar previamente un turno personalizado a trav\u00e9s de nuestra p\u00e1gina web o desde el chat de CepralBot!<\/div>\n<hr \/>\n<p><img decoding=\"async\" src=\"https:\/\/41sau.img.a.d.sendibm1.com\/im\/2340286\/a5827e38abbdb895e0b646491991663b6e86f8e9a65a2ef61cb29d68e01d86bc.jpg?e=HGqWPP-yOUzh3MYEVT1w9KGj1kR9b9I6R8uQWppaoJLBm0oCIbfCn64W3ilp6m4-0QFC8Qif_aLNRr6oGTi8UGoADmIqBxEmDZH6Y5fFC4hR9QHH8NcSRmTho-aS1X9Pb5keKXyL_83pr7Ecj6vM6EQslgGTV5kas69oZxnp3KTm1Zc0dZNhziWkRG3VI1Jqja2J2jaYEL-Rjleb45FuA4S2wltysW-vBKtvog\" alt=\"\" border=\"0\" hspace=\"0\" data-inlineimagemanipulating=\"true\" \/><\/p>\n<div><strong>\u00bfA qu\u00e9 se deben los reiterados cortes del Servicio El\u00e9ctrico?<\/strong><\/div>\n<div><\/div>\n<div>Volvemos a solicitar la colaboraci\u00f3n de los vecinos en cuanto a la poda y mantenimiento de sus \u00e1rboles.\u00a0 Como lo venimos remarcando, muchos de los cortes de servicio el\u00e9ctrico se podr\u00edan evitar.<\/div>\n<div>\n<div>\n<div>\n<div><\/div>\n<div>Recordamos lo establecido en el Contrato de Conexi\u00f3n sobre la <strong>responsabilidad de los usuarios de mantener los \u00e1rboles plantados en la propiedad a una distancia no menor a los 3 metros de las redes el\u00e9ctricas.<\/strong> Esto es importante debido a que un gran porcentaje de las contingencias ocurridas (como en este el caso) se deben a las interferencias ocasionadas por la existencia de abundante vegetaci\u00f3n plantada por los vecinos en las cercan\u00edas de las redes el\u00e9ctricas.<\/div>\n<div><\/div>\n<div>\n<p>Dicha forestaci\u00f3n no deber\u00e1 tener contacto con la red el\u00e9ctrica. De ser as\u00ed, el propietario deber\u00e1 realizar inmediatamente la poda. Caso contrario, \u00e9ste ser\u00e1 responsable por los da\u00f1os y perjuicios que se originen tanto para nuestra instituci\u00f3n como as\u00ed tambi\u00e9n para los vecinos que resulten afectados.<\/p>\n<p>Debemos entender que son muchos los da\u00f1os y perjuicios que ocasiona una mala o inexistente poda.<\/p>\n<p>Informamos los compromisos asumidos al contratar el Servicio El\u00e9ctrico, detallados en la <strong>Resoluci\u00f3n 158\/11 del OCEBA<\/strong> y la <strong>Ordenanza Municipal Nro. 039\/2003<\/strong> que obligan a asumir las tareas de poda por parte de los vecinos.<\/p>\n<p><img decoding=\"async\" src=\"https:\/\/41sau.img.a.d.sendibm1.com\/im\/2340286\/ff68697b0bacf433fedc7a67283b6a7e25e55c73925223e9b5544590836f94ed.jpg?e=2BvnDNW_4jiQ4rmZYmwRsqh8dVubtel5slL7PrySxVDJ7HMcvEAFEzICPZdUEy6stxcroFJS8wGexT67vN8HotiY04mZNQY3cStCut0j8W793vePevAqeP062MmZwTzDYgtAuDvXs-LnlE9qSW-c6EuC8IVwK3FPwagUV53B_j83IaFf9dEvgjc4BPj4sLO4C1ZR0coLiKdg5kDi9vIIcul3Gf6Gjy6Ed-61yQ\" alt=\"\" border=\"0\" hspace=\"0\" data-inlineimagemanipulating=\"true\" \/><\/p>\n<p>Por favor, no dejar restos de poda bajo las l\u00edneas de cableado. \u00a1Prevengamos incendios, da\u00f1os en las viviendas e interrupci\u00f3n de los servicios!<\/p>\n<hr \/>\n<\/div>\n<\/div>\n<\/div>\n<\/div>\n<div><strong>QUITA DE SUBSIDIOS EN LAS TARIFAS DE ENERG\u00cdA<\/strong><\/div>\n<div><\/div>\n<div>\n<p>Recordamos que todos los niveles (N1 altos ingresos, N2 bajos ingresos, N3 ingresos medios) continuar\u00e1n con subsidio pero en menor porcentaje de manera escalonada, a partir de los pr\u00f3ximos meses y conforme lo que vayan indicando los pr\u00f3ximos Boletines Oficiales.<\/p>\n<p>El nuevo Cuadro Tarifario seg\u00fan Resoluci\u00f3n N\u00b0 1793 (Resolucion-1793-MIYSPGP-2022), para \u00c1rea Norte en nuestro caso, aplica nuevas tarifas y un porcentaje menor de subsidio a partir del 10\/01\/23 hasta el 31\/03\/23.<\/p>\n<\/div>\n<div><\/div>\n<div>Adem\u00e1s cuenta con un segundo cuadro a partir del 01\/04\/23 hasta el 30\/04\/23.<\/div>\n<div><\/div>\n<div>El nuevo Cuadro Tarifario puede verse en la web de Oceba, en men\u00fa<strong> TARIFAS<\/strong> \u2013 submen\u00fa <strong>Cuadros Tarifarios<\/strong>, como \u00c1rea Norte<\/div>\n<div><a href=\"https:\/\/41sau.r.a.d.sendibm1.com\/mk\/cl\/f\/E9WCiUad7wpI2ch9sjDP9kwDFKQvcm02STy7Y3RzRjUpu9A6j4w9MvXOh-CufENtKQFxFPqy16lsXRCwLNxJSartPPBeVhdR8L2q78pLhXJc-_u-ZV9eC8O4CwAVNGgvLzAQdju3COclSPxYNiz_tV96fcSIo80YcjteL-Lsjy4-7TFtUwWxinMcyEkIV2PSNNHiTOSPKmMFO2jdmJTEq7qKl1456DEPtgebGuDc6IQfc0YOK78\" target=\"_blank\" rel=\"noreferrer noopener\">https:\/\/www.oceba.gba.gov.ar\/nueva_web\/s.php?i=17<\/a><\/div>\n<div>\n<hr \/>\n<\/div>\n<p><img decoding=\"async\" src=\"https:\/\/41sau.img.a.d.sendibm1.com\/im\/2340286\/7bd64c8f13430af9e8e4628ea5f4c2ab5514cc3c0bfc2683e85a04f4349b16be.jpeg?e=6tRywjy6KFQIGJtgLPWMKMoWb1U7kodA4HMjpfk-TZ6Lm7WhR_1YrMWphwDLtdTv501XNHuxn2jW8nH41xCVGdpjOIwZR6-qDwHKLic4iS0AeTiFeFeJHvSw_0YJPIVx5hYAmnR8R2BopMuaihxAdvqbXUoarONps2-c9RHrtBnAUHT46Z2l0mYn7lj48T3jq5ePNwenF_vqdkDEDbLzC75WjNiJhcsifZmfkMU\" alt=\"\" border=\"0\" hspace=\"0\" data-inlineimagemanipulating=\"true\" \/><\/p>\n<div><b>INSCRIPCI\u00d3N PARA SUBSIDIOS A LA ENERG\u00cdA<\/b><\/div>\n<div>\n<div>\n<div><strong>Recordamos a nuestros usuarios que s<\/strong><strong>e mantine abierta la inscripci\u00f3n en el Registro de Acceso a los Subsidios a la Energ\u00eda (RASE) <u>para quienes no hayan iniciado el tr\u00e1mite y quieran mantener los subsidios a la energ\u00eda as\u00ed como para rectificar datos.<\/u><\/strong><\/div>\n<div><\/div>\n<div><strong>El tr\u00e1mite se podr\u00e1 realizar de la siguiente manera:<\/strong><\/div>\n<div><\/div>\n<div><strong>(I) Ingresando en<a href=\"https:\/\/41sau.r.a.d.sendibm1.com\/mk\/cl\/f\/QOzvlD2_RU9DcetWABdUbt6yrrNJGUt6_rg42SuvdlSY0LwSiSXeGu52H0ZCMthZNKL_Ulines7qtv0RXkXii0Tc2y-dFfIDx4QaUOzmBAHZm1VyA7aihuN7ZMnBeVA0M_G7dBgbMWlXjgr7S1s8yWx-u8pUzR3l9EAGOt31F_vl2VSf9SFTQ0NRCObuFU3QQe2oI3YvVl7qOqM9gkdgNLlPPEG804StOxD_gTkos5JdD9HZ\" target=\"_blank\" rel=\"noreferrer noopener\"> https:\/\/subsidios-energia.argentina.gob.ar<\/a> o desde la aplicaci\u00f3n Mi Argentina, o<\/strong><\/div>\n<div><\/div>\n<div><strong>(II) En la oficina de ANSES m\u00e1s cercana, para lo cual podr\u00e1 solicitar un turno por la p\u00e1gina web <a href=\"https:\/\/41sau.r.a.d.sendibm1.com\/mk\/cl\/f\/iL_kmyWET0HftFYv8vqQ1yHyYhUJ9g3EMo-J4adgDgrV3H4XrxAFF9RONXeEMvuNOozt-zO1N0rDtor3Tc5exE0OtzJCgLWn9ds0_194A-LoJjvO8DG_lnBLjEHNJtSNtbSe1AXJfbrIu3cQvYnvHgi_OZxc7X8fkP4G3gzA1Kf4Bcr7dUU0qd-M41XyKbjPnWXE1RK_By9lNpQ\" target=\"_blank\" rel=\"noreferrer noopener\">http:\/\/www.anses.gov.ar turnos<\/a>\u00a0.<\/strong><\/div>\n<div><\/div>\n<div><strong>Por otra parte, remarcamos que si bien, de conformidad con lo establecido en la Resoluci\u00f3n N\u00ba 631\/2022 y Disposici\u00f3n SPE N\u00ba 3\/2022, los usuarios beneficiarios de Tarifa Social se encuentran incorporados al padr\u00f3n de beneficiarios del RASE como Nivel 2 (Menores Ingresos), aquellos usuarios que no se hayan inscripto en el RASE deber\u00e1n realizar la inscripci\u00f3n, a fin de mantener el subsidio a la energ\u00eda.<\/strong><\/div>\n<\/div>\n<\/div>\n<div>\n<div>\n<div><\/div>\n<\/div>\n<\/div>\n<div><strong>\u00a0 \u00a0 \u00a0 \u00a0 \u00a0 \u00a0 \u00a0 \u00a0 \u00a0 \u00a0 \u00a0 \u00a0 \u00a0 \u00a0 \u00a0 \u00a0 \u00a0 \u00a0 \u00a0 \u00a0 \u00a0 \u00a0 \u00a0 Consejo de Administraci\u00f3n Cepral<\/strong><\/div>\n<hr \/>\n<p><img decoding=\"async\" src=\"https:\/\/41sau.img.a.d.sendibm1.com\/im\/2340286\/f904fd3f7b7068f173f9167c132f89f25f12346a88e9bfb9f266bc7009aae7e4.jpg?e=NW1arYx8ERCw0svi-DmxjHwmxyZv8-nQFh4qzaK4pd_W25q1Plf9b15M5cCX4Vznxvt9Ln3UvjK8KOHXBsrHTgJb4Q7u4dPJjTcya9Q8lR4yucDdr3Bs5_fesJPu03gkbgGnrS_412GbTO45Mket5jJqdkZHC1NwI3G4FQI_tz81HxNpCgSxYNVKYWrEpuzxt2Y3DnrYV3i32qUOxstsOWCrJtH4S4RSKWCEUQ\" alt=\"\" border=\"0\" hspace=\"0\" data-inlineimagemanipulating=\"true\" \/><\/p>\n<p><img decoding=\"async\" src=\"https:\/\/41sau.img.a.d.sendibm1.com\/im\/2340286\/a7acf7f596ece8aa7bd4937bb9160d3dad709fad2e9297fce73d205f23b5e1f6.jpg?e=2_RiiHyWhD4-Y8ZiKJAz0zf7XuJDSCSCCysLtUQFaHaCrgZ2jAQ8ogERJndpvIfy6q_nycVDL0OACfcapdce2zaB_4ecNsqp64ONTkwe44Owv3zFwISsivrloMX-j_B5qUNvoSQ3vWMOsech2ye7kC_3Oy9fyx9xUIh1i9ishKIXqn0NvQCQfl5w4lPW6VPpGGG3m3q-rdRLX0j1auCX9aihH6txEKSoy72W5g\" alt=\"\" border=\"0\" hspace=\"0\" data-inlineimagemanipulating=\"true\" \/><\/p>\n","protected":false},"excerpt":{"rendered":"<p>INFORMACI\u00d3N \u00daTIL DESDE CEPRAL.<\/p>\n","protected":false},"author":3,"featured_media":19931,"comment_status":"open","ping_status":"open","sticky":false,"template":"","format":"standard","meta":{"footnotes":"","jetpack_publicize_message":"","jetpack_publicize_feature_enabled":true,"jetpack_social_post_already_shared":false,"jetpack_social_options":{"image_generator_settings":{"template":"highway","default_image_id":0,"font":"","enabled":false},"version":2}},"categories":[5],"tags":[29,848],"class_list":["post-19924","post","type-post","status-publish","format-standard","has-post-thumbnail","hentry","category-aqui-parada-robles","tag-cepral","tag-informe"],"jetpack_publicize_connections":[],"jetpack_featured_media_url":"https:\/\/revistaepocadigital.com.ar\/wp-content\/uploads\/2023\/03\/CE.jpg","jetpack_likes_enabled":true,"_links":{"self":[{"href":"https:\/\/revistaepocadigital.com.ar\/index.php?rest_route=\/wp\/v2\/posts\/19924","targetHints":{"allow":["GET"]}}],"collection":[{"href":"https:\/\/revistaepocadigital.com.ar\/index.php?rest_route=\/wp\/v2\/posts"}],"about":[{"href":"https:\/\/revistaepocadigital.com.ar\/index.php?rest_route=\/wp\/v2\/types\/post"}],"author":[{"embeddable":true,"href":"https:\/\/revistaepocadigital.com.ar\/index.php?rest_route=\/wp\/v2\/users\/3"}],"replies":[{"embeddable":true,"href":"https:\/\/revistaepocadigital.com.ar\/index.php?rest_route=%2Fwp%2Fv2%2Fcomments&post=19924"}],"version-history":[{"count":0,"href":"https:\/\/revistaepocadigital.com.ar\/index.php?rest_route=\/wp\/v2\/posts\/19924\/revisions"}],"wp:featuredmedia":[{"embeddable":true,"href":"https:\/\/revistaepocadigital.com.ar\/index.php?rest_route=\/wp\/v2\/media\/19931"}],"wp:attachment":[{"href":"https:\/\/revistaepocadigital.com.ar\/index.php?rest_route=%2Fwp%2Fv2%2Fmedia&parent=19924"}],"wp:term":[{"taxonomy":"category","embeddable":true,"href":"https:\/\/revistaepocadigital.com.ar\/index.php?rest_route=%2Fwp%2Fv2%2Fcategories&post=19924"},{"taxonomy":"post_tag","embeddable":true,"href":"https:\/\/revistaepocadigital.com.ar\/index.php?rest_route=%2Fwp%2Fv2%2Ftags&post=19924"}],"curies":[{"name":"wp","href":"https:\/\/api.w.org\/{rel}","templated":true}]}}