{"id":19953,"date":"2023-03-04T22:14:37","date_gmt":"2023-03-05T01:14:37","guid":{"rendered":"https:\/\/revistaepocadigital.com.ar\/?p=19953"},"modified":"2023-03-13T09:46:52","modified_gmt":"2023-03-13T12:46:52","slug":"presta-atencion-hoy-viernes-10-de-marzo-corte-de-luz-programado-de-cepral","status":"publish","type":"post","link":"https:\/\/revistaepocadigital.com.ar\/?p=19953","title":{"rendered":"Prest\u00e1 atenci\u00f3n. Hoy viernes 10 de marzo, corte de luz programado de Cepral"},"content":{"rendered":"<p><strong>USUARIOS DE PARADA ROBLES Y PUENTE FIERRO.<\/strong><!--more--><\/p>\n<p>El Consejo de Administraci\u00f3n de Cepral, inform\u00f3 que este VIERNES 10\/03\/23 se realiza un corte de energ\u00eda. Es por obras de mantenimiento sobre la Red Media Tensi\u00f3n en la zona del corredor de V\u00eda 8 km 78, hacia Puente Fierro.<\/p>\n<p>El mismo se llevaba a cabo durante la ma\u00f1ana, en el horario de 6 a 7:30 horas, y estaba centralizado sobre la zona de la Ruta Nacional N\u00b0 8 km 78 hacia Puente Fierro y alrededores de la autov\u00eda.<\/p>\n<p>Afectaba a 180 usuarios en total, entre los cuales se encuentran la estaci\u00f3n de servicio YPF, establecimientos de educaci\u00f3n, tambo y granjas, entre otros.<\/p>\n<p>En caso de condiciones clim\u00e1ticas adversas, se reprogramar\u00e1n la tareas para otro d\u00eda.<\/p>\n<p>&#8220;Recordamos a nuestros usuarios que por favor reduzcan al m\u00ednimo posible la utilizaci\u00f3n de la energ\u00eda el\u00e9ctrica, haciendo un uso racional de la misma hasta que cambien las condiciones clim\u00e1ticas&#8221;, reiteraron desde Cepral a prop\u00f3sito de la prolongada ola de calor.<\/p>\n<p>&nbsp;<\/p>\n","protected":false},"excerpt":{"rendered":"<p>USUARIOS DE PARADA ROBLES Y PUENTE FIERRO.<\/p>\n","protected":false},"author":3,"featured_media":19954,"comment_status":"open","ping_status":"open","sticky":false,"template":"","format":"standard","meta":{"footnotes":"","jetpack_publicize_message":"","jetpack_publicize_feature_enabled":true,"jetpack_social_post_already_shared":false,"jetpack_social_options":{"image_generator_settings":{"template":"highway","default_image_id":0,"font":"","enabled":false},"version":2}},"categories":[5],"tags":[29,1795],"class_list":["post-19953","post","type-post","status-publish","format-standard","has-post-thumbnail","hentry","category-aqui-parada-robles","tag-cepral","tag-corte-luz"],"jetpack_publicize_connections":[],"jetpack_featured_media_url":"https:\/\/revistaepocadigital.com.ar\/wp-content\/uploads\/2023\/03\/cepral-1-foto.jpg","jetpack_likes_enabled":true,"_links":{"self":[{"href":"https:\/\/revistaepocadigital.com.ar\/index.php?rest_route=\/wp\/v2\/posts\/19953","targetHints":{"allow":["GET"]}}],"collection":[{"href":"https:\/\/revistaepocadigital.com.ar\/index.php?rest_route=\/wp\/v2\/posts"}],"about":[{"href":"https:\/\/revistaepocadigital.com.ar\/index.php?rest_route=\/wp\/v2\/types\/post"}],"author":[{"embeddable":true,"href":"https:\/\/revistaepocadigital.com.ar\/index.php?rest_route=\/wp\/v2\/users\/3"}],"replies":[{"embeddable":true,"href":"https:\/\/revistaepocadigital.com.ar\/index.php?rest_route=%2Fwp%2Fv2%2Fcomments&post=19953"}],"version-history":[{"count":0,"href":"https:\/\/revistaepocadigital.com.ar\/index.php?rest_route=\/wp\/v2\/posts\/19953\/revisions"}],"wp:featuredmedia":[{"embeddable":true,"href":"https:\/\/revistaepocadigital.com.ar\/index.php?rest_route=\/wp\/v2\/media\/19954"}],"wp:attachment":[{"href":"https:\/\/revistaepocadigital.com.ar\/index.php?rest_route=%2Fwp%2Fv2%2Fmedia&parent=19953"}],"wp:term":[{"taxonomy":"category","embeddable":true,"href":"https:\/\/revistaepocadigital.com.ar\/index.php?rest_route=%2Fwp%2Fv2%2Fcategories&post=19953"},{"taxonomy":"post_tag","embeddable":true,"href":"https:\/\/revistaepocadigital.com.ar\/index.php?rest_route=%2Fwp%2Fv2%2Ftags&post=19953"}],"curies":[{"name":"wp","href":"https:\/\/api.w.org\/{rel}","templated":true}]}}