{"id":20018,"date":"2023-03-16T22:36:12","date_gmt":"2023-03-17T01:36:12","guid":{"rendered":"https:\/\/revistaepocadigital.com.ar\/?p=20018"},"modified":"2023-03-16T22:36:42","modified_gmt":"2023-03-17T01:36:42","slug":"cepral-hoy-corte-de-luz-programado-para-mantenimiento","status":"publish","type":"post","link":"https:\/\/revistaepocadigital.com.ar\/?p=20018","title":{"rendered":"CEPRAL. HOY. CORTE DE LUZ PROGRAMADO PARA MANTENIMIENTO"},"content":{"rendered":"<p><strong>VIERNES 17 DE MARZO DE 2023.<\/strong><!--more--><\/p>\n<p>&nbsp;<\/p>\n<table class=\"yiv2058916728templateContainer\" border=\"0\" width=\"590\" cellspacing=\"0\" cellpadding=\"0\">\n<tbody>\n<tr>\n<td><strong>El Consejo de Administraci\u00f3n de CEPRAL, inform\u00f3 a usuarios de los barrios: La Verdad, Pav\u00f3n, Chacras del Molino y Los Pinos<\/strong><\/p>\n<p>El d\u00eda <strong>VIERNES 17\/03\/23<\/strong> se realiza un corte de energ\u00eda por obras de mantenimiento, sobre la red de Media Tensi\u00f3n en la zona del corredor v\u00edal Ruta Provincial N\u00b0 39.<\/p>\n<p>El mencionado corte se lleva a cabo en el horario de <strong>7:30 a 9 horas,<\/strong> y est\u00e1 centralizado sobre la zona de la Ruta Provincial N\u00b0 39 hacia Capilla del Se\u00f1or.<\/p>\n<p>Se ven afectados 500 usuarios en total, entre los cuales se encuentran los barrios <strong>La Verdad, Pav\u00f3n, Chacras del Molino y un sector de Los Pinos<\/strong>, establecimiento de educaci\u00f3n, entre otros.<\/p>\n<p>Si el tiempo se torna inestable, se reprogramar\u00e1n las tareas.<\/td>\n<\/tr>\n<\/tbody>\n<\/table>\n","protected":false},"excerpt":{"rendered":"<p>VIERNES 17 DE MARZO DE 2023.<\/p>\n","protected":false},"author":3,"featured_media":20022,"comment_status":"open","ping_status":"open","sticky":false,"template":"","format":"standard","meta":{"footnotes":"","jetpack_publicize_message":"","jetpack_publicize_feature_enabled":true,"jetpack_social_post_already_shared":false,"jetpack_social_options":{"image_generator_settings":{"template":"highway","default_image_id":0,"font":"","enabled":false},"version":2}},"categories":[5],"tags":[29,1795,2101],"class_list":["post-20018","post","type-post","status-publish","format-standard","has-post-thumbnail","hentry","category-aqui-parada-robles","tag-cepral","tag-corte-luz","tag-mantenimiento"],"jetpack_publicize_connections":[],"jetpack_featured_media_url":"https:\/\/revistaepocadigital.com.ar\/wp-content\/uploads\/2023\/03\/mail.jpg","jetpack_likes_enabled":true,"_links":{"self":[{"href":"https:\/\/revistaepocadigital.com.ar\/index.php?rest_route=\/wp\/v2\/posts\/20018","targetHints":{"allow":["GET"]}}],"collection":[{"href":"https:\/\/revistaepocadigital.com.ar\/index.php?rest_route=\/wp\/v2\/posts"}],"about":[{"href":"https:\/\/revistaepocadigital.com.ar\/index.php?rest_route=\/wp\/v2\/types\/post"}],"author":[{"embeddable":true,"href":"https:\/\/revistaepocadigital.com.ar\/index.php?rest_route=\/wp\/v2\/users\/3"}],"replies":[{"embeddable":true,"href":"https:\/\/revistaepocadigital.com.ar\/index.php?rest_route=%2Fwp%2Fv2%2Fcomments&post=20018"}],"version-history":[{"count":0,"href":"https:\/\/revistaepocadigital.com.ar\/index.php?rest_route=\/wp\/v2\/posts\/20018\/revisions"}],"wp:featuredmedia":[{"embeddable":true,"href":"https:\/\/revistaepocadigital.com.ar\/index.php?rest_route=\/wp\/v2\/media\/20022"}],"wp:attachment":[{"href":"https:\/\/revistaepocadigital.com.ar\/index.php?rest_route=%2Fwp%2Fv2%2Fmedia&parent=20018"}],"wp:term":[{"taxonomy":"category","embeddable":true,"href":"https:\/\/revistaepocadigital.com.ar\/index.php?rest_route=%2Fwp%2Fv2%2Fcategories&post=20018"},{"taxonomy":"post_tag","embeddable":true,"href":"https:\/\/revistaepocadigital.com.ar\/index.php?rest_route=%2Fwp%2Fv2%2Ftags&post=20018"}],"curies":[{"name":"wp","href":"https:\/\/api.w.org\/{rel}","templated":true}]}}