{"id":20027,"date":"2023-03-17T00:43:55","date_gmt":"2023-03-17T03:43:55","guid":{"rendered":"https:\/\/revistaepocadigital.com.ar\/?p=20027"},"modified":"2023-03-17T00:43:55","modified_gmt":"2023-03-17T03:43:55","slug":"el-hospital-de-cardales-desde-el-lunes-20-de-marzo-atencion-a-full","status":"publish","type":"post","link":"https:\/\/revistaepocadigital.com.ar\/?p=20027","title":{"rendered":"El Hospital de Cardales desde el lunes 20 de marzo, atenci\u00f3n a full"},"content":{"rendered":"<div dir=\"ltr\"><strong>ES EL HOSPITAL H\u00c9ROES DE LA PANDEMIA COVID-19<\/strong>.<\/div>\n<p><!--more--><\/p>\n<div dir=\"ltr\">Inaugurado tiempo atr\u00e1s con la presencia del presidente Alberto Fern\u00e1ndez, restaba que le fuera incorporado equipamiento. Finalizada esa etapa, se ha informado desde el nuevo Hospital H\u00e9roes de la Pandemia Covid -19 de Los Cardales, que a partir del lunes 20 de marzo desde las 7 horas, comenzar\u00e1 la atenci\u00f3n y funcionamiento completo de todas sus \u00e1reas, incluyendo la Guardia y el Servicio de Emergencias.<\/div>\n<div dir=\"ltr\"><\/div>\n<div dir=\"ltr\"><img loading=\"lazy\" decoding=\"async\" class=\"alignleft size-full wp-image-20029\" src=\"https:\/\/revistaepocadigital.com.ar\/wp-content\/uploads\/2023\/03\/PHOTO-2023-03-16-07-56-42-1.jpg\" alt=\"\" width=\"395\" height=\"395\" srcset=\"https:\/\/revistaepocadigital.com.ar\/wp-content\/uploads\/2023\/03\/PHOTO-2023-03-16-07-56-42-1.jpg 395w, https:\/\/revistaepocadigital.com.ar\/wp-content\/uploads\/2023\/03\/PHOTO-2023-03-16-07-56-42-1-300x300.jpg 300w, https:\/\/revistaepocadigital.com.ar\/wp-content\/uploads\/2023\/03\/PHOTO-2023-03-16-07-56-42-1-150x150.jpg 150w\" sizes=\"auto, (max-width: 395px) 100vw, 395px\" \/>L\u00ednea telef\u00f3nica para la atenci\u00f3n ante emergencias y consultas: 1138048086.<\/div>\n<div dir=\"ltr\">En cuanto a turnos, pueden solicitarse atrav\u00e9s de Whatsapp al 1136879707.<\/div>\n<div dir=\"ltr\"><\/div>\n","protected":false},"excerpt":{"rendered":"<p>ES EL HOSPITAL H\u00c9ROES DE LA PANDEMIA COVID-19.<\/p>\n","protected":false},"author":3,"featured_media":20028,"comment_status":"open","ping_status":"open","sticky":false,"template":"","format":"standard","meta":{"footnotes":"","jetpack_publicize_message":"","jetpack_publicize_feature_enabled":true,"jetpack_social_post_already_shared":false,"jetpack_social_options":{"image_generator_settings":{"template":"highway","default_image_id":0,"font":"","enabled":false},"version":2}},"categories":[4],"tags":[2233,133],"class_list":["post-20027","post","type-post","status-publish","format-standard","has-post-thumbnail","hentry","category-aqui-los-cardales","tag-funcionamiento","tag-hospital"],"jetpack_publicize_connections":[],"jetpack_featured_media_url":"https:\/\/revistaepocadigital.com.ar\/wp-content\/uploads\/2023\/03\/ho.jpg","jetpack_likes_enabled":true,"_links":{"self":[{"href":"https:\/\/revistaepocadigital.com.ar\/index.php?rest_route=\/wp\/v2\/posts\/20027","targetHints":{"allow":["GET"]}}],"collection":[{"href":"https:\/\/revistaepocadigital.com.ar\/index.php?rest_route=\/wp\/v2\/posts"}],"about":[{"href":"https:\/\/revistaepocadigital.com.ar\/index.php?rest_route=\/wp\/v2\/types\/post"}],"author":[{"embeddable":true,"href":"https:\/\/revistaepocadigital.com.ar\/index.php?rest_route=\/wp\/v2\/users\/3"}],"replies":[{"embeddable":true,"href":"https:\/\/revistaepocadigital.com.ar\/index.php?rest_route=%2Fwp%2Fv2%2Fcomments&post=20027"}],"version-history":[{"count":0,"href":"https:\/\/revistaepocadigital.com.ar\/index.php?rest_route=\/wp\/v2\/posts\/20027\/revisions"}],"wp:featuredmedia":[{"embeddable":true,"href":"https:\/\/revistaepocadigital.com.ar\/index.php?rest_route=\/wp\/v2\/media\/20028"}],"wp:attachment":[{"href":"https:\/\/revistaepocadigital.com.ar\/index.php?rest_route=%2Fwp%2Fv2%2Fmedia&parent=20027"}],"wp:term":[{"taxonomy":"category","embeddable":true,"href":"https:\/\/revistaepocadigital.com.ar\/index.php?rest_route=%2Fwp%2Fv2%2Fcategories&post=20027"},{"taxonomy":"post_tag","embeddable":true,"href":"https:\/\/revistaepocadigital.com.ar\/index.php?rest_route=%2Fwp%2Fv2%2Ftags&post=20027"}],"curies":[{"name":"wp","href":"https:\/\/api.w.org\/{rel}","templated":true}]}}