{"id":2006,"date":"2019-03-26T15:18:08","date_gmt":"2019-03-26T18:18:08","guid":{"rendered":"https:\/\/revistaepocadigital.com.ar\/?p=2006"},"modified":"2019-03-26T15:18:08","modified_gmt":"2019-03-26T18:18:08","slug":"despues-de-los-carnavales-el-informe-de-la-cooperadora-del-hospital","status":"publish","type":"post","link":"https:\/\/revistaepocadigital.com.ar\/?p=2006","title":{"rendered":"Despu\u00e9s de los carnavales, el informe de la Cooperadora del Hospital"},"content":{"rendered":"<p><strong>EL ESQUEMA ORGANIZATIVO.<\/strong><!--more--><\/p>\n<p>Estableci\u00f3 para los <strong>Carnavales 2017 en Capilla del Se\u00f1or,<\/strong> que una de las noches de corsos, su resultante econ\u00f3mico de dicho espect\u00e1culo, llevado a cabo la noche del pasado 2 de marzo, fuera a total beneficio del <strong>Hospital San Jos\u00e9,<\/strong> en cuyo \u00e1mbito trabaja la <strong>Asociaci\u00f3n Cooperadora<\/strong> presidida por <strong>Rosa Gambetti<\/strong> y desempe\u00f1\u00e1ndose como secretaria de la comisi\u00f3n, <strong>Olga Hern\u00e1ndez de Cuidet.<\/strong><\/p>\n<p>La Cooperadora dio a conocer un<strong> informe<\/strong> firmado por la presidente y la secretaria, respecto al corso del 2 de marzo y esto expresaron:<\/p>\n<p><em>&#8220;El s\u00e1bado 2 de marzo se realiz\u00f3 el Corso organizado por la Asociaci\u00f3n Cooperadora del Hospital Municipal San Jos\u00e9, a total beneficio del mismo.<\/em><\/p>\n<p><em>Se recaudaron 235.000 pesos, y como en otras oportunidades, esta cifraa ser\u00e1 invertida en su totalidad en nuestrocentro de salud, con la finalidad de aportar elementos necesarios para optimizar la atenci\u00f3n de los pacientes&#8221;.<\/em><\/p>\n<p>Mencionaron luego desde la Cooperadora, &#8220;<em>es nuestro deseo, destacar que nada ser\u00eda posible sin la valiosa colaboraci\u00f3n de toda la comunidad. Nuestro sincero agradecimiento a todos los que colaboraron como han sido, el municipio de Exaltaci\u00f3n de la Cruz, entidades de bien p\u00fablico como Rotary Club, Club de Leones, Bomberos Voluntarios de Capilla del Se\u00f1or; del mismo modo a las comparsas y todas las agrupaciones que aportaron ritmo, color y alegr\u00eda a la noche&#8221;.<\/em><\/p>\n<p>A su vez, resalt\u00f3 la Cooperadora, <em>&#8220;un destacado agradecimiento por la excelente conducci\u00f3n que fue realizada en forma gratuita, lo mismo que por el trabajo compartido con todos los que colaboraron en forma espont\u00e1nea, transitando juntos un momento de grata camarader\u00eda!. Gracias!. Por \u00faltimo acotaron, &#8220;son motores de nuestra labor en este &#8220;Fin en Com\u00fan&#8221;. Apoyar a nuestro querido Hospital!&#8221;.<\/em><\/p>\n<p>&nbsp;<\/p>\n<p>&nbsp;<\/p>\n","protected":false},"excerpt":{"rendered":"<p>EL ESQUEMA ORGANIZATIVO.<\/p>\n","protected":false},"author":4,"featured_media":2009,"comment_status":"open","ping_status":"open","sticky":false,"template":"","format":"standard","meta":{"footnotes":"","jetpack_publicize_message":"","jetpack_publicize_feature_enabled":true,"jetpack_social_post_already_shared":false,"jetpack_social_options":{"image_generator_settings":{"template":"highway","default_image_id":0,"font":"","enabled":false},"version":2}},"categories":[11,14],"tags":[173,274,37],"class_list":["post-2006","post","type-post","status-publish","format-standard","has-post-thumbnail","hentry","category-entidades","category-la-gente","tag-carnavales","tag-cooperadora-hospital","tag-destacada"],"jetpack_publicize_connections":[],"jetpack_featured_media_url":"https:\/\/revistaepocadigital.com.ar\/wp-content\/uploads\/2019\/03\/carnaval19.jpg","jetpack_likes_enabled":true,"_links":{"self":[{"href":"https:\/\/revistaepocadigital.com.ar\/index.php?rest_route=\/wp\/v2\/posts\/2006","targetHints":{"allow":["GET"]}}],"collection":[{"href":"https:\/\/revistaepocadigital.com.ar\/index.php?rest_route=\/wp\/v2\/posts"}],"about":[{"href":"https:\/\/revistaepocadigital.com.ar\/index.php?rest_route=\/wp\/v2\/types\/post"}],"author":[{"embeddable":true,"href":"https:\/\/revistaepocadigital.com.ar\/index.php?rest_route=\/wp\/v2\/users\/4"}],"replies":[{"embeddable":true,"href":"https:\/\/revistaepocadigital.com.ar\/index.php?rest_route=%2Fwp%2Fv2%2Fcomments&post=2006"}],"version-history":[{"count":0,"href":"https:\/\/revistaepocadigital.com.ar\/index.php?rest_route=\/wp\/v2\/posts\/2006\/revisions"}],"wp:featuredmedia":[{"embeddable":true,"href":"https:\/\/revistaepocadigital.com.ar\/index.php?rest_route=\/wp\/v2\/media\/2009"}],"wp:attachment":[{"href":"https:\/\/revistaepocadigital.com.ar\/index.php?rest_route=%2Fwp%2Fv2%2Fmedia&parent=2006"}],"wp:term":[{"taxonomy":"category","embeddable":true,"href":"https:\/\/revistaepocadigital.com.ar\/index.php?rest_route=%2Fwp%2Fv2%2Fcategories&post=2006"},{"taxonomy":"post_tag","embeddable":true,"href":"https:\/\/revistaepocadigital.com.ar\/index.php?rest_route=%2Fwp%2Fv2%2Ftags&post=2006"}],"curies":[{"name":"wp","href":"https:\/\/api.w.org\/{rel}","templated":true}]}}