{"id":20061,"date":"2023-03-17T22:18:16","date_gmt":"2023-03-18T01:18:16","guid":{"rendered":"https:\/\/revistaepocadigital.com.ar\/?p=20061"},"modified":"2023-03-19T18:07:49","modified_gmt":"2023-03-19T21:07:49","slug":"real-salas-la-cosa-fue-que-herling-comenzo-a-insultarme-y-decirme-que-yo-no-queria-trabajar","status":"publish","type":"post","link":"https:\/\/revistaepocadigital.com.ar\/?p=20061","title":{"rendered":"REAL SALAS: &#8220;la cosa fue que (Herling) comenz\u00f3 a insultarme, y decirme que yo no quer\u00eda trabajar&#8221;"},"content":{"rendered":"<p><strong>OTRA VEZ.<\/strong><!--more--><\/p>\n<p>De nuevo agresiones en el Concejo Deliberante y pasaron a los hechos. El serio episodio tuvo a dos concejales involucrados, el cardalense de Frente de Todos,<strong> Mart\u00edn Real Salas<\/strong> y el opositor de Juntos, <strong>Ariel Herling.<\/strong> La gravedad de lo sucedido entre dos representantes del pueblo, ha quedado marcada. Y como suele ocurrir cuando existe una controversia, cada involucrado sostiene que la visi\u00f3n real de lo sucedido, es la propia. Herling en nota aparte dio detalles pormenorizados. Real Salas muestra como observ\u00f3 lo sucedido con una visi\u00f3n absolutamente contrapuesta.<\/p>\n<p>Real Salas ha dicho que fue agredido y estaba dispuesto a recurrir a la justicia para rebatir las graves acusaciones recibidas que pusieron en jaque a su persona. &#8220;<em>Me siento mal, mal; lo que pas\u00f3 me descompagin\u00f3 todo. Me dieron un cabezazo, encima tengo que sobrellevar todo lo que se dice en las redes sociales, me han difamado&#8221;,<\/em> dijo el edil.<\/p>\n<p>A la hora de relatar el nuevo esc\u00e1ndalo en el Concejo, Real Salas dio se versi\u00f3n, &#8220;<em>est\u00e1bamos en el Concejo en una sesi\u00f3n cerrada, los martes tenemos que estar todos los concejales, pero solo est\u00e1bamos todos los oficialistas. Por la oposici\u00f3n s\u00f3lo se encontraba Herling, entonces le preguntamos si iban a venir los que faltaban. De por si me pareci\u00f3 vergonzoso. Herling respondi\u00f3 que con su presencia, bastaba para abrir la comisi\u00f3n y subir un proyecto. Yo le respond\u00ed que no hab\u00eda problema, pero que tambi\u00e9n hab\u00eda otros temas por tratar, hay notas de vecinos, escrituraciones sociales, asuntos de importancia sin dudas. Herling quer\u00eda subir el proyecto sin debatirlo como corresponde, yo le propuse que en la siguiente reuni\u00f3n de comis<\/em>i<em>\u00f3n<\/em> (16-3) <em>pod\u00edamos convocar a quienes correspond\u00eda para escuchar sus explicaciones\u201d.<\/em><\/p>\n<p>Al continuar, Real Salas sostuvo <em>&#8220;la cosa fue que<\/em> (Herling) <em>comenz\u00f3 a insultarme, a decirme que yo no quer\u00eda trabajar, que no me importaban los chicos. A todo esto yo sab\u00eda, que estaban buscando ese proyecto para utilizar a los chicos para hacer campa\u00f1a y seguir teni\u00e9ndolos de rehenes. Luego entr\u00f3 en cuestiones personales, si yo hab\u00eda tomado algo, todo delante de nuestros concejales. En ese momento le propuse hablar con \u00e9l en otro \u00e1mbito, sin interferir la sesi\u00f3n y fue cuando se me acerc\u00f3 en tono desafiante, se me puso cara a cara; pens\u00e9 que era suficiente, que no daba para m\u00e1s y en ese instante me peg\u00f3 un cabezazo y yo atin\u00e9 a sacarlo con una mano para atr\u00e1s. Y ah\u00ed empez\u00f3 a gritar diciendo que yo le hab\u00eda pegado y comenz\u00f3 a llamar por tel\u00e9fono a todo el mundo\u201d.<\/em><\/p>\n<p>Como Herling, tambi\u00e9n Real Salas deseo que se recuperara el video grabado por la c\u00e1mara existente en el HCD, <em>&#8220;ah\u00ed se ve como pas\u00f3 todo, y tambi\u00e9n como la concejal S\u00e1nchez me peg\u00f3 un carterazo.<\/em>\u00a0P<em>ara prevenir un problema con una mujer, empec\u00e9 a firmarla con mi celular y ella me insultaba, cualquier barbaridad\u201d.<\/em><\/p>\n<figure id=\"attachment_20064\" aria-describedby=\"caption-attachment-20064\" style=\"width: 300px\" class=\"wp-caption alignright\"><img loading=\"lazy\" decoding=\"async\" class=\"size-full wp-image-20064\" src=\"https:\/\/revistaepocadigital.com.ar\/wp-content\/uploads\/2023\/03\/real-sala.jpg\" alt=\"\" width=\"300\" height=\"168\" \/><figcaption id=\"caption-attachment-20064\" class=\"wp-caption-text\">Real Salas dio su versi\u00f3n, contrapuesta, de los hechos.<\/figcaption><\/figure>\n<p>Deslind\u00f3 tambi\u00e9n responsabilidades Real Salas ante la acusaci\u00f3n de haber agredido a la concejal S\u00e1nchez, &#8220;<em>cuando la empec\u00e9 a filmar, no s\u00e9 que sac\u00f3 de sua cartera y me lo puso sobre mi cara, yo pens\u00e9 que era un aerosol de gas pimienta y le d\u00ed un manotazo. &#8220;Despu\u00e9s<\/em> -acot\u00f3 el concejal- <em>empec\u00e9 a sentirme mal, tanto que tuve que ir a Cardales al hospital para tomarme la presi\u00f3n y me dio 19.9, una locura! Adem\u00e1s estuve en observaci\u00f3n por el golpe en la cabeza y me indicaron que me realizara estudios por el golpe que tengo en entre el p\u00f3mulo y la cien\u201d.<\/em><\/p>\n<p>Cuando habl\u00f3 sobre acusaciones recibidas desde redes sociales, sugiri\u00e9ndose que antes de la controversial sesi\u00f3n pudo consumir algunas &#8220;sustancias&#8221; y que tiene un frondoso prontuario\u201d, Real Salas desminti\u00f3 todo,<em> &#8220;nada que ver con todo eso!, y los que lo dijeron, van a tener que demostrarlo ante la justicia, voy a poner todo en manos de la justicia, voy a ir por todo. Se tiran contra mi fuente de ingresos, con mi trabajo, con mis tareas dentro de una escuelita de f\u00fatbol infantil, donde los chicos me toman como referente. Yo no tomo alcohol, no fumo, salgo a correr todos los d\u00edas tres kil\u00f3metros y lo puedo demostrar someti\u00e9ndome a cualquier tipo de estudios. Por eso quiero limpiar m\u00ed nombre y que de una vez por todas se deje de difamar a la gente, como se hace en esa p\u00e1gina en internet, y que caigan tambi\u00e9n los responsables de esa red social, aunque aclaro que me parece bien la libertad de expresi\u00f3n, pero no como la ponen en pr\u00e1ctica en esa p\u00e1gina, antes ya me hab\u00edan difamado.<\/em><\/p>\n<p>As\u00ed como Herling, hizo su propia interpretaci\u00f3n, tambi\u00e9n Real Salas.<em> &#8220;\u00bfA que se debe que haya surgido esta situaci\u00f3n hacia mi persona?, porque saben que yo no me quedo callado, que siempre defiendo mis ideales, pero esta vez se pasaron del l\u00edmite. Pero bueno desde que todo sali\u00f3 a la luz, mi tel\u00e9fono no par\u00f3 de sonar, todos para solidarizarse conmigo y es algo que me llena el coraz\u00f3n.<\/em><\/p>\n<p>Fuente: Noticias Exaltaci\u00f3n.<\/p>\n<p>Fotos: gentileza El Lugare\u00f1o y Noticias Exaltaci\u00f3n.<\/p>\n","protected":false},"excerpt":{"rendered":"<p>OTRA VEZ.<\/p>\n","protected":false},"author":4,"featured_media":20063,"comment_status":"open","ping_status":"open","sticky":false,"template":"","format":"standard","meta":{"footnotes":"","jetpack_publicize_message":"","jetpack_publicize_feature_enabled":true,"jetpack_social_post_already_shared":false,"jetpack_social_options":{"image_generator_settings":{"template":"highway","default_image_id":0,"font":"","enabled":false},"version":2}},"categories":[17],"tags":[379,1736],"class_list":["post-20061","post","type-post","status-publish","format-standard","has-post-thumbnail","hentry","category-politica","tag-hcd","tag-real-salas"],"jetpack_publicize_connections":[],"jetpack_featured_media_url":"https:\/\/revistaepocadigital.com.ar\/wp-content\/uploads\/2023\/03\/Real-Salas-martin-4.webp","jetpack_likes_enabled":true,"_links":{"self":[{"href":"https:\/\/revistaepocadigital.com.ar\/index.php?rest_route=\/wp\/v2\/posts\/20061","targetHints":{"allow":["GET"]}}],"collection":[{"href":"https:\/\/revistaepocadigital.com.ar\/index.php?rest_route=\/wp\/v2\/posts"}],"about":[{"href":"https:\/\/revistaepocadigital.com.ar\/index.php?rest_route=\/wp\/v2\/types\/post"}],"author":[{"embeddable":true,"href":"https:\/\/revistaepocadigital.com.ar\/index.php?rest_route=\/wp\/v2\/users\/4"}],"replies":[{"embeddable":true,"href":"https:\/\/revistaepocadigital.com.ar\/index.php?rest_route=%2Fwp%2Fv2%2Fcomments&post=20061"}],"version-history":[{"count":0,"href":"https:\/\/revistaepocadigital.com.ar\/index.php?rest_route=\/wp\/v2\/posts\/20061\/revisions"}],"wp:featuredmedia":[{"embeddable":true,"href":"https:\/\/revistaepocadigital.com.ar\/index.php?rest_route=\/wp\/v2\/media\/20063"}],"wp:attachment":[{"href":"https:\/\/revistaepocadigital.com.ar\/index.php?rest_route=%2Fwp%2Fv2%2Fmedia&parent=20061"}],"wp:term":[{"taxonomy":"category","embeddable":true,"href":"https:\/\/revistaepocadigital.com.ar\/index.php?rest_route=%2Fwp%2Fv2%2Fcategories&post=20061"},{"taxonomy":"post_tag","embeddable":true,"href":"https:\/\/revistaepocadigital.com.ar\/index.php?rest_route=%2Fwp%2Fv2%2Ftags&post=20061"}],"curies":[{"name":"wp","href":"https:\/\/api.w.org\/{rel}","templated":true}]}}