{"id":20088,"date":"2023-04-01T00:17:41","date_gmt":"2023-04-01T03:17:41","guid":{"rendered":"https:\/\/revistaepocadigital.com.ar\/?p=20088"},"modified":"2023-04-01T03:44:50","modified_gmt":"2023-04-01T06:44:50","slug":"natali-balige-en-el-mundial-de-tenis-en-turquia-orgullo-exaltacruceno","status":"publish","type":"post","link":"https:\/\/revistaepocadigital.com.ar\/?p=20088","title":{"rendered":"Mundial de Tenis en Turqu\u00eda. \u00a1Subcampe\u00f3n el equipo argentino +30 con Natal\u00ed Balige!"},"content":{"rendered":"<p><strong>EXTRAORDINARIA ACTUACI\u00d3N.<\/strong><!--more--><\/p>\n<p>La Argentina culmin\u00f3 su participaci\u00f3n en el Mundial Young Seniors de tenis por equipos en Turqu\u00eda. Y lo hizo con grandes resultados y presencia en todas las categor\u00edas (+30, +35, +40, +45 y +50 tanto en damas como en caballeros). La<strong> delegaci\u00f3n nacional regresaba al pa\u00eds con las medallas de un segundo y cuarto puesto.<\/strong><\/p>\n<figure id=\"attachment_20264\" aria-describedby=\"caption-attachment-20264\" style=\"width: 395px\" class=\"wp-caption aligncenter\"><img loading=\"lazy\" decoding=\"async\" class=\"size-full wp-image-20264\" src=\"https:\/\/revistaepocadigital.com.ar\/wp-content\/uploads\/2023\/03\/IMG_2070.jpg\" alt=\"\" width=\"395\" height=\"206\" srcset=\"https:\/\/revistaepocadigital.com.ar\/wp-content\/uploads\/2023\/03\/IMG_2070.jpg 395w, https:\/\/revistaepocadigital.com.ar\/wp-content\/uploads\/2023\/03\/IMG_2070-300x156.jpg 300w\" sizes=\"auto, (max-width: 395px) 100vw, 395px\" \/><figcaption id=\"caption-attachment-20264\" class=\"wp-caption-text\">El podio de las argentinas +30. Alemania campe\u00f3n; la Argentina subcampe\u00f3n (izq) con Natal\u00ed Balige; Estados Unidos 3\u00b0 y Sud\u00e1frica, 4\u00b0<\/figcaption><\/figure>\n<p><img loading=\"lazy\" decoding=\"async\" class=\"aligncenter size-full wp-image-20265\" src=\"https:\/\/revistaepocadigital.com.ar\/wp-content\/uploads\/2023\/03\/tenis-natali-2.jpg\" alt=\"\" width=\"576\" height=\"340\" srcset=\"https:\/\/revistaepocadigital.com.ar\/wp-content\/uploads\/2023\/03\/tenis-natali-2.jpg 576w, https:\/\/revistaepocadigital.com.ar\/wp-content\/uploads\/2023\/03\/tenis-natali-2-300x177.jpg 300w\" sizes=\"auto, (max-width: 576px) 100vw, 576px\" \/><\/p>\n<pre>Las chicas del equipo +30, lucen las medallas de plata, \r\ngran actuaci\u00f3n en el Mundial en Turqu\u00eda<\/pre>\n<p>&nbsp;<\/p>\n<p><img loading=\"lazy\" decoding=\"async\" class=\"aligncenter size-full wp-image-20267\" src=\"https:\/\/revistaepocadigital.com.ar\/wp-content\/uploads\/2023\/04\/tenis-natali3.png\" alt=\"\" width=\"295\" height=\"399\" srcset=\"https:\/\/revistaepocadigital.com.ar\/wp-content\/uploads\/2023\/04\/tenis-natali3.png 295w, https:\/\/revistaepocadigital.com.ar\/wp-content\/uploads\/2023\/04\/tenis-natali3-222x300.png 222w\" sizes=\"auto, (max-width: 295px) 100vw, 295px\" \/><\/p>\n<pre>Confraternidad; alemanas y argentinas juntas luego de la final<\/pre>\n<p><strong>El equipo de mujeres +30, conformado por Karina Lojo, la exaltacrucense de Parada Robles, Natal\u00ed Balige de destacada labor, Mailen Villalba y Andrea Mu\u00f1oz, se subi\u00f3 al podio tras conseguir el brillante segundo lugar en la ciudad de\u00a0 Antalya. El combinado nacional qued\u00f3 l\u00edder en su grupo y luego venci\u00f3 a Estados Unidos por 3-0 para acceder a la final ante Alemania cayendo por\u00a0 3-0<\/strong>.<\/p>\n<p>En tanto, los varones +30 -Guillermo Canel, Dan Chaia, Manuel Zaidenberg y Joel Carrion- se quedaron con el cuarto puesto, tras caer en la b\u00fasqueda del tercer lugar ante Chile.<\/p>\n<p>En el resto de las categor\u00edas femeninas, los resultados fueron los siguientes: +35, 7\u00b0; +40, 16\u00b0; +45, 12\u00b0; y +50, 10\u00b0. En cuanto a los varones, las posiciones fueron: +35, 9\u00b0; +40, 7\u00b0; +45, 6\u00b0; y +50, 15\u00b0.\u00a0Desde la Asociaci\u00f3n Argentina de Tenis (AAT), felicitaron y agradecieron a la delegaci\u00f3n argentina.<\/p>\n<p><strong>Posiciones equipos argentinos:\u00a0<\/strong><\/p>\n<p><strong>+30 mujeres: 2\u00b0<\/strong><\/p>\n<p>+35 mujeres 7\u00b0<\/p>\n<p>+40 mujeres 16\u00b0<\/p>\n<p>+45 mujeres 12\u00b0<\/p>\n<p>+50 mujeres 10\u00b0<\/p>\n<p>&nbsp;<\/p>\n<p>+35 varones 9\u00b0<\/p>\n<p>+40 varones 7\u00b0<\/p>\n<p>+45 varones 6\u00b0<\/p>\n<p>+50 varones 15\u00b0<\/p>\n<p><img loading=\"lazy\" decoding=\"async\" class=\"aligncenter size-large wp-image-20268\" src=\"https:\/\/revistaepocadigital.com.ar\/wp-content\/uploads\/2023\/04\/tenis-natali23-1200x774.jpeg\" alt=\"\" width=\"696\" height=\"449\" srcset=\"https:\/\/revistaepocadigital.com.ar\/wp-content\/uploads\/2023\/04\/tenis-natali23-1200x774.jpeg 1200w, https:\/\/revistaepocadigital.com.ar\/wp-content\/uploads\/2023\/04\/tenis-natali23-300x193.jpeg 300w, https:\/\/revistaepocadigital.com.ar\/wp-content\/uploads\/2023\/04\/tenis-natali23-768x495.jpeg 768w, https:\/\/revistaepocadigital.com.ar\/wp-content\/uploads\/2023\/04\/tenis-natali23-1536x991.jpeg 1536w, https:\/\/revistaepocadigital.com.ar\/wp-content\/uploads\/2023\/04\/tenis-natali23-696x449.jpeg 696w, https:\/\/revistaepocadigital.com.ar\/wp-content\/uploads\/2023\/04\/tenis-natali23-1068x689.jpeg 1068w, https:\/\/revistaepocadigital.com.ar\/wp-content\/uploads\/2023\/04\/tenis-natali23-651x420.jpeg 651w, https:\/\/revistaepocadigital.com.ar\/wp-content\/uploads\/2023\/04\/tenis-natali23-1302x840.jpeg 1302w, https:\/\/revistaepocadigital.com.ar\/wp-content\/uploads\/2023\/04\/tenis-natali23.jpeg 1566w\" sizes=\"auto, (max-width: 696px) 100vw, 696px\" \/><\/p>\n<pre>La delegaci\u00f3n argentina en pleno en el Mundial\r\nen Turqu\u00eda; Natal\u00ed Balige fue la abanderada<\/pre>\n<p>&nbsp;<\/p>\n<hr \/>\n<p style=\"text-align: center;\"><strong>&#8212;&#8212;&#8212;&#8212;&#8212;&#8212;&#8212;&#8212;&#8212;&#8212;&#8212;&#8212;&#8212;&#8212;&#8212;&#8212;&#8212;&#8212;&#8212;&#8212;&#8211;<\/strong>&#8211;<\/p>\n<p>nota anterior<\/p>\n<p>El equipo argentino femenino +30 que participa en el Mundial Senior en Turqu\u00eda, e integra la exaltacrucense <strong>Natal\u00ed Balige,<\/strong> residente en Parada Robles, se clasific\u00f3 para las <strong>semifinales.<\/strong> Un gran logro que marc\u00f3 el nivel ten\u00edstico y competitivo de las argentinas.<\/p>\n<p><img loading=\"lazy\" decoding=\"async\" class=\"aligncenter size-full wp-image-20152\" src=\"https:\/\/revistaepocadigital.com.ar\/wp-content\/uploads\/2023\/03\/baliii.png\" alt=\"\" width=\"295\" height=\"357\" srcset=\"https:\/\/revistaepocadigital.com.ar\/wp-content\/uploads\/2023\/03\/baliii.png 295w, https:\/\/revistaepocadigital.com.ar\/wp-content\/uploads\/2023\/03\/baliii-248x300.png 248w\" sizes=\"auto, (max-width: 295px) 100vw, 295px\" \/><\/p>\n<p>&nbsp;<\/p>\n<p>El equipo argentino femenino +30 se impuso 3 a 0 a Sud\u00e1frica, y tambi\u00e9n triunf\u00f3 3 a 0 el argentino femenino +45 y pas\u00f3 de ronda.<\/p>\n<p><img loading=\"lazy\" decoding=\"async\" class=\"aligncenter size-full wp-image-20155\" src=\"https:\/\/revistaepocadigital.com.ar\/wp-content\/uploads\/2023\/03\/IMG_1781-1.png\" alt=\"\" width=\"239\" height=\"359\" srcset=\"https:\/\/revistaepocadigital.com.ar\/wp-content\/uploads\/2023\/03\/IMG_1781-1.png 239w, https:\/\/revistaepocadigital.com.ar\/wp-content\/uploads\/2023\/03\/IMG_1781-1-200x300.png 200w\" sizes=\"auto, (max-width: 239px) 100vw, 239px\" \/><\/p>\n<p>&nbsp;<\/p>\n<p><strong>&#8212;&#8212;&#8212;&#8212;&#8212;&#8212;&#8212;&#8212;&#8212;&#8212;&#8212;&#8212;&#8212;&#8212;&#8212;&#8212;&#8212;&#8212;&#8212;&#8212;&#8212;&#8212;<\/strong><\/p>\n<p>NOTA ANTERIOR<\/p>\n<p><strong>LA CHICA, SELECCIONADA LUEGO DE SU BRILLANTE TEMPORADA 2022.<\/strong><\/p>\n<blockquote>\n<h5><strong>GANADORA EN LA JORNADA INICIAL DEL MUNDIAL.<\/strong><\/h5>\n<\/blockquote>\n<p><!--more--><\/p>\n<p>Los equipos masculinos y femeninos que nos representan a la Argentina en el <strong>Mundial Young Seniors 2023,<\/strong> se encuentran en Turqu\u00eda donde ten\u00eda lugar desde el 19 al 25 de marzo. Entre los integrantes como te inform\u00f3 EPOCA, se encuentra <strong>Natal\u00ed Balige<\/strong>, la jugadora quien es kinesi\u00f3loga especialista, reside en <strong>Parada Robles,<\/strong> Exaltaci\u00f3n de la Cruz. Antes de la partida el equipo argentino tuvo su fiesta de despedida en el Club Atl\u00e9tico Comercio de Buenos Aires.<\/p>\n<p>&nbsp;<\/p>\n<figure id=\"attachment_20133\" aria-describedby=\"caption-attachment-20133\" style=\"width: 402px\" class=\"wp-caption aligncenter\"><img loading=\"lazy\" decoding=\"async\" class=\"size-full wp-image-20133\" src=\"https:\/\/revistaepocadigital.com.ar\/wp-content\/uploads\/2023\/03\/TENISS-NAT.jpg\" alt=\"\" width=\"402\" height=\"613\" srcset=\"https:\/\/revistaepocadigital.com.ar\/wp-content\/uploads\/2023\/03\/TENISS-NAT.jpg 402w, https:\/\/revistaepocadigital.com.ar\/wp-content\/uploads\/2023\/03\/TENISS-NAT-197x300.jpg 197w, https:\/\/revistaepocadigital.com.ar\/wp-content\/uploads\/2023\/03\/TENISS-NAT-275x420.jpg 275w\" sizes=\"auto, (max-width: 402px) 100vw, 402px\" \/><figcaption id=\"caption-attachment-20133\" class=\"wp-caption-text\">Al cabp de la primera jornada del Mundial en Turqu\u00eda, triunfos argentinos.<\/figcaption><\/figure>\n<p>Argentina, como es costumbre en los \u00faltimos a\u00f1os, cuenta con representaci\u00f3n tanto en mujeres como en caballeros en todas las categor\u00edas:\u00a0 +30, +35, +40, +45 y +50. Natal\u00ed Balige participa en la categor\u00eda +30 femenina, luego de atravesar un a\u00f1o 2022 brillante, con muchos torneos ganados tanto en single como dobles, y tambi\u00e9n como representante del Luj\u00e1n Tenis Club, donde ha jugado desde sus comienzos. Natal\u00ed es la n\u00b01 en el r\u00e1nking argentino de tenis femenino +30.<\/p>\n<p>Antes de emprender el viaje para disputar el torneo m\u00e1s importante del mundo en sus respectivas categor\u00edas, nuestros representantes recibieron de manos de Guillermo Caporaletti y Alejandra Casti\u00f1eira de Dios, del Departamento Seniors y Relaciones Institucionales de la Asociaci\u00f3n Argentina de Tenis (AAT), la indumentaria oficial, regalos de Medif\u00e9, banderines y pines para intercambiar con otras naciones.<\/p>\n<p><img loading=\"lazy\" decoding=\"async\" class=\"size-large wp-image-20092\" style=\"text-align: center;\" src=\"https:\/\/revistaepocadigital.com.ar\/wp-content\/uploads\/2023\/03\/tenis-natali2-1200x801.jpeg\" alt=\"\" width=\"696\" height=\"465\" srcset=\"https:\/\/revistaepocadigital.com.ar\/wp-content\/uploads\/2023\/03\/tenis-natali2-1200x801.jpeg 1200w, https:\/\/revistaepocadigital.com.ar\/wp-content\/uploads\/2023\/03\/tenis-natali2-300x200.jpeg 300w, https:\/\/revistaepocadigital.com.ar\/wp-content\/uploads\/2023\/03\/tenis-natali2-768x513.jpeg 768w, https:\/\/revistaepocadigital.com.ar\/wp-content\/uploads\/2023\/03\/tenis-natali2-1536x1025.jpeg 1536w, https:\/\/revistaepocadigital.com.ar\/wp-content\/uploads\/2023\/03\/tenis-natali2-696x465.jpeg 696w, https:\/\/revistaepocadigital.com.ar\/wp-content\/uploads\/2023\/03\/tenis-natali2-1068x713.jpeg 1068w, https:\/\/revistaepocadigital.com.ar\/wp-content\/uploads\/2023\/03\/tenis-natali2-629x420.jpeg 629w, https:\/\/revistaepocadigital.com.ar\/wp-content\/uploads\/2023\/03\/tenis-natali2-1258x840.jpeg 1258w, https:\/\/revistaepocadigital.com.ar\/wp-content\/uploads\/2023\/03\/tenis-natali2.jpeg 1600w\" sizes=\"auto, (max-width: 696px) 100vw, 696px\" \/><\/p>\n<p>La delegaci\u00f3n argentina completa (en el centro la chica de Parada Robles)De la ceremonia participaron capitanes y atletas; Ruben Blanco, miembro de la Comisi\u00f3n Directiva de Seniors; Eddie Fiumara, Director Deportivo de la AAT y Ra\u00fal Barcesat, presidente del club anfitri\u00f3n.<\/p>\n<p>&nbsp;<\/p>\n<figure id=\"attachment_20089\" aria-describedby=\"caption-attachment-20089\" style=\"width: 960px\" class=\"wp-caption aligncenter\"><img loading=\"lazy\" decoding=\"async\" class=\"size-full wp-image-20089\" src=\"https:\/\/revistaepocadigital.com.ar\/wp-content\/uploads\/2023\/03\/tenis-natali1.jpg\" alt=\"\" width=\"960\" height=\"1172\" srcset=\"https:\/\/revistaepocadigital.com.ar\/wp-content\/uploads\/2023\/03\/tenis-natali1.jpg 960w, https:\/\/revistaepocadigital.com.ar\/wp-content\/uploads\/2023\/03\/tenis-natali1-246x300.jpg 246w, https:\/\/revistaepocadigital.com.ar\/wp-content\/uploads\/2023\/03\/tenis-natali1-768x938.jpg 768w, https:\/\/revistaepocadigital.com.ar\/wp-content\/uploads\/2023\/03\/tenis-natali1-696x850.jpg 696w, https:\/\/revistaepocadigital.com.ar\/wp-content\/uploads\/2023\/03\/tenis-natali1-344x420.jpg 344w, https:\/\/revistaepocadigital.com.ar\/wp-content\/uploads\/2023\/03\/tenis-natali1-688x840.jpg 688w\" sizes=\"auto, (max-width: 960px) 100vw, 960px\" \/><figcaption id=\"caption-attachment-20089\" class=\"wp-caption-text\">Natal\u00ed y compa\u00f1eras de la representaci\u00f3n argentina.<\/figcaption><\/figure>\n<figure id=\"attachment_20090\" aria-describedby=\"caption-attachment-20090\" style=\"width: 480px\" class=\"wp-caption aligncenter\"><img loading=\"lazy\" decoding=\"async\" class=\"size-full wp-image-20090\" src=\"https:\/\/revistaepocadigital.com.ar\/wp-content\/uploads\/2023\/03\/tenis-natali.jpg\" alt=\"\" width=\"480\" height=\"520\" srcset=\"https:\/\/revistaepocadigital.com.ar\/wp-content\/uploads\/2023\/03\/tenis-natali.jpg 480w, https:\/\/revistaepocadigital.com.ar\/wp-content\/uploads\/2023\/03\/tenis-natali-277x300.jpg 277w, https:\/\/revistaepocadigital.com.ar\/wp-content\/uploads\/2023\/03\/tenis-natali-388x420.jpg 388w\" sizes=\"auto, (max-width: 480px) 100vw, 480px\" \/><figcaption id=\"caption-attachment-20090\" class=\"wp-caption-text\">Argentina!, vamos chicas (segunda desde la derecha, la exaltacruce\u00f1a Balige)<\/figcaption><\/figure>\n<p>&nbsp;<\/p>\n<p><strong>LAS ARGENTINTAS EN LA CATEGOR\u00cdA DAMAS +30<\/strong><\/p>\n<p>Karina Lojo<\/p>\n<p><strong>Natali Balige<\/strong><\/p>\n<p>Mailen Villalba<\/p>\n<p>Andrea Mu\u00f1oz<\/p>\n","protected":false},"excerpt":{"rendered":"<p>EXTRAORDINARIA ACTUACI\u00d3N.<\/p>\n","protected":false},"author":4,"featured_media":20263,"comment_status":"open","ping_status":"open","sticky":false,"template":"","format":"standard","meta":{"footnotes":"","jetpack_publicize_message":"","jetpack_publicize_feature_enabled":true,"jetpack_social_post_already_shared":false,"jetpack_social_options":{"image_generator_settings":{"template":"highway","default_image_id":0,"font":"","enabled":false},"version":2}},"categories":[13,15],"tags":[2240,2108,2249,2250],"class_list":["post-20088","post","type-post","status-publish","format-standard","has-post-thumbnail","hentry","category-interes-general","category-lo-que-tenes-que-saber","tag-balige","tag-mundial","tag-tenis-senior","tag-turquia"],"jetpack_publicize_connections":[],"jetpack_featured_media_url":"https:\/\/revistaepocadigital.com.ar\/wp-content\/uploads\/2023\/03\/tenis-natali-1.jpg","jetpack_likes_enabled":true,"_links":{"self":[{"href":"https:\/\/revistaepocadigital.com.ar\/index.php?rest_route=\/wp\/v2\/posts\/20088","targetHints":{"allow":["GET"]}}],"collection":[{"href":"https:\/\/revistaepocadigital.com.ar\/index.php?rest_route=\/wp\/v2\/posts"}],"about":[{"href":"https:\/\/revistaepocadigital.com.ar\/index.php?rest_route=\/wp\/v2\/types\/post"}],"author":[{"embeddable":true,"href":"https:\/\/revistaepocadigital.com.ar\/index.php?rest_route=\/wp\/v2\/users\/4"}],"replies":[{"embeddable":true,"href":"https:\/\/revistaepocadigital.com.ar\/index.php?rest_route=%2Fwp%2Fv2%2Fcomments&post=20088"}],"version-history":[{"count":0,"href":"https:\/\/revistaepocadigital.com.ar\/index.php?rest_route=\/wp\/v2\/posts\/20088\/revisions"}],"wp:featuredmedia":[{"embeddable":true,"href":"https:\/\/revistaepocadigital.com.ar\/index.php?rest_route=\/wp\/v2\/media\/20263"}],"wp:attachment":[{"href":"https:\/\/revistaepocadigital.com.ar\/index.php?rest_route=%2Fwp%2Fv2%2Fmedia&parent=20088"}],"wp:term":[{"taxonomy":"category","embeddable":true,"href":"https:\/\/revistaepocadigital.com.ar\/index.php?rest_route=%2Fwp%2Fv2%2Fcategories&post=20088"},{"taxonomy":"post_tag","embeddable":true,"href":"https:\/\/revistaepocadigital.com.ar\/index.php?rest_route=%2Fwp%2Fv2%2Ftags&post=20088"}],"curies":[{"name":"wp","href":"https:\/\/api.w.org\/{rel}","templated":true}]}}