{"id":20116,"date":"2023-03-21T00:31:13","date_gmt":"2023-03-21T03:31:13","guid":{"rendered":"https:\/\/revistaepocadigital.com.ar\/?p=20116"},"modified":"2023-03-21T00:31:13","modified_gmt":"2023-03-21T03:31:13","slug":"encuesta-de-un-portal-lo-sindica-a-nanni-como-uno-de-los-intendentes-con-mejor-imagen","status":"publish","type":"post","link":"https:\/\/revistaepocadigital.com.ar\/?p=20116","title":{"rendered":"Encuesta de un portal lo sindica a Nanni como uno de los intendentes con mejor imagen"},"content":{"rendered":"<div class=\"row\">\n<div class=\"nueve columns\">\n<div class=\"sectiontitle\">\n<h5><strong>A MEDIDA QUE AVANZA EL A\u00d1O ELECTORAL, LAS ENCUESTAS SE MULTIPLICAN.<!--more--><\/strong><\/h5>\n<\/div>\n<div class=\"row\">\n<div class=\"seis columns\"><span style=\"color: #111111; font-family: Roboto, sans-serif; font-size: 17px;\">Seg\u00fan lo revelado por el portal <strong>BuenosAires2punto0.com.ar,<\/strong> en la provincia de Buenos Aires, uno de los intendentes que mejor imagen muestra es el de Exaltaci\u00f3n de la Cruz, Diego Nanni. El jefe comunal como sabe, ir\u00e1 en las elecciones generales en octubre venidero, por su reelecci\u00f3n, consider\u00e1ndose que su principal rival en las urnas para gestionar el municipio ser\u00e1 Ra\u00fal Sancho de Juntos, quien como muestra en sus redes sociales, ya se encuentra en plena campa\u00f1a electoral, record\u00e1ndose que la primera cita frente a las urnas, ser\u00e1n las PASO.<\/span><\/div>\n<div class=\"seis columns\">\n<hr \/>\n<div id=\"portofolio\" class=\"isotope\"><\/div>\n<\/div>\n<\/div>\n<div class=\"row\">\n<div class=\"doce columns\">\n<hr \/>\n<p>Pocos intendentes ostentan una adhesi\u00f3n superior al 60%. Uno seg\u00fan la encuesta mencionada, es Nanni con una imagen positiva de casi el 70%.<\/p><\/div>\n<div><\/div>\n<div class=\"doce columns\">\u00bfA que se deber\u00eda?, a que los vecinos del distrito le reconocen la labor realizada durante su primera gesti\u00f3n, destacando principalmente la cantidad de obras llevadas a cabo en el distrito, parte de la segunda secci\u00f3n electoral y con una poblaci\u00f3n cercana a los 40 mil habitantes.<\/p>\n<p>En el citado portal se reflejo que, &#8220;uno de los proyectos m\u00e1s alabados es el Complejo Ambiental, en donde a trav\u00e9s de maquinaria de \u00faltima generaci\u00f3n se lleva adelante el tratamiento de los residuos s\u00f3lidos urbanos como en ning\u00fan otro lugar de la provincia. Tambi\u00e9n la obra hidr\u00e1ulica m\u00e1s importante y ambiciosa para la gesti\u00f3n, que har\u00e1 que el desborde del Arroyo de la Cruz no afecte a los vecinos de Capilla del Se\u00f1or, previniendo inundaciones que a\u00f1os atr\u00e1s dejaron consecuencias graves&#8221;.<\/p><\/div>\n<div class=\"doce columns\">\nCon respecto a salud una de las concreciones m\u00e1s importantes ha sido el nuevo Hospital de Los Cardales, que reemplaz\u00f3 al centro de atenci\u00f3n primaria en el centro de la localidad. A prop\u00f3sito del Hospital, el lunes 20 de marzo ha comenzado a funcionar a pleno.<\/p>\n<p>Tambi\u00e9n la encuesta hizo hincapi\u00e9 en que la imagen positiva de Nanni, tambi\u00e9n tiene que ver con concreciones en la cultura, el deporte y la educaci\u00f3n superior que era un tema recurrente en el distrito y ha podido encontrar una salida con el Complejo Universitario, en donde los estudiantes cuentan con m\u00e1s de 15 carreras gratuitas, a inaugurarse este jueves 23 de marzo.<\/p>\n<p>Fuente: www.BuenosAires2Punto0.com.ar<\/p><\/div>\n<\/div>\n<\/div>\n<\/div>\n<div id=\"footer\">\n<footer class=\"row\">\n<div class=\"tres columns\">\n<div class=\"fb-like fb_iframe_widget\" data-href=\"https:\/\/developers.facebook.com\/docs\/plugins\/\" data-layout=\"button\" data-action=\"like\" data-show-faces=\"true\" data-share=\"false\"><\/div>\n<\/div>\n<\/footer>\n<\/div>\n","protected":false},"excerpt":{"rendered":"<p>A MEDIDA QUE AVANZA EL A\u00d1O ELECTORAL, LAS ENCUESTAS SE MULTIPLICAN.<\/p>\n","protected":false},"author":3,"featured_media":20117,"comment_status":"open","ping_status":"open","sticky":false,"template":"","format":"standard","meta":{"footnotes":"","jetpack_publicize_message":"","jetpack_publicize_feature_enabled":true,"jetpack_social_post_already_shared":false,"jetpack_social_options":{"image_generator_settings":{"template":"highway","default_image_id":0,"font":"","enabled":false},"version":2}},"categories":[17],"tags":[325,66],"class_list":["post-20116","post","type-post","status-publish","format-standard","has-post-thumbnail","hentry","category-politica","tag-encuesta","tag-nanni"],"jetpack_publicize_connections":[],"jetpack_featured_media_url":"https:\/\/revistaepocadigital.com.ar\/wp-content\/uploads\/2023\/03\/nanni-y-madre.jpg","jetpack_likes_enabled":true,"_links":{"self":[{"href":"https:\/\/revistaepocadigital.com.ar\/index.php?rest_route=\/wp\/v2\/posts\/20116","targetHints":{"allow":["GET"]}}],"collection":[{"href":"https:\/\/revistaepocadigital.com.ar\/index.php?rest_route=\/wp\/v2\/posts"}],"about":[{"href":"https:\/\/revistaepocadigital.com.ar\/index.php?rest_route=\/wp\/v2\/types\/post"}],"author":[{"embeddable":true,"href":"https:\/\/revistaepocadigital.com.ar\/index.php?rest_route=\/wp\/v2\/users\/3"}],"replies":[{"embeddable":true,"href":"https:\/\/revistaepocadigital.com.ar\/index.php?rest_route=%2Fwp%2Fv2%2Fcomments&post=20116"}],"version-history":[{"count":0,"href":"https:\/\/revistaepocadigital.com.ar\/index.php?rest_route=\/wp\/v2\/posts\/20116\/revisions"}],"wp:featuredmedia":[{"embeddable":true,"href":"https:\/\/revistaepocadigital.com.ar\/index.php?rest_route=\/wp\/v2\/media\/20117"}],"wp:attachment":[{"href":"https:\/\/revistaepocadigital.com.ar\/index.php?rest_route=%2Fwp%2Fv2%2Fmedia&parent=20116"}],"wp:term":[{"taxonomy":"category","embeddable":true,"href":"https:\/\/revistaepocadigital.com.ar\/index.php?rest_route=%2Fwp%2Fv2%2Fcategories&post=20116"},{"taxonomy":"post_tag","embeddable":true,"href":"https:\/\/revistaepocadigital.com.ar\/index.php?rest_route=%2Fwp%2Fv2%2Ftags&post=20116"}],"curies":[{"name":"wp","href":"https:\/\/api.w.org\/{rel}","templated":true}]}}