{"id":20139,"date":"2023-03-22T01:30:58","date_gmt":"2023-03-22T04:30:58","guid":{"rendered":"https:\/\/revistaepocadigital.com.ar\/?p=20139"},"modified":"2023-03-22T01:31:48","modified_gmt":"2023-03-22T04:31:48","slug":"a-festejar-con-argentina-contra-jamaica-en-las-moras","status":"publish","type":"post","link":"https:\/\/revistaepocadigital.com.ar\/?p=20139","title":{"rendered":"\u00a1A festejar con Argentina contra Jamaica en Las Moras!"},"content":{"rendered":"<p><strong>UNO DE LOS ACONTECIMIENTOS DEPORTIVOS DEL A\u00d1O.<\/strong><!--more--><\/p>\n<p>Y va mucho m\u00e1s all\u00e1 del partido del seleccionado argentino campe\u00f3n del mundo ante su par de Jamaica en la cancha de River.<br \/>\nSe trata de la gran celebraci\u00f3n ante un estadio repleto, por la inolvidable copa del mundo alcanzada en Qatar. Y as\u00ed como se vivieron con mucha intensidad, nervios, emoci\u00f3n y l\u00e1grimas en el complejo <strong>Las Moras<\/strong>, los partidos de la &#8220;Scaloneta&#8221; en su camino hacia la gloria, que mejor que revivir esos momentos siguiendo el partido ante Jamaica en<strong> Las Moras<\/strong> junto a amigos, familiares y de paso, disfrutar de una muy buena cena.<br \/>\nFijate.<\/p>\n<p><img loading=\"lazy\" decoding=\"async\" class=\"aligncenter size-large wp-image-20140\" src=\"https:\/\/revistaepocadigital.com.ar\/wp-content\/uploads\/2023\/03\/morr-841x1200.jpg\" alt=\"\" width=\"696\" height=\"993\" srcset=\"https:\/\/revistaepocadigital.com.ar\/wp-content\/uploads\/2023\/03\/morr-841x1200.jpg 841w, https:\/\/revistaepocadigital.com.ar\/wp-content\/uploads\/2023\/03\/morr-210x300.jpg 210w, https:\/\/revistaepocadigital.com.ar\/wp-content\/uploads\/2023\/03\/morr-768x1096.jpg 768w, https:\/\/revistaepocadigital.com.ar\/wp-content\/uploads\/2023\/03\/morr-696x993.jpg 696w, https:\/\/revistaepocadigital.com.ar\/wp-content\/uploads\/2023\/03\/morr-294x420.jpg 294w, https:\/\/revistaepocadigital.com.ar\/wp-content\/uploads\/2023\/03\/morr-589x840.jpg 589w, https:\/\/revistaepocadigital.com.ar\/wp-content\/uploads\/2023\/03\/morr.jpg 897w\" sizes=\"auto, (max-width: 696px) 100vw, 696px\" \/><\/p>\n","protected":false},"excerpt":{"rendered":"<p>UNO DE LOS ACONTECIMIENTOS DEPORTIVOS DEL A\u00d1O.<\/p>\n","protected":false},"author":3,"featured_media":20141,"comment_status":"open","ping_status":"open","sticky":false,"template":"","format":"standard","meta":{"footnotes":"","jetpack_publicize_message":"","jetpack_publicize_feature_enabled":true,"jetpack_social_post_already_shared":false,"jetpack_social_options":{"image_generator_settings":{"template":"highway","default_image_id":0,"font":"","enabled":false},"version":2}},"categories":[9],"tags":[980,2246,1470],"class_list":["post-20139","post","type-post","status-publish","format-standard","has-post-thumbnail","hentry","category-deportes","tag-argentina","tag-jamaica","tag-las-moras"],"jetpack_publicize_connections":[],"jetpack_featured_media_url":"https:\/\/revistaepocadigital.com.ar\/wp-content\/uploads\/2023\/03\/morrv.jpg","jetpack_likes_enabled":true,"_links":{"self":[{"href":"https:\/\/revistaepocadigital.com.ar\/index.php?rest_route=\/wp\/v2\/posts\/20139","targetHints":{"allow":["GET"]}}],"collection":[{"href":"https:\/\/revistaepocadigital.com.ar\/index.php?rest_route=\/wp\/v2\/posts"}],"about":[{"href":"https:\/\/revistaepocadigital.com.ar\/index.php?rest_route=\/wp\/v2\/types\/post"}],"author":[{"embeddable":true,"href":"https:\/\/revistaepocadigital.com.ar\/index.php?rest_route=\/wp\/v2\/users\/3"}],"replies":[{"embeddable":true,"href":"https:\/\/revistaepocadigital.com.ar\/index.php?rest_route=%2Fwp%2Fv2%2Fcomments&post=20139"}],"version-history":[{"count":0,"href":"https:\/\/revistaepocadigital.com.ar\/index.php?rest_route=\/wp\/v2\/posts\/20139\/revisions"}],"wp:featuredmedia":[{"embeddable":true,"href":"https:\/\/revistaepocadigital.com.ar\/index.php?rest_route=\/wp\/v2\/media\/20141"}],"wp:attachment":[{"href":"https:\/\/revistaepocadigital.com.ar\/index.php?rest_route=%2Fwp%2Fv2%2Fmedia&parent=20139"}],"wp:term":[{"taxonomy":"category","embeddable":true,"href":"https:\/\/revistaepocadigital.com.ar\/index.php?rest_route=%2Fwp%2Fv2%2Fcategories&post=20139"},{"taxonomy":"post_tag","embeddable":true,"href":"https:\/\/revistaepocadigital.com.ar\/index.php?rest_route=%2Fwp%2Fv2%2Ftags&post=20139"}],"curies":[{"name":"wp","href":"https:\/\/api.w.org\/{rel}","templated":true}]}}