{"id":20147,"date":"2023-03-22T02:29:56","date_gmt":"2023-03-22T05:29:56","guid":{"rendered":"https:\/\/revistaepocadigital.com.ar\/?p=20147"},"modified":"2023-03-22T02:29:56","modified_gmt":"2023-03-22T05:29:56","slug":"evolucion-exaltacion-salio-con-los-tapones-de-punta","status":"publish","type":"post","link":"https:\/\/revistaepocadigital.com.ar\/?p=20147","title":{"rendered":"Evoluci\u00f3n Exaltaci\u00f3n sali\u00f3 con los tapones de punta"},"content":{"rendered":"<div>\n<div class=\"x1cy8zhl x78zum5 x1q0g3np xod5an3 x1pi30zi x1swvt13 xz9dl7a\">\n<div class=\"xqcrz7y x78zum5 x1qx5ct2 x1y1aw1k x1sxyh0 xwib8y2 xurb0ha xw4jnvo\">\n<div>\n<div class=\"x1i10hfl x1qjc9v5 xjqpnuy xa49m3k xqeqjp1 x2hbi6w x9f619 x1ypdohk xdl72j9 x2lah0s xe8uvvx x2lwn1j xeuugli x16tdsg8 x1hl2dhg xggy1nq x1ja2u2z x1t137rt x1o1ewxj x3x9cwd x1e5q0jg x13rtm0m x1q0g3np x87ps6o x1lku1pv x1a2a7pz xjyslct xjbqb8w x13fuv20 xu3j5b3 x1q0q8m5 x26u7qi x972fbf xcfux6l x1qhh985 xm0m39n x3nfvp2 xdj266r x11i5rnm xat24cr x1mh8g0r xexx8yu x4uap5 x18d9i69 xkhd6sd x1n2onr6 x3ajldb x194ut8o x1vzenxt xd7ygy7 xt298gk x1xhcax0 x1s928wv x10pfhc2 x1j6awrg x1v53gu8 x1tfg27r xitxdhh\" tabindex=\"0\" role=\"button\" aria-expanded=\"false\" aria-haspopup=\"menu\" aria-label=\"Acciones para esta publicaci\u00f3n\">\n<div class=\"x1ey2m1c xds687c xg01cxk x47corl x10l6tqk x17qophe x13vifvy x1ebt8du x19991ni x1dhq9h x14yjl9h xudhj91 x18nykt9 xww2gxu\" data-visualcompletion=\"ignore\"><strong>En la cuenta de la red social Facebook.<\/strong><!--more--><\/div>\n<div data-visualcompletion=\"ignore\"><\/div>\n<div class=\"x1ey2m1c xds687c xg01cxk x47corl x10l6tqk x17qophe x13vifvy x1ebt8du x19991ni x1dhq9h x14yjl9h xudhj91 x18nykt9 xww2gxu\" data-visualcompletion=\"ignore\">El sector exaltacruce\u00f1o del radicalismo de<strong> Evoluci\u00f3n Exaltaci\u00f3n,<\/strong> sali\u00f3 con duras cr\u00edticas, surgidas luego del fuerte incidente ocurrido en el Concejo Deliberante, entre los concejales Herling y S\u00e1nchez de Juntos y el oficialista de Frente de Todos, Mart\u00edn Real Salas, quienes se han acusado mutuamente.<\/div>\n<\/div>\n<\/div>\n<\/div>\n<\/div>\n<\/div>\n<div data-visualcompletion=\"ignore\"><\/div>\n<p>Sostuvo dicho sector de la UCR (en letras may\u00fasculas):<\/p>\n<div>\n<div class=\"\" dir=\"auto\">\n<div id=\"jsc_c_xx\" class=\"x1iorvi4 x1pi30zi x1swvt13 x1l90r2v\" data-ad-comet-preview=\"message\" data-ad-preview=\"message\">\n<div class=\"x78zum5 xdt5ytf xz62fqu x16ldp7u\">\n<div class=\"xu06os2 x1ok221b\">\n<div class=\"x11i5rnm xat24cr x1mh8g0r x1vvkbs xdj266r x126k92a\">\n<div dir=\"auto\"><em>QUEDA DEMOSTRADO UNA VEZ MAS, QUE LA NUEVA COMISI\u00d3N DE LA UCR EN EXALTACI\u00d3N, GAMBRA, QUERENCIO, ETC , JUNTO A OTROS PARTIDOS POL\u00cdTICOS VECINOS UNIDOS DE PABLO DE BRITO Y FRENTE RENOVADOR, SON AFINES Y OBSECUENTES DEL KIRCHNERISMO OFICIALISTA DE DIEGO NANNI, PROTEGIENDO LA VIOLENCIA Y COMPORTAMIENTOS MAFIOSOS&#8230; <\/em><\/div>\n<div dir=\"auto\"><\/div>\n<div dir=\"auto\"><em>CON NOTA BURDA SIN FIRMA, TRATANDO DE EJERCER UNA DEFENSA A QUIEN ES EL VICTIMARIO DE LOS HECHOS OCURRIDOS EN EL CONCEJO DELIBERANTE&#8230;FIEL AL ESTILO CARACTER\u00cdSTICO DEL OFICIALISMO DE EXALTACI\u00d3N DE LA CRUZ, LAS VICTIMAS SON LOS CULPABLES.<\/em><\/div>\n<div dir=\"auto\"><\/div>\n<\/div>\n<div class=\"x11i5rnm xat24cr x1mh8g0r x1vvkbs xtlvy1s x126k92a\">\n<div dir=\"auto\"><em>EVOLUCI\u00d3N RADICAL DA SU ROTUNDO APOYO Y SE SOLIDARIZA CON LOS CONCEJALES HERLING Y S\u00c1NCHEZ&#8230;, JUNTOS LOGRAREMOS CAMBIAR LA HISTORIA EN NUESTRO DISTRITO. ESTA FORMA DE OBRAR SON LOS \u00daLTIMOS ESTERTORES DE UN TIEMPO QUE SE TERMINA..<\/em>.<\/div>\n<\/div>\n<\/div>\n<\/div>\n<\/div>\n<\/div>\n<\/div>\n<div dir=\"auto\"><\/div>\n<div dir=\"auto\"><\/div>\n<div dir=\"auto\">A continuaci\u00f3n reprodujeron la nota mencionada, que entre las agrupaciones pol\u00edticas que adhirieron se encontr\u00f3 la misma UCR, presentada ante el Concejo Deliberante, donde entre otras consideraciones, fue solicitada al presidente del cuerpo Emanuel Mart\u00ednez, la separaci\u00f3n de sus cargos como concejales de Herling, S\u00e1nchez y Real Salas &#8220;<em>hasta tanto la justicia determine responsabilidades, o el HCD tome las medidas disciplinarias correspondientes&#8221;.<\/em><\/div>\n<div>\n<div id=\"jsc_c_xy\" class=\"x1n2onr6\">\n<div class=\"x1n2onr6\">\n<div class=\"x6s0dn4 x78zum5 xdt5ytf x6ikm8r x10wlt62 x1n2onr6 xh8yej3 x1jx94hy\">\n<div>\n<div class=\"xqtp20y x6ikm8r x10wlt62 x1n2onr6\">\n<div class=\"x10l6tqk x13vifvy\"><img loading=\"lazy\" decoding=\"async\" class=\"x1ey2m1c xds687c x5yr21d x10l6tqk x17qophe x13vifvy xh8yej3 xl1xv1r\" src=\"https:\/\/scontent-eze1-1.xx.fbcdn.net\/v\/t39.30808-6\/337094206_1357553875023200_1031087345284475428_n.jpg?_nc_cat=104&amp;ccb=1-7&amp;_nc_sid=8bfeb9&amp;_nc_ohc=i0CM9A2ndgYAX_UT2j5&amp;_nc_ht=scontent-eze1-1.xx&amp;oh=00_AfBBG9NCGWBC6E7G2GbtJtPEhbkz6mFLWoFsXfH1wMbkMw&amp;oe=641F3A90\" alt=\"No hay ninguna descripci\u00f3n de la foto disponible.\" width=\"473\" height=\"1024\" \/><\/div>\n<\/div>\n<\/div>\n<\/div>\n<div class=\"xua58t2 xzg4506 x1ey2m1c xds687c x47corl x10l6tqk x17qophe x13vifvy\"><\/div>\n<\/div>\n<\/div>\n<\/div>\n<div>\n<div class=\"x168nmei x13lgxp2 x30kzoy x9jhf4c x6ikm8r x10wlt62\" data-visualcompletion=\"ignore-dynamic\">\n<div>\n<div>\n<div>\n<div class=\"x1n2onr6\">\n<div class=\"x6s0dn4 xi81zsa x78zum5 x6prxxf x13a6bvl xvq8zen xdj266r xktsk01 xat24cr x1d52u69 x889kno x4uap5 x1a8lsjc xkhd6sd xdppsyt\">\n<div class=\"x9f619 x1n2onr6 x1ja2u2z x78zum5 x2lah0s x1qughib x1qjc9v5 xozqiw3 x1q0g3np xykv574 xbmpl8g x4cne27 xifccgj\"><\/div>\n<\/div>\n<\/div>\n<\/div>\n<\/div>\n<\/div>\n<\/div>\n<\/div>\n","protected":false},"excerpt":{"rendered":"<p>En la cuenta de la red social Facebook.<\/p>\n","protected":false},"author":4,"featured_media":20150,"comment_status":"open","ping_status":"open","sticky":false,"template":"","format":"standard","meta":{"footnotes":"","jetpack_publicize_message":"","jetpack_publicize_feature_enabled":true,"jetpack_social_post_already_shared":false,"jetpack_social_options":{"image_generator_settings":{"template":"highway","default_image_id":0,"font":"","enabled":false},"version":2}},"categories":[17],"tags":[2248,2247],"class_list":["post-20147","post","type-post","status-publish","format-standard","has-post-thumbnail","hentry","category-politica","tag-conflicto-hcd","tag-evolucion-exaltacion"],"jetpack_publicize_connections":[],"jetpack_featured_media_url":"https:\/\/revistaepocadigital.com.ar\/wp-content\/uploads\/2023\/03\/evolu-radical.jpg","jetpack_likes_enabled":true,"_links":{"self":[{"href":"https:\/\/revistaepocadigital.com.ar\/index.php?rest_route=\/wp\/v2\/posts\/20147","targetHints":{"allow":["GET"]}}],"collection":[{"href":"https:\/\/revistaepocadigital.com.ar\/index.php?rest_route=\/wp\/v2\/posts"}],"about":[{"href":"https:\/\/revistaepocadigital.com.ar\/index.php?rest_route=\/wp\/v2\/types\/post"}],"author":[{"embeddable":true,"href":"https:\/\/revistaepocadigital.com.ar\/index.php?rest_route=\/wp\/v2\/users\/4"}],"replies":[{"embeddable":true,"href":"https:\/\/revistaepocadigital.com.ar\/index.php?rest_route=%2Fwp%2Fv2%2Fcomments&post=20147"}],"version-history":[{"count":0,"href":"https:\/\/revistaepocadigital.com.ar\/index.php?rest_route=\/wp\/v2\/posts\/20147\/revisions"}],"wp:featuredmedia":[{"embeddable":true,"href":"https:\/\/revistaepocadigital.com.ar\/index.php?rest_route=\/wp\/v2\/media\/20150"}],"wp:attachment":[{"href":"https:\/\/revistaepocadigital.com.ar\/index.php?rest_route=%2Fwp%2Fv2%2Fmedia&parent=20147"}],"wp:term":[{"taxonomy":"category","embeddable":true,"href":"https:\/\/revistaepocadigital.com.ar\/index.php?rest_route=%2Fwp%2Fv2%2Fcategories&post=20147"},{"taxonomy":"post_tag","embeddable":true,"href":"https:\/\/revistaepocadigital.com.ar\/index.php?rest_route=%2Fwp%2Fv2%2Ftags&post=20147"}],"curies":[{"name":"wp","href":"https:\/\/api.w.org\/{rel}","templated":true}]}}