{"id":20157,"date":"2023-03-23T00:54:26","date_gmt":"2023-03-23T03:54:26","guid":{"rendered":"https:\/\/revistaepocadigital.com.ar\/?p=20157"},"modified":"2023-03-23T00:57:13","modified_gmt":"2023-03-23T03:57:13","slug":"de-brito-el-hcd-un-ambito-de-reacciones-espasmodicas-oidos-y-punos-apretados-lejos-del-debate-de-ideas","status":"publish","type":"post","link":"https:\/\/revistaepocadigital.com.ar\/?p=20157","title":{"rendered":"De Brito: &#8220;El HCD, un \u00e1mbito de reacciones espasm\u00f3dicas, o\u00eddos y pu\u00f1os apretados, lejos del debate de ideas&#8221;"},"content":{"rendered":"<div class=\"I_ZkbNhI D_FY W_6D6F\" data-test-id=\"message-view-body\">\n<div class=\"msg-body P_wpofO mq_AS\" data-test-id=\"message-view-body-content\">\n<div class=\"jb_0 X_6MGW N_6Fd5\">\n<div id=\"yiv5075751725\">\n<div class=\"yiv5075751725yahoo-style-wrap\">\n<div dir=\"ltr\">\n<div>\n<p class=\"yiv5075751725ydp6c331d2fMsoNormal\"><strong>LA NOTA EN CUESTI\u00d3N.<!--more--><\/strong><\/p>\n<p>Presentada ante el Concejo Deliberante, debido al esc\u00e1ndalo ocurrido a partir del incidente entre los concejales Ariel Herling y Mart\u00edn Real Salas, (dicha nota ya publicada), a la que adhirieron partidos pol\u00edticos locales y agrupaciones, dio lugar a una nueva controversia en un a\u00f1o electoral casi ya encendido.<\/p>\n<p><strong>Pablo De Brito,<\/strong> al frente del nuevo nucleamiento pol\u00edtico<strong> Vecinos Unidos<\/strong>, legalmente conformado, sali\u00f3 al cruce de esas cr\u00edticas al hablar con este medio<em>. &#8220;Agradezco a la Revista EPOCA, por disponer de un espacio de libre opini\u00f3n para trasladar nuestro pensamiento a los estimados\u00a0 vecinos de Exaltaci\u00f3n de la Cruz, con respecto a la nota presentada en el HCD, la cual acompa\u00f1amos&#8221;.<\/em><\/p>\n<p><em>&#8220;La intenci\u00f3n es clara y sencilla<\/em> -afirm\u00f3 De Brito-,<em> si leemos criteriosamente la nota, su objetivo ha sido fue poner un manto de calma a la intolerancia pol\u00edtica y personal, que se viene manifestando desde distintos sectores de la pol\u00edtica local.\u00a0 Entendemos que es un a\u00f1o de elecciones, donde los intereses personales o sectoriales se manifiestan con el fin de ubicarse en lugares de poder&#8221;.\u00a0 &#8220;Por ello<\/em> -sigui\u00f3 diciendo-<em> no debemos dar una imagen de violencia que est\u00e1 lejos de los problemas de la gente que en nuestro espacio pol\u00edtico es el tema que m\u00e1s nos preocupa. El HCD se ha colocado como un \u00e1mbito de reacciones espasm\u00f3dicas, o\u00eddos y pu\u00f1os apretados, lejos del debate de ideas; es m\u00e1s, hace mucho, mucho tiempo que no veo un debate en el HCD. S\u00f3lo son opiniones verticales y reacciones autom\u00e1ticas de votaci\u00f3n, de mayor\u00edas y minor\u00edas presentes<\/em>&#8220;.<\/p>\n<p>Agreg\u00f3 despu\u00e9s <strong>De Brito,<\/strong> <em>&#8220;la lectura de esta presentaci\u00f3n apunt\u00f3 s\u00f3lo a eso, a calmar las ansiedades y elevar el sentido democr\u00e1tico y de ejemplos que nuestros representantes deben tener&#8221;. Y asegur\u00f3, &#8220;darle otro sentido,\u00a0 como han pretendido hacer algunos personajes que quedaron fuera del espacio que detentaban, confirma la intencionalidad y la falta de respeto al disenso, o a la opini\u00f3n de vecinos que firmaron la nota en cuesti\u00f3n&#8221;.<\/em><\/p>\n<p>&#8220;<em>Y como una forma de aportar m\u00e1s a la reflexi\u00f3n, elevo la palabra del Ra\u00fal Alfons\u00edn, dem\u00f3crata si los hubo, en la apertura de sesiones del Congreso de la Naci\u00f3n el 1 de mayo de 1984, &#8220;<\/em><b><i>la democracia s\u00f3lo funcionar\u00e1 en plenitud, cuando todos estemos dispuestos a anteponer los intereses de la Rep\u00fablica a ideas particulares, que resultar\u00edan est\u00e9riles si no se compatibilizaran con las del conjunto de la sociedad. <\/i><\/b><b><i>Para ello se requiere del di\u00e1logo que presupone la unidad de los dialogantes, y esta unidad exige un amplio esp\u00edritu de reconciliaci\u00f3n. Sin reconciliaci\u00f3n y di\u00e1logo aparecer\u00e1n y se acrecentaron las tendencias a la fragmentaci\u00f3n: \u00abTodo reino dividido contra s\u00ed mismo es arruinado y las casas caen unas sobre otras&#8221;, <\/i><\/b>(la cita del Evangelio que tom\u00f3 Alfons\u00edn), termin\u00f3 diciendo Pablo De Brito, presidente de Vecinos Unidos.<\/p>\n<\/div>\n<\/div>\n<\/div>\n<\/div>\n<\/div>\n<\/div>\n<\/div>\n<p>&nbsp;<\/p>\n","protected":false},"excerpt":{"rendered":"<p>LA NOTA EN CUESTI\u00d3N.<\/p>\n","protected":false},"author":4,"featured_media":20159,"comment_status":"open","ping_status":"open","sticky":false,"template":"","format":"standard","meta":{"footnotes":"","jetpack_publicize_message":"","jetpack_publicize_feature_enabled":true,"jetpack_social_post_already_shared":false,"jetpack_social_options":{"image_generator_settings":{"template":"highway","default_image_id":0,"font":"","enabled":false},"version":2}},"categories":[17],"tags":[228,379,2049],"class_list":["post-20157","post","type-post","status-publish","format-standard","has-post-thumbnail","hentry","category-politica","tag-de-brito","tag-hcd","tag-vecinos-unidos"],"jetpack_publicize_connections":[],"jetpack_featured_media_url":"https:\/\/revistaepocadigital.com.ar\/wp-content\/uploads\/2023\/03\/DE-BRITO1.jpg","jetpack_likes_enabled":true,"_links":{"self":[{"href":"https:\/\/revistaepocadigital.com.ar\/index.php?rest_route=\/wp\/v2\/posts\/20157","targetHints":{"allow":["GET"]}}],"collection":[{"href":"https:\/\/revistaepocadigital.com.ar\/index.php?rest_route=\/wp\/v2\/posts"}],"about":[{"href":"https:\/\/revistaepocadigital.com.ar\/index.php?rest_route=\/wp\/v2\/types\/post"}],"author":[{"embeddable":true,"href":"https:\/\/revistaepocadigital.com.ar\/index.php?rest_route=\/wp\/v2\/users\/4"}],"replies":[{"embeddable":true,"href":"https:\/\/revistaepocadigital.com.ar\/index.php?rest_route=%2Fwp%2Fv2%2Fcomments&post=20157"}],"version-history":[{"count":0,"href":"https:\/\/revistaepocadigital.com.ar\/index.php?rest_route=\/wp\/v2\/posts\/20157\/revisions"}],"wp:featuredmedia":[{"embeddable":true,"href":"https:\/\/revistaepocadigital.com.ar\/index.php?rest_route=\/wp\/v2\/media\/20159"}],"wp:attachment":[{"href":"https:\/\/revistaepocadigital.com.ar\/index.php?rest_route=%2Fwp%2Fv2%2Fmedia&parent=20157"}],"wp:term":[{"taxonomy":"category","embeddable":true,"href":"https:\/\/revistaepocadigital.com.ar\/index.php?rest_route=%2Fwp%2Fv2%2Fcategories&post=20157"},{"taxonomy":"post_tag","embeddable":true,"href":"https:\/\/revistaepocadigital.com.ar\/index.php?rest_route=%2Fwp%2Fv2%2Ftags&post=20157"}],"curies":[{"name":"wp","href":"https:\/\/api.w.org\/{rel}","templated":true}]}}