{"id":20163,"date":"2023-03-23T01:42:17","date_gmt":"2023-03-23T04:42:17","guid":{"rendered":"https:\/\/revistaepocadigital.com.ar\/?p=20163"},"modified":"2023-03-23T01:42:17","modified_gmt":"2023-03-23T04:42:17","slug":"inauguran-el-complejo-universitario-en-capilla-del-senor","status":"publish","type":"post","link":"https:\/\/revistaepocadigital.com.ar\/?p=20163","title":{"rendered":"INAUGURAN EL COMPLEJO UNIVERSITARIO EN CAPILLA DEL SE\u00d1OR"},"content":{"rendered":"<p><strong><span class=\"x3nfvp2 x1j61x8r x1fcty0u xdj266r xhhsvwb xat24cr xgzva0m xxymvpz xlup9mm x1kky2od\">LA EDUCACI\u00d3N, DIVINO TESORO.<!--more--><\/span><\/strong><\/p>\n<p>Desde siempre en EPOCA, bregamos para que los argentinos reciban una educaci\u00f3n acorde, pensada para el presente y futuro, base esencial de un pa\u00eds con s\u00f3lidas bases.<\/p>\n<p>Por eso el tema de la educaci\u00f3n, ha ocupado en forma permanente espacios en este medio. Hablamos ahora del nuevo Complejo Universitario de Capilla del Se\u00f1or, ubicado en la calle San Mart\u00edn 1025, cuya inauguraci\u00f3n ten\u00eda lugar hoy 23 de marzo con la presencia de autoridades municipales encabezadas por el intendente Nanni y funcionarios provinciales y nacionales.<\/p>\n<p>En dicho Centro se 15 carreras educaci\u00f3n superior en forma gratuira, para los estudiantes de todo Exaltaci\u00f3n de la Cruz. Surge como un paso hacia adelante de suma importancia en materia educativa.<\/p>\n","protected":false},"excerpt":{"rendered":"<p>LA EDUCACI\u00d3N, DIVINO TESORO.<\/p>\n","protected":false},"author":4,"featured_media":20164,"comment_status":"open","ping_status":"open","sticky":false,"template":"","format":"standard","meta":{"footnotes":"","jetpack_publicize_message":"","jetpack_publicize_feature_enabled":true,"jetpack_social_post_already_shared":false,"jetpack_social_options":{"image_generator_settings":{"template":"highway","default_image_id":0,"font":"","enabled":false},"version":2}},"categories":[13],"tags":[1191],"class_list":["post-20163","post","type-post","status-publish","format-standard","has-post-thumbnail","hentry","category-interes-general","tag-centro-universitario"],"jetpack_publicize_connections":[],"jetpack_featured_media_url":"https:\/\/revistaepocadigital.com.ar\/wp-content\/uploads\/2023\/03\/337235269_763108135087125_8461790183847360747_n.jpg","jetpack_likes_enabled":true,"_links":{"self":[{"href":"https:\/\/revistaepocadigital.com.ar\/index.php?rest_route=\/wp\/v2\/posts\/20163","targetHints":{"allow":["GET"]}}],"collection":[{"href":"https:\/\/revistaepocadigital.com.ar\/index.php?rest_route=\/wp\/v2\/posts"}],"about":[{"href":"https:\/\/revistaepocadigital.com.ar\/index.php?rest_route=\/wp\/v2\/types\/post"}],"author":[{"embeddable":true,"href":"https:\/\/revistaepocadigital.com.ar\/index.php?rest_route=\/wp\/v2\/users\/4"}],"replies":[{"embeddable":true,"href":"https:\/\/revistaepocadigital.com.ar\/index.php?rest_route=%2Fwp%2Fv2%2Fcomments&post=20163"}],"version-history":[{"count":0,"href":"https:\/\/revistaepocadigital.com.ar\/index.php?rest_route=\/wp\/v2\/posts\/20163\/revisions"}],"wp:featuredmedia":[{"embeddable":true,"href":"https:\/\/revistaepocadigital.com.ar\/index.php?rest_route=\/wp\/v2\/media\/20164"}],"wp:attachment":[{"href":"https:\/\/revistaepocadigital.com.ar\/index.php?rest_route=%2Fwp%2Fv2%2Fmedia&parent=20163"}],"wp:term":[{"taxonomy":"category","embeddable":true,"href":"https:\/\/revistaepocadigital.com.ar\/index.php?rest_route=%2Fwp%2Fv2%2Fcategories&post=20163"},{"taxonomy":"post_tag","embeddable":true,"href":"https:\/\/revistaepocadigital.com.ar\/index.php?rest_route=%2Fwp%2Fv2%2Ftags&post=20163"}],"curies":[{"name":"wp","href":"https:\/\/api.w.org\/{rel}","templated":true}]}}