{"id":20168,"date":"2023-03-24T17:15:06","date_gmt":"2023-03-24T20:15:06","guid":{"rendered":"https:\/\/revistaepocadigital.com.ar\/?p=20168"},"modified":"2023-03-25T00:53:06","modified_gmt":"2023-03-25T03:53:06","slug":"15-carreras-aguardan-en-el-centro-universitario-capilla-del-senor","status":"publish","type":"post","link":"https:\/\/revistaepocadigital.com.ar\/?p=20168","title":{"rendered":"15 carreras aguardan en el Centro Universitario Capilla del Se\u00f1or"},"content":{"rendered":"<div class=\"x11i5rnm xat24cr x1mh8g0r x1vvkbs xdj266r x126k92a\">\n<div dir=\"auto\"><\/div>\n<\/div>\n<div class=\"x11i5rnm xat24cr x1mh8g0r x1vvkbs xtlvy1s x126k92a\">\n<div dir=\"auto\"><strong><em>&#8220;Un nuevo sue\u00f1o cumplido&#8221;<\/em>.<!--more--><\/strong><\/div>\n<div dir=\"auto\"><\/div>\n<div dir=\"auto\">As\u00ed consider\u00f3 el intendente <strong>Diego Nanni<\/strong>, a la inauguraci\u00f3n del nuevo <strong>Centro Universitario Capilla del Se\u00f1or<\/strong> que, que articular\u00e1 carrera universitarias con la Universidad Nacional de San Antonio de Areco, Universidad de Quilmes entre otros.<\/div>\n<\/div>\n<div dir=\"auto\">\n<figure id=\"attachment_20172\" aria-describedby=\"caption-attachment-20172\" style=\"width: 960px\" class=\"wp-caption aligncenter\"><img loading=\"lazy\" decoding=\"async\" class=\"size-full wp-image-20172\" src=\"https:\/\/revistaepocadigital.com.ar\/wp-content\/uploads\/2023\/03\/CENTRO-UNI-CINTAS.jpg\" alt=\"\" width=\"960\" height=\"640\" srcset=\"https:\/\/revistaepocadigital.com.ar\/wp-content\/uploads\/2023\/03\/CENTRO-UNI-CINTAS.jpg 960w, https:\/\/revistaepocadigital.com.ar\/wp-content\/uploads\/2023\/03\/CENTRO-UNI-CINTAS-300x200.jpg 300w, https:\/\/revistaepocadigital.com.ar\/wp-content\/uploads\/2023\/03\/CENTRO-UNI-CINTAS-768x512.jpg 768w, https:\/\/revistaepocadigital.com.ar\/wp-content\/uploads\/2023\/03\/CENTRO-UNI-CINTAS-696x464.jpg 696w, https:\/\/revistaepocadigital.com.ar\/wp-content\/uploads\/2023\/03\/CENTRO-UNI-CINTAS-630x420.jpg 630w\" sizes=\"auto, (max-width: 960px) 100vw, 960px\" \/><figcaption id=\"caption-attachment-20172\" class=\"wp-caption-text\">El corte de cintas, del que participaron autoridades presentes.<\/figcaption><\/figure>\n<\/div>\n<div dir=\"auto\"><\/div>\n<div class=\"x11i5rnm xat24cr x1mh8g0r x1vvkbs xtlvy1s x126k92a\">\n<div dir=\"auto\">El in\u00e9dito avance en<strong> Exaltaci\u00f3n de la Cruz,<\/strong> en materia de educaci\u00f3n, abarcar\u00e1 el dictado de <strong>15 carreras universitarias<\/strong>, a las que asistir\u00e1n unos <strong>900 alumnos del distrito.<\/strong> Uno de las caracter\u00edsticas saliente del Centro, ya que permitir\u00e1 cursas estudios y en forma <strong>gratuita<\/strong> a alumnos residentes en el distrito, evit\u00e1ndose los habituales y desde hace a\u00f1os, obligados traslados a otras ciudades para estudiar, dado que los alumnos contar\u00e1n con un espacio propio para continuar sus estudios superiores.<\/div>\n<\/div>\n<p>&#8220;<em>Estudiar en la universidad es un derecho y con este Centro Universitario lo estamos garantizando&#8221;,<\/em> sostuvieron desde el municipio.<\/p>\n<div class=\"x11i5rnm xat24cr x1mh8g0r x1vvkbs xtlvy1s x126k92a\">\n<div dir=\"auto\">\n<p><span class=\"x3nfvp2 x1j61x8r x1fcty0u xdj266r xhhsvwb xat24cr xgzva0m xxymvpz xlup9mm x1kky2od\"><img loading=\"lazy\" decoding=\"async\" src=\"https:\/\/static.xx.fbcdn.net\/images\/emoji.php\/v9\/t4c\/1\/16\/25aa.png\" alt=\"\u25aa\ufe0f\" width=\"16\" height=\"16\" \/><\/span><\/p>\n<figure id=\"attachment_20173\" aria-describedby=\"caption-attachment-20173\" style=\"width: 576px\" class=\"wp-caption aligncenter\"><img loading=\"lazy\" decoding=\"async\" class=\"size-full wp-image-20173\" src=\"https:\/\/revistaepocadigital.com.ar\/wp-content\/uploads\/2023\/03\/CENTRO-UN-NANNI-BIANCOC.jpg\" alt=\"GGGGGGGGGGGGGGGGG\" width=\"576\" height=\"384\" srcset=\"https:\/\/revistaepocadigital.com.ar\/wp-content\/uploads\/2023\/03\/CENTRO-UN-NANNI-BIANCOC.jpg 576w, https:\/\/revistaepocadigital.com.ar\/wp-content\/uploads\/2023\/03\/CENTRO-UN-NANNI-BIANCOC-300x200.jpg 300w\" sizes=\"auto, (max-width: 576px) 100vw, 576px\" \/><figcaption id=\"caption-attachment-20173\" class=\"wp-caption-text\">Nanni junto a Bianco, jefe\u00a0 de gabinete del gobierno provincial.<\/figcaption><\/figure>\n<\/div>\n<div dir=\"auto\">\n<figure id=\"attachment_20174\" aria-describedby=\"caption-attachment-20174\" style=\"width: 576px\" class=\"wp-caption aligncenter\"><img loading=\"lazy\" decoding=\"async\" class=\"size-full wp-image-20174\" src=\"https:\/\/revistaepocadigital.com.ar\/wp-content\/uploads\/2023\/03\/CENTRO-UNI-AULA.jpg\" alt=\"\" width=\"576\" height=\"432\" srcset=\"https:\/\/revistaepocadigital.com.ar\/wp-content\/uploads\/2023\/03\/CENTRO-UNI-AULA.jpg 576w, https:\/\/revistaepocadigital.com.ar\/wp-content\/uploads\/2023\/03\/CENTRO-UNI-AULA-300x225.jpg 300w, https:\/\/revistaepocadigital.com.ar\/wp-content\/uploads\/2023\/03\/CENTRO-UNI-AULA-80x60.jpg 80w, https:\/\/revistaepocadigital.com.ar\/wp-content\/uploads\/2023\/03\/CENTRO-UNI-AULA-160x120.jpg 160w, https:\/\/revistaepocadigital.com.ar\/wp-content\/uploads\/2023\/03\/CENTRO-UNI-AULA-265x198.jpg 265w, https:\/\/revistaepocadigital.com.ar\/wp-content\/uploads\/2023\/03\/CENTRO-UNI-AULA-560x420.jpg 560w\" sizes=\"auto, (max-width: 576px) 100vw, 576px\" \/><figcaption id=\"caption-attachment-20174\" class=\"wp-caption-text\">Una de las amplias aulas.<\/figcaption><\/figure>\n<\/div>\n<div dir=\"auto\">\n<figure id=\"attachment_20178\" aria-describedby=\"caption-attachment-20178\" style=\"width: 576px\" class=\"wp-caption aligncenter\"><img loading=\"lazy\" decoding=\"async\" class=\"size-full wp-image-20178\" src=\"https:\/\/revistaepocadigital.com.ar\/wp-content\/uploads\/2023\/03\/CENTRO-UNI-PUBLI.jpg\" alt=\"\" width=\"576\" height=\"384\" srcset=\"https:\/\/revistaepocadigital.com.ar\/wp-content\/uploads\/2023\/03\/CENTRO-UNI-PUBLI.jpg 576w, https:\/\/revistaepocadigital.com.ar\/wp-content\/uploads\/2023\/03\/CENTRO-UNI-PUBLI-300x200.jpg 300w\" sizes=\"auto, (max-width: 576px) 100vw, 576px\" \/><figcaption id=\"caption-attachment-20178\" class=\"wp-caption-text\">Nutrida concurrencia se dio cita, funcionarios comunales, concejales, representantes de entidades intermedias, profesores, alumnos, vecinos en general.<\/figcaption><\/figure>\n<\/div>\n<div dir=\"auto\"><strong><img loading=\"lazy\" decoding=\"async\" class=\"aligncenter size-full wp-image-20164\" src=\"https:\/\/revistaepocadigital.com.ar\/wp-content\/uploads\/2023\/03\/337235269_763108135087125_8461790183847360747_n.jpg\" alt=\"\" width=\"712\" height=\"396\" srcset=\"https:\/\/revistaepocadigital.com.ar\/wp-content\/uploads\/2023\/03\/337235269_763108135087125_8461790183847360747_n.jpg 712w, https:\/\/revistaepocadigital.com.ar\/wp-content\/uploads\/2023\/03\/337235269_763108135087125_8461790183847360747_n-300x167.jpg 300w, https:\/\/revistaepocadigital.com.ar\/wp-content\/uploads\/2023\/03\/337235269_763108135087125_8461790183847360747_n-696x387.jpg 696w\" sizes=\"auto, (max-width: 712px) 100vw, 712px\" \/><\/strong><\/div>\n<pre dir=\"auto\"><em>El ingreso al Centro Universitario Capilla del Se\u00f1or, donde se inicia\r\nuna nueva etapa en materia educativa terciaria en el distrito,\r\naguard\u00e1ndose con expectaci\u00f3n, sean cumplidos los objetivos que le dieron origen. <\/em><\/pre>\n<div dir=\"auto\"><\/div>\n<div dir=\"auto\"><\/div>\n<div dir=\"auto\"><\/div>\n<div dir=\"auto\"><strong>LAS CARRERAS UNIVERSITARIAS A DICTARSE EN EL CENTRO<\/strong><\/div>\n<div dir=\"auto\"><\/div>\n<p><strong><em>Tecnicatura Universitaria en Administraci\u00f3n y Gesti\u00f3n<\/em><\/strong><\/p>\n<p><strong><em><span class=\"x3nfvp2 x1j61x8r x1fcty0u xdj266r xhhsvwb xat24cr xgzva0m xxymvpz xlup9mm x1kky2od\"><img loading=\"lazy\" decoding=\"async\" src=\"https:\/\/static.xx.fbcdn.net\/images\/emoji.php\/v9\/t4c\/1\/16\/25aa.png\" alt=\"\u25aa\ufe0f\" width=\"16\" height=\"16\" \/><\/span>Tecnicatura Universitaria en Gesti\u00f3n Ambiental<\/em><\/strong><\/p>\n<p><strong><em><span class=\"x3nfvp2 x1j61x8r x1fcty0u xdj266r xhhsvwb xat24cr xgzva0m xxymvpz xlup9mm x1kky2od\"><img loading=\"lazy\" decoding=\"async\" src=\"https:\/\/static.xx.fbcdn.net\/images\/emoji.php\/v9\/t4c\/1\/16\/25aa.png\" alt=\"\u25aa\ufe0f\" width=\"16\" height=\"16\" \/><\/span>Tecnicatura Universitaria en Mantenimiento Industrial<\/em><\/strong><\/p>\n<p><strong><em><span class=\"x3nfvp2 x1j61x8r x1fcty0u xdj266r xhhsvwb xat24cr xgzva0m xxymvpz xlup9mm x1kky2od\"><img loading=\"lazy\" decoding=\"async\" src=\"https:\/\/static.xx.fbcdn.net\/images\/emoji.php\/v9\/t4c\/1\/16\/25aa.png\" alt=\"\u25aa\ufe0f\" width=\"16\" height=\"16\" \/><\/span>Tecnicatura Universitaria en Acompa\u00f1amiento Terap\u00e9utico<\/em><\/strong><\/p>\n<p><strong><em><span class=\"x3nfvp2 x1j61x8r x1fcty0u xdj266r xhhsvwb xat24cr xgzva0m xxymvpz xlup9mm x1kky2od\"><img loading=\"lazy\" decoding=\"async\" src=\"https:\/\/static.xx.fbcdn.net\/images\/emoji.php\/v9\/t4c\/1\/16\/25aa.png\" alt=\"\u25aa\ufe0f\" width=\"16\" height=\"16\" \/><\/span>Analista en Inform\u00e1tica<\/em><\/strong><\/p>\n<p><strong><em><span class=\"x3nfvp2 x1j61x8r x1fcty0u xdj266r xhhsvwb xat24cr xgzva0m xxymvpz xlup9mm x1kky2od\"><img loading=\"lazy\" decoding=\"async\" src=\"https:\/\/static.xx.fbcdn.net\/images\/emoji.php\/v9\/t4c\/1\/16\/25aa.png\" alt=\"\u25aa\ufe0f\" width=\"16\" height=\"16\" \/><\/span>Licenciatura en Seguridad e Higiene en el Trabajo &#8211; Ciclo Complementario<\/em><\/strong><\/p>\n<p><strong><em><span class=\"x3nfvp2 x1j61x8r x1fcty0u xdj266r xhhsvwb xat24cr xgzva0m xxymvpz xlup9mm x1kky2od\"><img loading=\"lazy\" decoding=\"async\" src=\"https:\/\/static.xx.fbcdn.net\/images\/emoji.php\/v9\/t4c\/1\/16\/25aa.png\" alt=\"\u25aa\ufe0f\" width=\"16\" height=\"16\" \/><\/span>Diplomatura en Turismo Social y Comunitario<\/em><\/strong><\/p>\n<p><strong><em><span class=\"x3nfvp2 x1j61x8r x1fcty0u xdj266r xhhsvwb xat24cr xgzva0m xxymvpz xlup9mm x1kky2od\"><img loading=\"lazy\" decoding=\"async\" src=\"https:\/\/static.xx.fbcdn.net\/images\/emoji.php\/v9\/t4c\/1\/16\/25aa.png\" alt=\"\u25aa\ufe0f\" width=\"16\" height=\"16\" \/><\/span>CC de Licenciatura en la ense\u00f1anza de la matem\u00e1ticas<\/em><\/strong><\/p>\n<p><strong><em><span class=\"x3nfvp2 x1j61x8r x1fcty0u xdj266r xhhsvwb xat24cr xgzva0m xxymvpz xlup9mm x1kky2od\"><img loading=\"lazy\" decoding=\"async\" src=\"https:\/\/static.xx.fbcdn.net\/images\/emoji.php\/v9\/t4c\/1\/16\/25aa.png\" alt=\"\u25aa\ufe0f\" width=\"16\" height=\"16\" \/><\/span>Enfermer\u00eda<\/em><\/strong><\/p>\n<p><strong><em><span class=\"x3nfvp2 x1j61x8r x1fcty0u xdj266r xhhsvwb xat24cr xgzva0m xxymvpz xlup9mm x1kky2od\"><img loading=\"lazy\" decoding=\"async\" src=\"https:\/\/static.xx.fbcdn.net\/images\/emoji.php\/v9\/t4c\/1\/16\/25aa.png\" alt=\"\u25aa\ufe0f\" width=\"16\" height=\"16\" \/><\/span>Tecnicatura superior en Higiene y Seguridad<\/em><\/strong><\/p>\n<p><strong><em><span class=\"x3nfvp2 x1j61x8r x1fcty0u xdj266r xhhsvwb xat24cr xgzva0m xxymvpz xlup9mm x1kky2od\"><img loading=\"lazy\" decoding=\"async\" src=\"https:\/\/static.xx.fbcdn.net\/images\/emoji.php\/v9\/t4c\/1\/16\/25aa.png\" alt=\"\u25aa\ufe0f\" width=\"16\" height=\"16\" \/><\/span>Tecnicatura superior en Log\u00edstica<\/em><\/strong><\/p>\n<div dir=\"auto\"><\/div>\n<\/div>\n<div class=\"x11i5rnm xat24cr x1mh8g0r x1vvkbs xtlvy1s x126k92a\">\n<div dir=\"auto\">Adem\u00e1s, pr\u00f3ximamente tambi\u00e9n ser\u00e1n dictados::<\/div>\n<div dir=\"auto\"><span class=\"x3nfvp2 x1j61x8r x1fcty0u xdj266r xhhsvwb xat24cr xgzva0m xxymvpz xlup9mm x1kky2od\"><img loading=\"lazy\" decoding=\"async\" src=\"https:\/\/static.xx.fbcdn.net\/images\/emoji.php\/v9\/t4c\/1\/16\/25aa.png\" alt=\"\u25aa\ufe0f\" width=\"16\" height=\"16\" \/><\/span><em><strong>Programa Universitario en Marketing<\/strong><\/em><\/div>\n<div dir=\"auto\"><em><strong><span class=\"x3nfvp2 x1j61x8r x1fcty0u xdj266r xhhsvwb xat24cr xgzva0m xxymvpz xlup9mm x1kky2od\"><img loading=\"lazy\" decoding=\"async\" src=\"https:\/\/static.xx.fbcdn.net\/images\/emoji.php\/v9\/t4c\/1\/16\/25aa.png\" alt=\"\u25aa\ufe0f\" width=\"16\" height=\"16\" \/><\/span>Programa Universitario en Recursos Humanos<\/strong><\/em><\/div>\n<div dir=\"auto\"><em><strong><span class=\"x3nfvp2 x1j61x8r x1fcty0u xdj266r xhhsvwb xat24cr xgzva0m xxymvpz xlup9mm x1kky2od\"><img loading=\"lazy\" decoding=\"async\" src=\"https:\/\/static.xx.fbcdn.net\/images\/emoji.php\/v9\/t4c\/1\/16\/25aa.png\" alt=\"\u25aa\ufe0f\" width=\"16\" height=\"16\" \/><\/span>Programa universitario en Salud Mental<\/strong><\/em><\/div>\n<div dir=\"auto\"><em><strong><span class=\"x3nfvp2 x1j61x8r x1fcty0u xdj266r xhhsvwb xat24cr xgzva0m xxymvpz xlup9mm x1kky2od\"><img loading=\"lazy\" decoding=\"async\" src=\"https:\/\/static.xx.fbcdn.net\/images\/emoji.php\/v9\/t4c\/1\/16\/25aa.png\" alt=\"\u25aa\ufe0f\" width=\"16\" height=\"16\" \/><\/span>Tecnicatura universitaria en Producci\u00f3n Agropecuaria<\/strong><\/em><\/div>\n<\/div>\n<div dir=\"auto\"><\/div>\n<div class=\"x11i5rnm xat24cr x1mh8g0r x1vvkbs xtlvy1s x126k92a\">\n<div dir=\"auto\">Este nuevo y moderno edificio ubicado sobre la calle San Mart\u00edn de Capilla del Se\u00f1or, cuenta con cuatro, preceptor\u00eda y direcci\u00f3n. Y se suman, cuerpos de ba\u00f1o y patio externo e interno. El <em>&#8220;Centro viene a saldar una deuda hist\u00f3rica con la comunidad educativa, brindando la posibilidad de continuar los estudios terciarios y universitarios, sin salir de nuestro distrito&#8221;, <\/em>manifestaron desde la comuna.<\/div>\n<\/div>\n<div dir=\"auto\"><\/div>\n<div dir=\"auto\">Fotos: Prensa Municipalidad.<\/div>\n<div dir=\"auto\"><\/div>\n<div dir=\"auto\">NOTA EN DESARROLLO<\/div>\n","protected":false},"excerpt":{"rendered":"<p>&#8220;Un nuevo sue\u00f1o cumplido&#8221;.<\/p>\n","protected":false},"author":4,"featured_media":20171,"comment_status":"open","ping_status":"open","sticky":false,"template":"","format":"standard","meta":{"footnotes":"","jetpack_publicize_message":"","jetpack_publicize_feature_enabled":true,"jetpack_social_post_already_shared":false,"jetpack_social_options":{"image_generator_settings":{"template":"highway","default_image_id":0,"font":"","enabled":false},"version":2}},"categories":[17],"tags":[1191],"class_list":["post-20168","post","type-post","status-publish","format-standard","has-post-thumbnail","hentry","category-politica","tag-centro-universitario"],"jetpack_publicize_connections":[],"jetpack_featured_media_url":"https:\/\/revistaepocadigital.com.ar\/wp-content\/uploads\/2023\/03\/CENTRO-UNI-PORT.jpg","jetpack_likes_enabled":true,"_links":{"self":[{"href":"https:\/\/revistaepocadigital.com.ar\/index.php?rest_route=\/wp\/v2\/posts\/20168","targetHints":{"allow":["GET"]}}],"collection":[{"href":"https:\/\/revistaepocadigital.com.ar\/index.php?rest_route=\/wp\/v2\/posts"}],"about":[{"href":"https:\/\/revistaepocadigital.com.ar\/index.php?rest_route=\/wp\/v2\/types\/post"}],"author":[{"embeddable":true,"href":"https:\/\/revistaepocadigital.com.ar\/index.php?rest_route=\/wp\/v2\/users\/4"}],"replies":[{"embeddable":true,"href":"https:\/\/revistaepocadigital.com.ar\/index.php?rest_route=%2Fwp%2Fv2%2Fcomments&post=20168"}],"version-history":[{"count":0,"href":"https:\/\/revistaepocadigital.com.ar\/index.php?rest_route=\/wp\/v2\/posts\/20168\/revisions"}],"wp:featuredmedia":[{"embeddable":true,"href":"https:\/\/revistaepocadigital.com.ar\/index.php?rest_route=\/wp\/v2\/media\/20171"}],"wp:attachment":[{"href":"https:\/\/revistaepocadigital.com.ar\/index.php?rest_route=%2Fwp%2Fv2%2Fmedia&parent=20168"}],"wp:term":[{"taxonomy":"category","embeddable":true,"href":"https:\/\/revistaepocadigital.com.ar\/index.php?rest_route=%2Fwp%2Fv2%2Fcategories&post=20168"},{"taxonomy":"post_tag","embeddable":true,"href":"https:\/\/revistaepocadigital.com.ar\/index.php?rest_route=%2Fwp%2Fv2%2Ftags&post=20168"}],"curies":[{"name":"wp","href":"https:\/\/api.w.org\/{rel}","templated":true}]}}