{"id":20192,"date":"2023-03-25T00:47:19","date_gmt":"2023-03-25T03:47:19","guid":{"rendered":"https:\/\/revistaepocadigital.com.ar\/?p=20192"},"modified":"2023-03-25T00:49:03","modified_gmt":"2023-03-25T03:49:03","slug":"la-fiesta-inolvidable-de-argentina-campeon-mundial-y-el-pedido-de-messi","status":"publish","type":"post","link":"https:\/\/revistaepocadigital.com.ar\/?p=20192","title":{"rendered":"LA FIESTA INOLVIDABLE DE ARGENTINA CAMPE\u00d3N MUNDIAL Y EL PEDIDO DE MESSI"},"content":{"rendered":"<div class=\"row\">\n<header class=\"newsfull__header\">\n<div class=\"title-container\">\n<h3 id=\"m34-33-35\" class=\"title newsfull__title \">UNA NOCHE DESBORDANTE, MEMORABLE.<!--more--><\/h3>\n<\/div>\n<div class=\"newsfull__excerpt\">\n<p id=\"m39-38-40\" class=\"epigraph \">A pesar de la emoci\u00f3n de estar con el resto de los campeones del mundo, la Pulga tom\u00f3 el micr\u00f3fono en el Monumental y asegur\u00f3 que sus excompa\u00f1eros que no pudieron levantar la Copa tambi\u00e9n merecen el reconocimiento popular.<\/p>\n<div><\/div>\n<\/div>\n<\/header>\n<\/div>\n<div class=\"row row-body\">\n<div class=\"col__main\">\n<div class=\"article-media\">\n<div class=\"main-slider\">\n<div class=\"main-gallery my-gallery newsphotogallery swiper-container-2 swiper-container-initialized swiper-container-horizontal swiper-container-pointer-events\" data-pswp-uid=\"1\">\n<div id=\"swiper-wrapper-c8cdaa42c33c97ee\" class=\"swiper-wrapper\" aria-live=\"polite\">\n<figure class=\"swiper-slide swiper-slide-active\" role=\"group\" aria-label=\"1 \/ 1\"><a href=\"https:\/\/www.mdzol.com\/u\/fotografias\/m\/2023\/3\/23\/f1456x819-1384150_1554520_5326.jpg\" data-size=\"1456x819\" data-index=\"0\"><img decoding=\"async\" class=\"lazy loading\" src=\"https:\/\/www.mdzol.com\/u\/fotografias\/m\/2023\/3\/23\/f848x477-1384150_1441953_5326.jpg\" data-index=\"\" data-size=\"w:848,h:477\" data-was-processed=\"true\" \/><\/a><figcaption class=\"newsphotogallery__description\">\n<p class=\"image-author\">MESSI Y UN PEDIDO DE RECONOCIMIENTO PARA AQUELLOS JUGADORES DE LA SELECCI\u00d3N QUE FUERON CRITICADOS POR NO LOGRAR LA COPA DEL MUNDO. Foto Telam<\/p>\n<p class=\"image-author\"><a href=\"https:\/\/www.mdzol.com\/deportes\/2023\/3\/23\/argentina-vencio-panama-messi-hizo-historia-en-el-monumental-324518.html\" target=\"_blank\" rel=\"noopener\"><strong>Lionel Messi<\/strong><\/a>\u00a0volvi\u00f3 a desplegar su magia y le regal\u00f3 un hermoso tiro libre a la gente para alcanzar 800 goles en su carrera. No obstante, eso queda en un segundo plano por el costado emotivo que tuvo la noche en el Monumental. Luego del partido y de los videos sobre Qatar 2022, el capit\u00e1n de la\u00a0<a href=\"https:\/\/www.mdzol.com\/deportes\/2023\/3\/23\/el-hermoso-tiro-libre-que-le-permitio-lograr-una-marca-impactante-messi-324541.html\" target=\"_blank\" rel=\"noopener\"><strong>Selecci\u00f3n argentina<\/strong><\/a>\u00a0tom\u00f3 el micr\u00f3fono y les habl\u00f3 a todos los hinchas campeones del mundo.<\/p>\n<\/figcaption><\/figure>\n<\/div>\n<\/div>\n<\/div>\n<\/div>\n<div class=\"newsfull__content\">\n<div class=\"newsfull__body\">\n<div class=\"modules-container\">\n<div class=\"widget-jwp\">\n<div class=\"video-adaptable\"><img decoding=\"async\" class=\"i-amphtml-fill-content amp-hidden\" src=\"https:\/\/content.jwplatform.com\/thumbs\/bWy0TY4N-720.jpg\" alt=\"Loading video\" \/><iframe class=\"i-amphtml-fill-content\" src=\"https:\/\/content.jwplatform.com\/players\/bWy0TY4N-3LVbKwn1.html?isAMP=true\" frameborder=\"0\" scrolling=\"no\" allowfullscreen=\"allowfullscreen\" data-mce-fragment=\"1\"><\/iframe><\/div>\n<\/div>\n<p>Con la Copa del Mundo a su lado, la Pulga se emocion\u00f3 junto a los fan\u00e1ticos y, en la medida que las ovaciones y reverencias no lo taparon, resalt\u00f3 la dificultad que conlleva ser campeones del Mundial y pidi\u00f3 reconocimiento a sus excompa\u00f1eros que no pudieron lograrlo: &#8220;S\u00e9 que es un d\u00eda nuestro, pero no quiero olvidarme de mis anteriores compa\u00f1eros con los que hicimos todo lo posible por conseguir \u00e9sta, pero no se nos dio. Estuvimos muy cerca, pero ellos se merecen el respeto y reconocimiento de todos porque dejaron todo&#8221;, afirm\u00f3.<\/p>\n<aside class=\"htmlinline\">\n<div id=\"div-gpt-ad-entreparrafos(1)\">Luego, el mejor jugador del mundo agreg\u00f3: &#8220;Qued\u00f3 demostrado que es muy dif\u00edcil conseguir esto, depende de muchas cosas. A veces por peque\u00f1os detalles se escapa. \u00a1Disfrutemos de la tercera estrella!&#8221;.<\/div>\n<\/aside>\n<div class=\"widget-jwp\">\n<div class=\"video-adaptable\"><img decoding=\"async\" class=\"i-amphtml-fill-content amp-hidden\" src=\"https:\/\/content.jwplatform.com\/thumbs\/Xj3FvGM2-720.jpg\" alt=\"Loading video\" \/><iframe class=\"i-amphtml-fill-content\" src=\"https:\/\/content.jwplatform.com\/players\/Xj3FvGM2-3LVbKwn1.html?isAMP=true\" frameborder=\"0\" scrolling=\"no\" allowfullscreen=\"allowfullscreen\" data-mce-fragment=\"1\"><\/iframe><\/div>\n<\/div>\n<p>Adem\u00e1s, el capit\u00e1n de los campeones del mundo reiter\u00f3 el pedido de festejar este logro: &#8220;Disfrutemos, no sabemos cu\u00e1nto va a pasar para volver a conseguir una, ojal\u00e1 no sea tanto tiempo&#8221;, aclar\u00f3.<\/p>\n<aside class=\"htmlinline\">\n<div id=\"div-gpt-ad-entreparrafos(4)\">Nota publicada en MDZ.com\u00a0 Deportes<\/div>\n<\/aside>\n<\/div>\n<\/div>\n<\/div>\n<\/div>\n<\/div>\n","protected":false},"excerpt":{"rendered":"<p>UNA NOCHE DESBORDANTE, MEMORABLE.<\/p>\n","protected":false},"author":3,"featured_media":20193,"comment_status":"open","ping_status":"open","sticky":false,"template":"","format":"standard","meta":{"footnotes":"","jetpack_publicize_message":"","jetpack_publicize_feature_enabled":true,"jetpack_social_post_already_shared":false,"jetpack_social_options":{"image_generator_settings":{"template":"highway","default_image_id":0,"font":"","enabled":false},"version":2}},"categories":[13],"tags":[2251,2252],"class_list":["post-20192","post","type-post","status-publish","format-standard","has-post-thumbnail","hentry","category-interes-general","tag-festejos-argentina-campeon","tag-messsi"],"jetpack_publicize_connections":[],"jetpack_featured_media_url":"https:\/\/revistaepocadigital.com.ar\/wp-content\/uploads\/2023\/03\/galardo_-_2023-03-24t000708_478.jpg_467017644.webp","jetpack_likes_enabled":true,"_links":{"self":[{"href":"https:\/\/revistaepocadigital.com.ar\/index.php?rest_route=\/wp\/v2\/posts\/20192","targetHints":{"allow":["GET"]}}],"collection":[{"href":"https:\/\/revistaepocadigital.com.ar\/index.php?rest_route=\/wp\/v2\/posts"}],"about":[{"href":"https:\/\/revistaepocadigital.com.ar\/index.php?rest_route=\/wp\/v2\/types\/post"}],"author":[{"embeddable":true,"href":"https:\/\/revistaepocadigital.com.ar\/index.php?rest_route=\/wp\/v2\/users\/3"}],"replies":[{"embeddable":true,"href":"https:\/\/revistaepocadigital.com.ar\/index.php?rest_route=%2Fwp%2Fv2%2Fcomments&post=20192"}],"version-history":[{"count":0,"href":"https:\/\/revistaepocadigital.com.ar\/index.php?rest_route=\/wp\/v2\/posts\/20192\/revisions"}],"wp:featuredmedia":[{"embeddable":true,"href":"https:\/\/revistaepocadigital.com.ar\/index.php?rest_route=\/wp\/v2\/media\/20193"}],"wp:attachment":[{"href":"https:\/\/revistaepocadigital.com.ar\/index.php?rest_route=%2Fwp%2Fv2%2Fmedia&parent=20192"}],"wp:term":[{"taxonomy":"category","embeddable":true,"href":"https:\/\/revistaepocadigital.com.ar\/index.php?rest_route=%2Fwp%2Fv2%2Fcategories&post=20192"},{"taxonomy":"post_tag","embeddable":true,"href":"https:\/\/revistaepocadigital.com.ar\/index.php?rest_route=%2Fwp%2Fv2%2Ftags&post=20192"}],"curies":[{"name":"wp","href":"https:\/\/api.w.org\/{rel}","templated":true}]}}