{"id":20230,"date":"2023-03-28T19:50:15","date_gmt":"2023-03-28T22:50:15","guid":{"rendered":"https:\/\/revistaepocadigital.com.ar\/?p=20230"},"modified":"2023-03-28T19:50:15","modified_gmt":"2023-03-28T22:50:15","slug":"fue-una-gran-experiencia-poner-en-escena-una-comparsa-de-la-magnitu-de-o-bahialos-carnavales-de-gualeguaychu","status":"publish","type":"post","link":"https:\/\/revistaepocadigital.com.ar\/?p=20230","title":{"rendered":"&#8220;Fue una gran experiencia poner en escena una comparsa de la magnitu de O&#8217; Bah\u00eda&#8221;Los Carnavales de Gualeguaych\u00fa"},"content":{"rendered":"<div><strong>FABI\u00c1N SCOVENNA, EL TALENTOSO DIRECTOR Y REALIZADOR ART\u00cdSTICO. SU BALANCE LUEGO DE LOS CARNAVALES EN GUALEGUAYCH\u00da.<\/strong><\/div>\n<p><!--more--><\/p>\n<div><\/div>\n<div>El Carnaval de Gualeguaych\u00fa, Entre R\u00edos, el m\u00e1s famoso del pa\u00eds, un espect\u00e1culo con a\u00f1os de vigencia que ha seguido convocando\u00a0 y atrayendo al p\u00fablico, fue en la reciente edici\u00f3n culminada, una de las m\u00e1s concurridas de los \u00faltimos a\u00f1os.<\/div>\n<div><\/div>\n<div>Para los capillenses, con un condimento especial, ante la presencia del realizador art\u00edstico <strong>Fabi\u00e1n Scovenna,<\/strong> como director de la muy conocida comparsa O&#8217; Bah\u00eda, en cierta forma ligada a nuestra ciudad, habida cuenta de la participaci\u00f3n de vecinos locales en varias ediciones.<\/div>\n<div><img loading=\"lazy\" decoding=\"async\" class=\"aligncenter size-full wp-image-20232\" src=\"https:\/\/revistaepocadigital.com.ar\/wp-content\/uploads\/2023\/03\/scove.jpg\" alt=\"\" width=\"384\" height=\"576\" srcset=\"https:\/\/revistaepocadigital.com.ar\/wp-content\/uploads\/2023\/03\/scove.jpg 384w, https:\/\/revistaepocadigital.com.ar\/wp-content\/uploads\/2023\/03\/scove-200x300.jpg 200w, https:\/\/revistaepocadigital.com.ar\/wp-content\/uploads\/2023\/03\/scove-280x420.jpg 280w\" sizes=\"auto, (max-width: 384px) 100vw, 384px\" \/><\/div>\n<div><\/div>\n<div>&#8220;La presencia de las cinco comparsas m\u00e1s importantes y con un clima favorable, deriv\u00f3 en que se vivieran diez noches muy destacadas, muy buenas para el espect\u00e1culo m\u00e1s grande a cielo abierto del pa\u00eds&#8221;, comenta Scovenna a EPOCA.<\/p>\n<p>Acerca de los resultados, los jurados premiaron como la mejo a la comparsa Papelitos del Club Juventud Unida con su tem\u00e1tica &#8220;Le\u00f3n&#8221;. La sigui\u00f3 Mar\u00ed Mar\u00ed del Club Central Entrerriano con la propuesta &#8220;En\u00e9rgica&#8221;, luego Kamarr del Club Sirio Libanes que mostr\u00f3 el tema &#8220;Impulso&#8221;, en cuarto lugar la comparsa O&#8217;Bahia del Club de Pescadores presentando <strong>O&#8217;Bahia Rock<\/strong> con la direcci\u00f3n de Fabi\u00e1n Scovenna. En \u00faltimo lugar qued\u00f3 la comparsa del Club Tiro Federal Ara Yevi,\u00a0 por lo que de esa manera, al ubicarse en el quinto puesto como estipula el reglamento, no participar\u00e1 en los carnavales 2024.<\/p>\n<p>&#8220;En la actualidad me encuentro dise\u00f1ando los vestuarios y carrozas de lo que ser\u00e1, si a la comisi\u00f3n de la Comparsa O&#8217;Bahia est\u00e1n de acuerdo y les gusta, la tem\u00e1tica 2024&#8221;, apunta Fabi\u00e1n, siempre din\u00e1mico y pensado en sus futuras producciones.<\/p><\/div>\n<div><img loading=\"lazy\" decoding=\"async\" class=\"aligncenter size-medium wp-image-20234\" src=\"https:\/\/revistaepocadigital.com.ar\/wp-content\/uploads\/2023\/03\/sconve-23-300x200.jpg\" alt=\"\" width=\"300\" height=\"200\" srcset=\"https:\/\/revistaepocadigital.com.ar\/wp-content\/uploads\/2023\/03\/sconve-23-300x200.jpg 300w, https:\/\/revistaepocadigital.com.ar\/wp-content\/uploads\/2023\/03\/sconve-23-630x420.jpg 630w, https:\/\/revistaepocadigital.com.ar\/wp-content\/uploads\/2023\/03\/sconve-23.jpg 640w\" sizes=\"auto, (max-width: 300px) 100vw, 300px\" \/><br \/>\n&#8220;Realmente para m\u00ed, fue una gran experiencia, muy enrriquecedora sin dudas, el hecho de\u00a0 poner en escena a una comparsa de la magnitud de O&#8217;Bah\u00eda&#8221;, sostiene. &#8220;Fue \u00a0un 2022\/23 de mucho aprendizaje. Poder mostrar en otro c\u00edrculo cultural, mi forma de trabajar y desempe\u00f1arme, fue altamente positivo&#8221;, asegura Sconvenna quien no se olvida de &#8220;agradecer a todas las personas que hicieron posible esta experiencia, y concretar\u00a0 \u00a0 a trav\u00e9s de mi labor, la representaci\u00f3n artista de Exlataci\u00f3n de la Cruz en la Provincia de Entre R\u00edos&#8221;.<\/div>\n","protected":false},"excerpt":{"rendered":"<p>FABI\u00c1N SCOVENNA, EL TALENTOSO DIRECTOR Y REALIZADOR ART\u00cdSTICO. SU BALANCE LUEGO DE LOS CARNAVALES EN GUALEGUAYCH\u00da.<\/p>\n","protected":false},"author":4,"featured_media":20231,"comment_status":"open","ping_status":"open","sticky":false,"template":"","format":"standard","meta":{"footnotes":"","jetpack_publicize_message":"","jetpack_publicize_feature_enabled":true,"jetpack_social_post_already_shared":false,"jetpack_social_options":{"image_generator_settings":{"template":"highway","default_image_id":0,"font":"","enabled":false},"version":2}},"categories":[12],"tags":[2152,173,83],"class_list":["post-20230","post","type-post","status-publish","format-standard","has-post-thumbnail","hentry","category-espectaculos","tag-2152","tag-carnavales","tag-scovenna"],"jetpack_publicize_connections":[],"jetpack_featured_media_url":"https:\/\/revistaepocadigital.com.ar\/wp-content\/uploads\/2023\/03\/scovenna-carna-23.jpg","jetpack_likes_enabled":true,"_links":{"self":[{"href":"https:\/\/revistaepocadigital.com.ar\/index.php?rest_route=\/wp\/v2\/posts\/20230","targetHints":{"allow":["GET"]}}],"collection":[{"href":"https:\/\/revistaepocadigital.com.ar\/index.php?rest_route=\/wp\/v2\/posts"}],"about":[{"href":"https:\/\/revistaepocadigital.com.ar\/index.php?rest_route=\/wp\/v2\/types\/post"}],"author":[{"embeddable":true,"href":"https:\/\/revistaepocadigital.com.ar\/index.php?rest_route=\/wp\/v2\/users\/4"}],"replies":[{"embeddable":true,"href":"https:\/\/revistaepocadigital.com.ar\/index.php?rest_route=%2Fwp%2Fv2%2Fcomments&post=20230"}],"version-history":[{"count":0,"href":"https:\/\/revistaepocadigital.com.ar\/index.php?rest_route=\/wp\/v2\/posts\/20230\/revisions"}],"wp:featuredmedia":[{"embeddable":true,"href":"https:\/\/revistaepocadigital.com.ar\/index.php?rest_route=\/wp\/v2\/media\/20231"}],"wp:attachment":[{"href":"https:\/\/revistaepocadigital.com.ar\/index.php?rest_route=%2Fwp%2Fv2%2Fmedia&parent=20230"}],"wp:term":[{"taxonomy":"category","embeddable":true,"href":"https:\/\/revistaepocadigital.com.ar\/index.php?rest_route=%2Fwp%2Fv2%2Fcategories&post=20230"},{"taxonomy":"post_tag","embeddable":true,"href":"https:\/\/revistaepocadigital.com.ar\/index.php?rest_route=%2Fwp%2Fv2%2Ftags&post=20230"}],"curies":[{"name":"wp","href":"https:\/\/api.w.org\/{rel}","templated":true}]}}