{"id":20258,"date":"2023-03-31T03:46:47","date_gmt":"2023-03-31T06:46:47","guid":{"rendered":"https:\/\/revistaepocadigital.com.ar\/?p=20258"},"modified":"2023-03-31T03:48:13","modified_gmt":"2023-03-31T06:48:13","slug":"la-concejal-ester-juncos-macri-puede-ser-un-gran-canciller-en-el-proximo-gobierno","status":"publish","type":"post","link":"https:\/\/revistaepocadigital.com.ar\/?p=20258","title":{"rendered":"La concejal Ester Juncos, &#8220;Macri puede ser un gran canciller en el pr\u00f3ximo gobierno&#8221;"},"content":{"rendered":"<p><strong>LA OPINI\u00d3N DE LA CONCEJAL ESTER JUNCOS, PROVENIENTE DEL ARI., QUIEN INTEGRA JUNTOS, ACERCA DE LA DECISI\u00d3N DE MAURICIO MACRI DE NO PRESENTARSE COMO CANDIDATO A PRESIDENTE.<\/strong><!--more--><\/p>\n<p>\u00bfIncidir\u00e1 el paso dado por el ex-presidente en las estrategias de los partidos pol\u00edticos exaltacruce\u00f1os de cara a las PASO y a las elecciones generales en octubre?<\/p>\n<p>&#8220;Mauricio Macri es un gran pol\u00edtico, y con humildad resolvi\u00f3 &#8220;correrse&#8221; de una eventual candidatura a presidente. Y en cuanto a la decisi\u00f3n que tom\u00f3 sobre su candidatura, tendr\u00e1 efectos en Juntos, se est\u00e1\u00a0 viendo, Juntos ha salido fortalecido&#8221;, apunta <strong>Juncos<\/strong>.<\/p>\n<p>Despu\u00e9s remarc\u00f3 acerca de un eventual rol en el gobierno de Juntos,<strong><em> &#8220;Macri puede se un gran ministro de relaciones exteriores en el futuro gobierno de Juntos, y sobretodo porque cubrir\u00eda el ministerio de relaciones exteriores, un \u00e1rea vital que el gobierno debe aprovechar tendiendo lazos comerciales, pol\u00edticos, culturales con los pa\u00edses del mundo&#8221;<\/em><\/strong><\/p>\n<p>&#8220;Reitero, s\u00f3lo los que son grandes pol\u00edticos de verdad,\u00a0 saben tomar decisiones en este sentido&#8221;, apunto Juncos elogiando a Macri, antes de estimar, &#8220;no creo que su decisi\u00f3n influya en el armado de listas de Juntos para las PASO y las elecciones de octubre, no tendr\u00e1 injerencia&#8221;.<\/p>\n<p>&nbsp;<\/p>\n","protected":false},"excerpt":{"rendered":"<p>LA OPINI\u00d3N DE LA CONCEJAL ESTER JUNCOS, PROVENIENTE DEL ARI., QUIEN INTEGRA JUNTOS, ACERCA DE LA DECISI\u00d3N DE MAURICIO MACRI DE NO PRESENTARSE COMO CANDIDATO A PRESIDENTE.<\/p>\n","protected":false},"author":4,"featured_media":20260,"comment_status":"open","ping_status":"open","sticky":false,"template":"","format":"standard","meta":{"footnotes":"","jetpack_publicize_message":"","jetpack_publicize_feature_enabled":true,"jetpack_social_post_already_shared":false,"jetpack_social_options":{"image_generator_settings":{"template":"highway","default_image_id":0,"font":"","enabled":false},"version":2}},"categories":[17],"tags":[43,2259,389],"class_list":["post-20258","post","type-post","status-publish","format-standard","has-post-thumbnail","hentry","category-politica","tag-elecciones","tag-juncos","tag-macri"],"jetpack_publicize_connections":[],"jetpack_featured_media_url":"https:\/\/revistaepocadigital.com.ar\/wp-content\/uploads\/2023\/03\/JUNCO-1.png","jetpack_likes_enabled":true,"_links":{"self":[{"href":"https:\/\/revistaepocadigital.com.ar\/index.php?rest_route=\/wp\/v2\/posts\/20258","targetHints":{"allow":["GET"]}}],"collection":[{"href":"https:\/\/revistaepocadigital.com.ar\/index.php?rest_route=\/wp\/v2\/posts"}],"about":[{"href":"https:\/\/revistaepocadigital.com.ar\/index.php?rest_route=\/wp\/v2\/types\/post"}],"author":[{"embeddable":true,"href":"https:\/\/revistaepocadigital.com.ar\/index.php?rest_route=\/wp\/v2\/users\/4"}],"replies":[{"embeddable":true,"href":"https:\/\/revistaepocadigital.com.ar\/index.php?rest_route=%2Fwp%2Fv2%2Fcomments&post=20258"}],"version-history":[{"count":0,"href":"https:\/\/revistaepocadigital.com.ar\/index.php?rest_route=\/wp\/v2\/posts\/20258\/revisions"}],"wp:featuredmedia":[{"embeddable":true,"href":"https:\/\/revistaepocadigital.com.ar\/index.php?rest_route=\/wp\/v2\/media\/20260"}],"wp:attachment":[{"href":"https:\/\/revistaepocadigital.com.ar\/index.php?rest_route=%2Fwp%2Fv2%2Fmedia&parent=20258"}],"wp:term":[{"taxonomy":"category","embeddable":true,"href":"https:\/\/revistaepocadigital.com.ar\/index.php?rest_route=%2Fwp%2Fv2%2Fcategories&post=20258"},{"taxonomy":"post_tag","embeddable":true,"href":"https:\/\/revistaepocadigital.com.ar\/index.php?rest_route=%2Fwp%2Fv2%2Ftags&post=20258"}],"curies":[{"name":"wp","href":"https:\/\/api.w.org\/{rel}","templated":true}]}}