{"id":20280,"date":"2023-04-02T00:24:00","date_gmt":"2023-04-02T03:24:00","guid":{"rendered":"https:\/\/revistaepocadigital.com.ar\/?p=20280"},"modified":"2023-04-02T00:27:06","modified_gmt":"2023-04-02T03:27:06","slug":"river-capilla-acompano-el-homenaje-a-los-heroes-de-malvinas-en-el-monumental","status":"publish","type":"post","link":"https:\/\/revistaepocadigital.com.ar\/?p=20280","title":{"rendered":"RIVER CAPILLA ACOMPA\u00d1\u00d3 EL HOMENAJE A LOS H\u00c9ROES DE MALVINAS EN EL MONUMENTAL"},"content":{"rendered":"<div dir=\"auto\"><strong>LAS MALVINAS EN EL CORAZ\u00d3N DE TODOS LOS ARGENTINOS.<\/strong><\/div>\n<p><!--more--><\/p>\n<div dir=\"auto\"><\/div>\n<div dir=\"auto\" style=\"text-align: left;\">&#8220;Son nuestros h\u00e9roes, los que con l\u00e1grimas en los ojos reviven su inmenso dolor, su gran odisea, un sonoro y cruel recuerdo que hace vibrar cuerpo y alma; de bombas, aviones y armas desconocidas para j\u00f3venes que con solo 18 a\u00f1os de edad miraron consternados la muerte\u201d.<\/div>\n<div dir=\"auto\"><\/div>\n<div dir=\"auto\"><img loading=\"lazy\" decoding=\"async\" class=\"alignleft size-large wp-image-20288\" src=\"https:\/\/revistaepocadigital.com.ar\/wp-content\/uploads\/2023\/04\/mor-1200x928.jpg\" alt=\"\" width=\"696\" height=\"538\" srcset=\"https:\/\/revistaepocadigital.com.ar\/wp-content\/uploads\/2023\/04\/mor-1200x928.jpg 1200w, https:\/\/revistaepocadigital.com.ar\/wp-content\/uploads\/2023\/04\/mor-300x232.jpg 300w, https:\/\/revistaepocadigital.com.ar\/wp-content\/uploads\/2023\/04\/mor-768x594.jpg 768w, https:\/\/revistaepocadigital.com.ar\/wp-content\/uploads\/2023\/04\/mor-696x538.jpg 696w, https:\/\/revistaepocadigital.com.ar\/wp-content\/uploads\/2023\/04\/mor-1068x826.jpg 1068w, https:\/\/revistaepocadigital.com.ar\/wp-content\/uploads\/2023\/04\/mor-543x420.jpg 543w, https:\/\/revistaepocadigital.com.ar\/wp-content\/uploads\/2023\/04\/mor-1086x840.jpg 1086w, https:\/\/revistaepocadigital.com.ar\/wp-content\/uploads\/2023\/04\/mor.jpg 1284w\" sizes=\"auto, (max-width: 696px) 100vw, 696px\" \/><\/div>\n<div dir=\"auto\">&#8220;Nuestros Soldados H\u00e9roes<\/div>\n<div dir=\"auto\">Nuestras Islas Malvinas , Eternamente Nuestras Por qu\u00e9 Malvinas nos une. Honra a quienes perdieron la vida defendiendo ese territorio. Un enorme reconocimiento a los veteranos y veteranas de la Guerra del Atl\u00e1ntico Sur.<\/div>\n<div dir=\"auto\">Ojal\u00e1 tengamos la capacidad para que construyamos todos los d\u00edas una Argentina unida que tanto necesitamos y nos merecemos&#8221;.<\/div>\n<div dir=\"auto\"><a class=\"x1i10hfl xjbqb8w x6umtig x1b1mbwd xaqea5y xav7gou x9f619 x1ypdohk xt0psk2 xe8uvvx xdj266r x11i5rnm xat24cr x1mh8g0r xexx8yu x4uap5 x18d9i69 xkhd6sd x16tdsg8 x1hl2dhg xggy1nq x1a2a7pz xt0b8zv x1qq9wsj xo1l8bm\" tabindex=\"0\" role=\"link\" href=\"https:\/\/www.facebook.com\/hashtag\/orgullonacional?__eep__=6&amp;__cft__[0]=AZWk_dWtJhAIs7tjPs2E6dPY8HU5pmB5GE_AmF3zfIsc5g8cID45zEv5X2BJ9lF7_hiXCAemHSDTHRYlprFjRCBqnmP8t5Po0xtjESQPyvStfvJvlSdOuRx7_TVyA2CvUOLWAyxqtHGyhmV0i6RjgGkUa-I5nVFfrOdplNSrkTAPyXKlTCZ-9eq8DIAFRX6hcbs&amp;__tn__=*NK-R\">#OrgulloNacional<\/a> <span class=\"x3nfvp2 x1j61x8r x1fcty0u xdj266r xhhsvwb xat24cr xgzva0m xxymvpz xlup9mm x1kky2od\"><img loading=\"lazy\" decoding=\"async\" src=\"https:\/\/static.xx.fbcdn.net\/images\/emoji.php\/v9\/t48\/1\/16\/1f1e6_1f1f7.png\" alt=\"\ud83c\udde6\ud83c\uddf7\" width=\"16\" height=\"16\" \/><\/span><span class=\"x3nfvp2 x1j61x8r x1fcty0u xdj266r xhhsvwb xat24cr xgzva0m xxymvpz xlup9mm x1kky2od\"><img loading=\"lazy\" decoding=\"async\" src=\"https:\/\/static.xx.fbcdn.net\/images\/emoji.php\/v9\/t48\/1\/16\/1f1e6_1f1f7.png\" alt=\"\ud83c\udde6\ud83c\uddf7\" width=\"16\" height=\"16\" \/><\/span><\/div>\n","protected":false},"excerpt":{"rendered":"<p>LAS MALVINAS EN EL CORAZ\u00d3N DE TODOS LOS ARGENTINOS.<\/p>\n","protected":false},"author":3,"featured_media":20287,"comment_status":"open","ping_status":"open","sticky":false,"template":"","format":"standard","meta":{"footnotes":"","jetpack_publicize_message":"","jetpack_publicize_feature_enabled":true,"jetpack_social_post_already_shared":false,"jetpack_social_options":{"image_generator_settings":{"template":"highway","default_image_id":0,"font":"","enabled":false},"version":2}},"categories":[9],"tags":[1470,1855],"class_list":["post-20280","post","type-post","status-publish","format-standard","has-post-thumbnail","hentry","category-deportes","tag-las-moras","tag-river-capilla"],"jetpack_publicize_connections":[],"jetpack_featured_media_url":"https:\/\/revistaepocadigital.com.ar\/wp-content\/uploads\/2023\/04\/morrr.jpg","jetpack_likes_enabled":true,"_links":{"self":[{"href":"https:\/\/revistaepocadigital.com.ar\/index.php?rest_route=\/wp\/v2\/posts\/20280","targetHints":{"allow":["GET"]}}],"collection":[{"href":"https:\/\/revistaepocadigital.com.ar\/index.php?rest_route=\/wp\/v2\/posts"}],"about":[{"href":"https:\/\/revistaepocadigital.com.ar\/index.php?rest_route=\/wp\/v2\/types\/post"}],"author":[{"embeddable":true,"href":"https:\/\/revistaepocadigital.com.ar\/index.php?rest_route=\/wp\/v2\/users\/3"}],"replies":[{"embeddable":true,"href":"https:\/\/revistaepocadigital.com.ar\/index.php?rest_route=%2Fwp%2Fv2%2Fcomments&post=20280"}],"version-history":[{"count":0,"href":"https:\/\/revistaepocadigital.com.ar\/index.php?rest_route=\/wp\/v2\/posts\/20280\/revisions"}],"wp:featuredmedia":[{"embeddable":true,"href":"https:\/\/revistaepocadigital.com.ar\/index.php?rest_route=\/wp\/v2\/media\/20287"}],"wp:attachment":[{"href":"https:\/\/revistaepocadigital.com.ar\/index.php?rest_route=%2Fwp%2Fv2%2Fmedia&parent=20280"}],"wp:term":[{"taxonomy":"category","embeddable":true,"href":"https:\/\/revistaepocadigital.com.ar\/index.php?rest_route=%2Fwp%2Fv2%2Fcategories&post=20280"},{"taxonomy":"post_tag","embeddable":true,"href":"https:\/\/revistaepocadigital.com.ar\/index.php?rest_route=%2Fwp%2Fv2%2Ftags&post=20280"}],"curies":[{"name":"wp","href":"https:\/\/api.w.org\/{rel}","templated":true}]}}