{"id":20281,"date":"2023-04-01T21:25:16","date_gmt":"2023-04-02T00:25:16","guid":{"rendered":"https:\/\/revistaepocadigital.com.ar\/?p=20281"},"modified":"2023-04-01T21:25:16","modified_gmt":"2023-04-02T00:25:16","slug":"el-papa-francisco-un-hombre-terrenal-como-cualquiera-el-orgullo-hecho-anicos","status":"publish","type":"post","link":"https:\/\/revistaepocadigital.com.ar\/?p=20281","title":{"rendered":"El Papa Francisco, un hombre terrenal como cualquiera. El orgullo hecho a\u00f1icos"},"content":{"rendered":"<p><strong>Estupefacto.<\/strong><!--more--><\/p>\n<p><em>Me he sentidoante las declaraciones pol\u00edticas, con un percibido tinte a favor del gobierno kirchnerista, del Papa Francisco. Como nunca, puso sus cartas sobre la mesa y sin decirlo (&#8220;no hago nombres&#8221; como dijo a su entrevistador ultra K, Gustavo Silvestre), respald\u00f3 a CFK, al ex juez Zaffaroni (&#8220;somos amigos&#8221;), a Lula presidente actual de Brasil, a Dilma Rousseff, ex presidenta de Brasil y puso en duda las pruebas (law fare), que llevaron a la justicia argentina a condenar a la vicepresidente.<\/em><\/p>\n<p><em>Sino revistiera semejante investidura, como jefe de la iglesia cat\u00f3lica, uno de los hombres mas poderosos del mundo, y con ascendencia sobre miles de millones de fieles en la tierra, entender\u00eda que a\u00fan siendo sacerdote u obispo, pudiera vertir opiniones pol\u00edticas como tambi\u00e9n mostrar gestos pol\u00edticos dirigidos a un sector de la Argentina, su pa\u00eds.<\/em><\/p>\n<p><em>Sin embargo, es el Pastor de la iglesia cat\u00f3lica, quien representa a Jes\u00fas en la tierra y por ende como Pastor, debe velar por absolutamente todos los hombre s y mujeres con FE cat\u00f3lica sin caer en cuestiones terrenales, ni intereses partidarios independientemente -atenci\u00f3n, aclaro- del partido que se tratara, que no le competen.<\/em><\/p>\n<p><em>\u00bfSi ir\u00eda a verlo si viniese a su pais, nuestra Argentina?. Mmm, no he tenido dudas, ir\u00eda a estar con el pastor, a quien he respaldado ante cuestionamientos. Rol en que lo respeto a rajatablas. Ahora bien, en modo alguno, asistir\u00eda a un encuentro \u00bfmultitudinario?. si quien lo encabezara fuera Jorge Bergoglio quien como hombre, falible y sesgado, no me representa.<\/em><\/p>\n<p><em>Siento tristeza. Del orgullo leg\u00edtimo por ser contempor\u00e1neo de un Papa argentino, un hecho hist\u00f3rico, y de la emoci\u00f3n inolvidable por verlo y escucharlo hablar en el Vaticano, o haber recorrido Filadelfia en Estados Unidos, expresamente para seguir sus pasos pocos d\u00edas m\u00e1s tarde de su visita a\u00f1os atr\u00e1s, a esta desaz\u00f3n por percatarme que tambi\u00e9n lo lastiman los pecados terrenales y termina siendo un hombre falible y com\u00fan como cualquiera de nosotros<strong>. El orgullo hecho a\u00f1icos.<\/strong><\/em><\/p>\n","protected":false},"excerpt":{"rendered":"<p>Estupefacto.<\/p>\n","protected":false},"author":4,"featured_media":20286,"comment_status":"open","ping_status":"open","sticky":false,"template":"","format":"standard","meta":{"footnotes":"","jetpack_publicize_message":"","jetpack_publicize_feature_enabled":true,"jetpack_social_post_already_shared":false,"jetpack_social_options":{"image_generator_settings":{"template":"highway","default_image_id":0,"font":"","enabled":false},"version":2}},"categories":[7,17],"tags":[2260,1022],"class_list":["post-20281","post","type-post","status-publish","format-standard","has-post-thumbnail","hentry","category-columna-de-opinion","category-politica","tag-declaraciones-k","tag-papa-francisco"],"jetpack_publicize_connections":[],"jetpack_featured_media_url":"https:\/\/revistaepocadigital.com.ar\/wp-content\/uploads\/2023\/04\/IMG_2088.jpg","jetpack_likes_enabled":true,"_links":{"self":[{"href":"https:\/\/revistaepocadigital.com.ar\/index.php?rest_route=\/wp\/v2\/posts\/20281","targetHints":{"allow":["GET"]}}],"collection":[{"href":"https:\/\/revistaepocadigital.com.ar\/index.php?rest_route=\/wp\/v2\/posts"}],"about":[{"href":"https:\/\/revistaepocadigital.com.ar\/index.php?rest_route=\/wp\/v2\/types\/post"}],"author":[{"embeddable":true,"href":"https:\/\/revistaepocadigital.com.ar\/index.php?rest_route=\/wp\/v2\/users\/4"}],"replies":[{"embeddable":true,"href":"https:\/\/revistaepocadigital.com.ar\/index.php?rest_route=%2Fwp%2Fv2%2Fcomments&post=20281"}],"version-history":[{"count":0,"href":"https:\/\/revistaepocadigital.com.ar\/index.php?rest_route=\/wp\/v2\/posts\/20281\/revisions"}],"wp:featuredmedia":[{"embeddable":true,"href":"https:\/\/revistaepocadigital.com.ar\/index.php?rest_route=\/wp\/v2\/media\/20286"}],"wp:attachment":[{"href":"https:\/\/revistaepocadigital.com.ar\/index.php?rest_route=%2Fwp%2Fv2%2Fmedia&parent=20281"}],"wp:term":[{"taxonomy":"category","embeddable":true,"href":"https:\/\/revistaepocadigital.com.ar\/index.php?rest_route=%2Fwp%2Fv2%2Fcategories&post=20281"},{"taxonomy":"post_tag","embeddable":true,"href":"https:\/\/revistaepocadigital.com.ar\/index.php?rest_route=%2Fwp%2Fv2%2Ftags&post=20281"}],"curies":[{"name":"wp","href":"https:\/\/api.w.org\/{rel}","templated":true}]}}