{"id":20291,"date":"2023-04-02T01:08:59","date_gmt":"2023-04-02T04:08:59","guid":{"rendered":"https:\/\/revistaepocadigital.com.ar\/?p=20291"},"modified":"2023-04-03T11:24:18","modified_gmt":"2023-04-03T14:24:18","slug":"el-banco-provincia-vuelve-a-su-horario-habitual-de-10-a-15-horas","status":"publish","type":"post","link":"https:\/\/revistaepocadigital.com.ar\/?p=20291","title":{"rendered":"EL BANCO PROVINCIA VUELVE A SU HORARIO HABITUAL, DE 10 A 15 HORAS"},"content":{"rendered":"<div class=\"x11i5rnm xat24cr x1mh8g0r x1vvkbs xdj266r x126k92a\">\n<div dir=\"auto\"><strong>EL VIERNES 31 DE MARZO FINALIZ\u00d3 EL HORARIO DE VERANO.<\/strong><\/div>\n<div dir=\"auto\"><\/div>\n<\/div>\n<p><!--more--><\/p>\n<div class=\"x11i5rnm xat24cr x1mh8g0r x1vvkbs xtlvy1s x126k92a\">\n<div dir=\"auto\">Entonces desde <strong>este lunes 3 de abril<\/strong> todas las sucursales del Banco Provincia de Buenos Aires, en el caso de Exaltaci\u00f3n de la Cruz, en Capilla del Se\u00f1or y Los Cardales, vuelven a atender al p\u00fablico en el horario de 10 a 15 horas.<\/div>\n<\/div>\n<div class=\"x11i5rnm xat24cr x1mh8g0r x1vvkbs xtlvy1s x126k92a\">\n<div dir=\"auto\"><span class=\"x3nfvp2 x1j61x8r x1fcty0u xdj266r xhhsvwb xat24cr xgzva0m xxymvpz xlup9mm x1kky2od\"><img loading=\"lazy\" decoding=\"async\" src=\"https:\/\/static.xx.fbcdn.net\/images\/emoji.php\/v9\/taa\/1\/16\/1f310.png\" alt=\"\ud83c\udf10\" width=\"16\" height=\"16\" \/><\/span> Para m\u00e1s informaci\u00f3n, ingres\u00e1 al portal de noticias: <a class=\"x1i10hfl xjbqb8w x6umtig x1b1mbwd xaqea5y xav7gou x9f619 x1ypdohk xt0psk2 xe8uvvx xdj266r x11i5rnm xat24cr x1mh8g0r xexx8yu x4uap5 x18d9i69 xkhd6sd x16tdsg8 x1hl2dhg xggy1nq x1a2a7pz xt0b8zv x1fey0fg\" tabindex=\"0\" role=\"link\" href=\"https:\/\/www.bancoprovincia.com.ar\/Noticias\/MasNoticias\/los-bancos-vuelven-a-atender-en-el-horario-habitual-de-10-a-15-1061?fbclid=IwAR317_49eX42lSgIHjm11QkjOsNhU6scpLRi6IjnlrwwhJBmkBizUvBjdMM\" target=\"_blank\" rel=\"nofollow noopener\">https:\/\/www.bancoprovincia.com.ar\/&#8230;\/los-bancos-vuelven&#8230;<\/a><\/div>\n<\/div>\n","protected":false},"excerpt":{"rendered":"<p>EL VIERNES 31 DE MARZO FINALIZ\u00d3 EL HORARIO DE VERANO.<\/p>\n","protected":false},"author":3,"featured_media":20294,"comment_status":"open","ping_status":"open","sticky":false,"template":"","format":"standard","meta":{"footnotes":"","jetpack_publicize_message":"","jetpack_publicize_feature_enabled":true,"jetpack_social_post_already_shared":false,"jetpack_social_options":{"image_generator_settings":{"template":"highway","default_image_id":0,"font":"","enabled":false},"version":2}},"categories":[13,15],"tags":[840,37,694],"class_list":["post-20291","post","type-post","status-publish","format-standard","has-post-thumbnail","hentry","category-interes-general","category-lo-que-tenes-que-saber","tag-banco-provincia","tag-destacada","tag-horario"],"jetpack_publicize_connections":[],"jetpack_featured_media_url":"https:\/\/revistaepocadigital.com.ar\/wp-content\/uploads\/2023\/04\/banco-prov-capil.jpg","jetpack_likes_enabled":true,"_links":{"self":[{"href":"https:\/\/revistaepocadigital.com.ar\/index.php?rest_route=\/wp\/v2\/posts\/20291","targetHints":{"allow":["GET"]}}],"collection":[{"href":"https:\/\/revistaepocadigital.com.ar\/index.php?rest_route=\/wp\/v2\/posts"}],"about":[{"href":"https:\/\/revistaepocadigital.com.ar\/index.php?rest_route=\/wp\/v2\/types\/post"}],"author":[{"embeddable":true,"href":"https:\/\/revistaepocadigital.com.ar\/index.php?rest_route=\/wp\/v2\/users\/3"}],"replies":[{"embeddable":true,"href":"https:\/\/revistaepocadigital.com.ar\/index.php?rest_route=%2Fwp%2Fv2%2Fcomments&post=20291"}],"version-history":[{"count":0,"href":"https:\/\/revistaepocadigital.com.ar\/index.php?rest_route=\/wp\/v2\/posts\/20291\/revisions"}],"wp:featuredmedia":[{"embeddable":true,"href":"https:\/\/revistaepocadigital.com.ar\/index.php?rest_route=\/wp\/v2\/media\/20294"}],"wp:attachment":[{"href":"https:\/\/revistaepocadigital.com.ar\/index.php?rest_route=%2Fwp%2Fv2%2Fmedia&parent=20291"}],"wp:term":[{"taxonomy":"category","embeddable":true,"href":"https:\/\/revistaepocadigital.com.ar\/index.php?rest_route=%2Fwp%2Fv2%2Fcategories&post=20291"},{"taxonomy":"post_tag","embeddable":true,"href":"https:\/\/revistaepocadigital.com.ar\/index.php?rest_route=%2Fwp%2Fv2%2Ftags&post=20291"}],"curies":[{"name":"wp","href":"https:\/\/api.w.org\/{rel}","templated":true}]}}