{"id":20296,"date":"2023-04-02T01:24:42","date_gmt":"2023-04-02T04:24:42","guid":{"rendered":"https:\/\/revistaepocadigital.com.ar\/?p=20296"},"modified":"2023-04-02T01:27:26","modified_gmt":"2023-04-02T04:27:26","slug":"institucion-cardaler-el-bar-di-yorio-cumplio-98-anos","status":"publish","type":"post","link":"https:\/\/revistaepocadigital.com.ar\/?p=20296","title":{"rendered":"Instituci\u00f3n cardalera. El Bar Di Yorio cumpli\u00f3 98 a\u00f1os"},"content":{"rendered":"<p><strong>UN LUGAR CONVERTIDO EN REFERENCIA EN LOS CARDALES, INCONFUNDIBLE, FORMA PARTE DE LA HISTORIA.<\/strong><!--more--><\/p>\n<h2 class=\"x1heor9g x1qlqyl8 x1pd3egz x1a2a7pz x1gslohp x1yc453h\"><span style=\"color: #222222; font-family: Verdana, Geneva, sans-serif; font-size: 15px;\">En realidad el bar abri\u00f3 sus puertas 15 a\u00f1os antes, bajo el mando de la familia Gaddi, que lo construy\u00f3 desde los cimientos y mont\u00f3 un negocio bajo el nombre de \u201cRestaurante, Posada y Cancha de Pelota Paleta\u201d.<\/span><\/h2>\n<div class=\"xu06os2 x1ok221b\">\n<div dir=\"auto\">Luego, en 1925, Alfino apel\u00f3 a recursos propios y la ayuda econ\u00f3mica de sus amigos para comprar el bar, cerrando una escritura que a\u00fan se conserva y se exhibe en una de las paredes del tradicional sitio.<\/div>\n<div dir=\"auto\"><\/div>\n<div dir=\"auto\">Como hitos en la vida de <strong>Bar Di Yorio<\/strong> la familia recuerda la fecha de enero de 1952, cuando funcion\u00f3 en el lugar la primera televisi\u00f3n que oper\u00f3 en Los Cardales, y que fue causal de numerarias reuniones.<\/div>\n<div dir=\"auto\"><\/div>\n<div dir=\"auto\">En tal sentido se mencionan encuentros de 350 personas en lo que fue la cancha de pelota paleta, para observar la programaci\u00f3n de Canal 7, que se anunciaba en la vereda del bar con un letrero.<\/div>\n<div dir=\"auto\"><\/div>\n<div dir=\"auto\">Con el paso del tiempo el sitio fue cambiando, aunque siempre preservando las l\u00edneas que a\u00fan hoy lo identifican. De hecho hace 53 a\u00f1os fueron demolidas las cuatro habitaciones en donde funcionaba la posada.<\/div>\n<div dir=\"auto\"><\/div>\n<div dir=\"auto\"><strong>El Bar Di Yorio<\/strong> sigue siendo hoy un sitio m\u00e1gico para los vecinos de Los Cardales pero, en particular, para quienes visitan la localidad, quienes no dejan de sorprenderse por el patrimonio hist\u00f3rico del bar, y las historias que afloran de cada uno de sus rincones.<\/div>\n<\/div>\n<p>&nbsp;<\/p>\n<p>Fuente: E. Marchese\/R. Silva.<\/p>\n","protected":false},"excerpt":{"rendered":"<p>UN LUGAR CONVERTIDO EN REFERENCIA EN LOS CARDALES, INCONFUNDIBLE, FORMA PARTE DE LA HISTORIA.<\/p>\n","protected":false},"author":4,"featured_media":20297,"comment_status":"open","ping_status":"open","sticky":false,"template":"","format":"standard","meta":{"footnotes":"","jetpack_publicize_message":"","jetpack_publicize_feature_enabled":true,"jetpack_social_post_already_shared":false,"jetpack_social_options":{"image_generator_settings":{"template":"highway","default_image_id":0,"font":"","enabled":false},"version":2}},"categories":[4],"tags":[2262,2261],"class_list":["post-20296","post","type-post","status-publish","format-standard","has-post-thumbnail","hentry","category-aqui-los-cardales","tag-98-anos","tag-bar-di-yorio"],"jetpack_publicize_connections":[],"jetpack_featured_media_url":"https:\/\/revistaepocadigital.com.ar\/wp-content\/uploads\/2023\/04\/DIYO.jpg","jetpack_likes_enabled":true,"_links":{"self":[{"href":"https:\/\/revistaepocadigital.com.ar\/index.php?rest_route=\/wp\/v2\/posts\/20296","targetHints":{"allow":["GET"]}}],"collection":[{"href":"https:\/\/revistaepocadigital.com.ar\/index.php?rest_route=\/wp\/v2\/posts"}],"about":[{"href":"https:\/\/revistaepocadigital.com.ar\/index.php?rest_route=\/wp\/v2\/types\/post"}],"author":[{"embeddable":true,"href":"https:\/\/revistaepocadigital.com.ar\/index.php?rest_route=\/wp\/v2\/users\/4"}],"replies":[{"embeddable":true,"href":"https:\/\/revistaepocadigital.com.ar\/index.php?rest_route=%2Fwp%2Fv2%2Fcomments&post=20296"}],"version-history":[{"count":0,"href":"https:\/\/revistaepocadigital.com.ar\/index.php?rest_route=\/wp\/v2\/posts\/20296\/revisions"}],"wp:featuredmedia":[{"embeddable":true,"href":"https:\/\/revistaepocadigital.com.ar\/index.php?rest_route=\/wp\/v2\/media\/20297"}],"wp:attachment":[{"href":"https:\/\/revistaepocadigital.com.ar\/index.php?rest_route=%2Fwp%2Fv2%2Fmedia&parent=20296"}],"wp:term":[{"taxonomy":"category","embeddable":true,"href":"https:\/\/revistaepocadigital.com.ar\/index.php?rest_route=%2Fwp%2Fv2%2Fcategories&post=20296"},{"taxonomy":"post_tag","embeddable":true,"href":"https:\/\/revistaepocadigital.com.ar\/index.php?rest_route=%2Fwp%2Fv2%2Ftags&post=20296"}],"curies":[{"name":"wp","href":"https:\/\/api.w.org\/{rel}","templated":true}]}}