{"id":203,"date":"2018-10-24T22:49:23","date_gmt":"2018-10-24T22:49:23","guid":{"rendered":"https:\/\/revistaepocadigital.com.ar\/?p=203"},"modified":"2018-10-24T22:49:23","modified_gmt":"2018-10-24T22:49:23","slug":"milonga-en-capilla","status":"publish","type":"post","link":"https:\/\/revistaepocadigital.com.ar\/?p=203","title":{"rendered":"Milonga en Capilla"},"content":{"rendered":"<p>MILONGA DEL TALLER DE TANGO MUNICIPAL \u201cEL BERRET\u00cdN\u201d<\/p>\n<p>El Taller de Tango Municipal \u201cEl Berret\u00edn\u201d a cargo de los Profesores Estefan\u00eda Belforte y Marcelo Carre\u00f1o, organiza la tercera &#8220;Milonga&#8221; del ciclo 2018 el pr\u00f3ximo 10 de noviembre desde las 21 hs en el Sal\u00f3n Vip del Club Honor y Patria.<br \/>\nEn esta oportunidad se contar\u00e1 con la presencia del grupo CLAQU\u00c9, y el DJ ser\u00e1 Pablo Brunetti; el buffet estar\u00e1 a cargo de la subcomisi\u00f3n de b\u00e1squet del CHYP.<br \/>\nReserva tu entrada al: 1131487247 \u2013 1154620365<br \/>\nClub Honor y Patria | Rivadavia 469 | Capilla del Se\u00f1or<br \/>\n\u00a1Ser\u00e1 una gran noche!<\/p>\n","protected":false},"excerpt":{"rendered":"<p>MILONGA DEL TALLER DE TANGO MUNICIPAL \u201cEL BERRET\u00cdN\u201d El Taller de Tango Municipal \u201cEl Berret\u00edn\u201d a cargo de los Profesores Estefan\u00eda Belforte y Marcelo Carre\u00f1o, organiza la tercera &#8220;Milonga&#8221; del ciclo 2018 el pr\u00f3ximo 10 de noviembre desde las 21 hs en el Sal\u00f3n Vip del Club Honor y Patria. En esta oportunidad se contar\u00e1 [&hellip;]<\/p>\n","protected":false},"author":3,"featured_media":204,"comment_status":"open","ping_status":"open","sticky":false,"template":"","format":"standard","meta":{"footnotes":"","jetpack_publicize_message":"","jetpack_publicize_feature_enabled":true,"jetpack_social_post_already_shared":false,"jetpack_social_options":{"image_generator_settings":{"template":"highway","default_image_id":0,"font":"","enabled":false},"version":2}},"categories":[12],"tags":[],"class_list":["post-203","post","type-post","status-publish","format-standard","has-post-thumbnail","hentry","category-espectaculos"],"jetpack_publicize_connections":[],"jetpack_featured_media_url":"https:\/\/revistaepocadigital.com.ar\/wp-content\/uploads\/2018\/10\/44590836_2194727697246844_5101772367068135424_o-1.jpg","jetpack_likes_enabled":true,"_links":{"self":[{"href":"https:\/\/revistaepocadigital.com.ar\/index.php?rest_route=\/wp\/v2\/posts\/203","targetHints":{"allow":["GET"]}}],"collection":[{"href":"https:\/\/revistaepocadigital.com.ar\/index.php?rest_route=\/wp\/v2\/posts"}],"about":[{"href":"https:\/\/revistaepocadigital.com.ar\/index.php?rest_route=\/wp\/v2\/types\/post"}],"author":[{"embeddable":true,"href":"https:\/\/revistaepocadigital.com.ar\/index.php?rest_route=\/wp\/v2\/users\/3"}],"replies":[{"embeddable":true,"href":"https:\/\/revistaepocadigital.com.ar\/index.php?rest_route=%2Fwp%2Fv2%2Fcomments&post=203"}],"version-history":[{"count":0,"href":"https:\/\/revistaepocadigital.com.ar\/index.php?rest_route=\/wp\/v2\/posts\/203\/revisions"}],"wp:featuredmedia":[{"embeddable":true,"href":"https:\/\/revistaepocadigital.com.ar\/index.php?rest_route=\/wp\/v2\/media\/204"}],"wp:attachment":[{"href":"https:\/\/revistaepocadigital.com.ar\/index.php?rest_route=%2Fwp%2Fv2%2Fmedia&parent=203"}],"wp:term":[{"taxonomy":"category","embeddable":true,"href":"https:\/\/revistaepocadigital.com.ar\/index.php?rest_route=%2Fwp%2Fv2%2Fcategories&post=203"},{"taxonomy":"post_tag","embeddable":true,"href":"https:\/\/revistaepocadigital.com.ar\/index.php?rest_route=%2Fwp%2Fv2%2Ftags&post=203"}],"curies":[{"name":"wp","href":"https:\/\/api.w.org\/{rel}","templated":true}]}}