{"id":20334,"date":"2023-04-06T02:18:48","date_gmt":"2023-04-06T05:18:48","guid":{"rendered":"https:\/\/revistaepocadigital.com.ar\/?p=20334"},"modified":"2023-04-06T02:18:48","modified_gmt":"2023-04-06T05:18:48","slug":"el-oficialismo-rechazo-la-ordenanza-que-daba-mas-recursos-a-las-escuelas-dura-critica-del-concejal-sancho","status":"publish","type":"post","link":"https:\/\/revistaepocadigital.com.ar\/?p=20334","title":{"rendered":"EL OFICIALISMO RECHAZ\u00d3 LA ORDENANZA QUE DABA M\u00c1S RECURSOS A LAS ESCUELAS. DURA CR\u00cdTICA DEL CONCEJAL SANCHO"},"content":{"rendered":"<div class=\"I_ZkbNhI D_FY W_6D6F\" data-test-id=\"message-view-body\">\n<div class=\"msg-body P_wpofO mq_AS\" data-test-id=\"message-view-body-content\">\n<div class=\"jb_0 X_6MGW N_6Fd5\">\n<div id=\"yiv1698367824\">\n<div><strong>EN EL CONCEJO DELIBERANTE.<!--more--><\/strong><\/div>\n<div><\/div>\n<div>La oposici\u00f3n en el HCD se expres\u00f3 en la voz de Ra\u00fal Sancho (Juntos) ante el rechazo del proyecto de ordenanza que apunt\u00f3 a otorgar m\u00e1s recursos a las escuelas del distrito para su mantenimiento y mejoramiento edilicios entre otros aspectos.<\/div>\n<div><\/div>\n<div>Como &#8220;<em>\u00a1vergonzoso!&#8221;<\/em>, calific\u00f3 el concejal la decisi\u00f3n apoyada por el bloque oficialista en la reciente sesi\u00f3n. Y agreg\u00f3 en su cuenta en la red social Facebook, habitual medio para vertir opiniones, <em>&#8220;sin mucho argumento, como siempre, se rechaz\u00f3 el proyecto que buscaba que al menos el 80% del Fondo Educativo (dinero que manda la Naci\u00f3n y la Provincia para la educaci\u00f3n en Exaltaci\u00f3n de la Cruz), fuera para mejorar la infraestructura escolar&#8221;.<\/em><\/div>\n<div><\/div>\n<div>Despu\u00e9s ampli\u00f3, &#8220;<em>este fondo, que este a\u00f1o llegar\u00e1 aproximadamente a los 150 millones de pesos, es dinero suficiente para que todas las escuelas est\u00e9n en perfectas condiciones, pero lamentablemente siempre se le ha dado otro uso&#8221;.<\/em><\/div>\n<div><\/div>\n<div>Alert\u00f3 luego:<em> &#8220;Escuelas, como la 11 de Cardales, con muchos a\u00f1os y poco mantenimiento, se encuentran en situaci\u00f3n muy complicada, que no se resuelve s\u00f3lo con pintura. <\/em><em>Otras necesitan ampliaciones, que no pueden resolverse en ABRIL o MAYO cuando las clases empiezan en MARZO&#8221;.\u00a0<\/em><\/div>\n<div><\/div>\n<div>El a\u00f1o electoral, en el que en Exaltaci\u00f3n de la Cruz tambi\u00e9n se encuentra inmerso y que derivar\u00e1 en la elecci\u00f3n de intendente, concejales y consejeros escolares, qued\u00f3 reflejado con nitidez tambi\u00e9n cuando Sancho sostuvo, <em>&#8220;hoy es un reclamo que hacemos como oposici\u00f3n, pero es tambi\u00e9n un COMPROMISO, que asumimos p\u00fablicamente, si este a\u00f1o la sociedad en Exaltaci\u00f3 de la Cruz elige un cambio. Si se elige un cambio, sepan que implica que el Fondo Educativo (TODO), va a ir directamente a las escuelas. Ah\u00ed vamos a ser todos conciertes de lo que se pudo hacer por ellas durante a\u00f1os y no se hizo. La educaci\u00f3n primero&#8221;.<\/em><\/div>\n<\/div>\n<\/div>\n<\/div>\n<\/div>\n<p>&nbsp;<\/p>\n","protected":false},"excerpt":{"rendered":"<p>EN EL CONCEJO DELIBERANTE.<\/p>\n","protected":false},"author":3,"featured_media":0,"comment_status":"open","ping_status":"open","sticky":false,"template":"","format":"standard","meta":{"footnotes":"","jetpack_publicize_message":"","jetpack_publicize_feature_enabled":true,"jetpack_social_post_already_shared":false,"jetpack_social_options":{"image_generator_settings":{"template":"highway","default_image_id":0,"font":"","enabled":false},"version":2}},"categories":[17],"tags":[255,379,256],"class_list":["post-20334","post","type-post","status-publish","format-standard","hentry","category-politica","tag-fondo-educativo","tag-hcd","tag-sancho"],"jetpack_publicize_connections":[],"jetpack_featured_media_url":"","jetpack_likes_enabled":true,"_links":{"self":[{"href":"https:\/\/revistaepocadigital.com.ar\/index.php?rest_route=\/wp\/v2\/posts\/20334","targetHints":{"allow":["GET"]}}],"collection":[{"href":"https:\/\/revistaepocadigital.com.ar\/index.php?rest_route=\/wp\/v2\/posts"}],"about":[{"href":"https:\/\/revistaepocadigital.com.ar\/index.php?rest_route=\/wp\/v2\/types\/post"}],"author":[{"embeddable":true,"href":"https:\/\/revistaepocadigital.com.ar\/index.php?rest_route=\/wp\/v2\/users\/3"}],"replies":[{"embeddable":true,"href":"https:\/\/revistaepocadigital.com.ar\/index.php?rest_route=%2Fwp%2Fv2%2Fcomments&post=20334"}],"version-history":[{"count":0,"href":"https:\/\/revistaepocadigital.com.ar\/index.php?rest_route=\/wp\/v2\/posts\/20334\/revisions"}],"wp:attachment":[{"href":"https:\/\/revistaepocadigital.com.ar\/index.php?rest_route=%2Fwp%2Fv2%2Fmedia&parent=20334"}],"wp:term":[{"taxonomy":"category","embeddable":true,"href":"https:\/\/revistaepocadigital.com.ar\/index.php?rest_route=%2Fwp%2Fv2%2Fcategories&post=20334"},{"taxonomy":"post_tag","embeddable":true,"href":"https:\/\/revistaepocadigital.com.ar\/index.php?rest_route=%2Fwp%2Fv2%2Ftags&post=20334"}],"curies":[{"name":"wp","href":"https:\/\/api.w.org\/{rel}","templated":true}]}}