{"id":20336,"date":"2023-04-06T02:46:52","date_gmt":"2023-04-06T05:46:52","guid":{"rendered":"https:\/\/revistaepocadigital.com.ar\/?p=20336"},"modified":"2023-04-06T02:46:52","modified_gmt":"2023-04-06T05:46:52","slug":"esclarecen-robo-en-el-barrio-jularo","status":"publish","type":"post","link":"https:\/\/revistaepocadigital.com.ar\/?p=20336","title":{"rendered":"Esclarecen robo en el Barrio Jular\u00f3"},"content":{"rendered":"<div dir=\"ltr\"><strong>TRAS EFICAZ ALLANAMIENTO.<\/strong><\/div>\n<p><!--more--><\/p>\n<div dir=\"ltr\"><\/div>\n<div dir=\"ltr\">La Polic\u00eda de Exaltaci\u00f3n de la Cruz desarroll\u00f3 (5-4) un allanamiento con resultados positivos, y de esa manera logr\u00f3 esclarecer un robo acaecido pocos d\u00edas atr\u00e1s en una finca ubicada en el Barrio Jular\u00f3 y detuvo al supuesto auto.<\/div>\n<div dir=\"ltr\"><\/div>\n<div dir=\"ltr\">El hecho investigado se dio el pasado 22 de marzo, cuando un vecino con domicilio en la calle El Omb\u00fa de Jular\u00f3, denunci\u00f3 un robo en su propiedad. El hombre cont\u00f3 que al regresar a su casa en horas del mediod\u00eda, constat\u00f3 que delincuentes hab\u00edan ingresado en la vivienda a trav\u00e9s de una puerta balc\u00f3n y se llevaron 600 d\u00f3lares y 20.000 pesos.<\/div>\n<div dir=\"ltr\"><\/div>\n<div dir=\"ltr\">De inmediato, la Polic\u00eda de Parada Robles inici\u00f3 la pesquisa con el apoyo sustancial de la UFI local y el Juzgado de Garant\u00edas N\u00b0 2 a cargo de Julio Grassi, tareas que incluyeron la observaci\u00f3n de las c\u00e1maras de seguridad del CAV de la zona y encontraron saldo final positivo tras los operativos efectuados.<\/div>\n<div dir=\"ltr\"><\/div>\n<div dir=\"ltr\">As\u00ed se cumpliment\u00f3 un operativo (5-4) en una finca ubicada al 135 de la calle Chile del Barrio Esperanza de Capilla del Se\u00f1or, y se logr\u00f3 el secuestro del autom\u00f3vil utilizado por el delincuente en aquella oportunidad: un Peugeot 208. Tambi\u00e9n se incautaron dos tel\u00e9fonos celulares, una gorra roja y blanca con inscripci\u00f3n (Viral) y una remera roja, todos elementos considerados relevantes para la investigaci\u00f3n.<\/div>\n<div dir=\"ltr\"><\/div>\n<div dir=\"ltr\">Adem\u00e1s se produjo la detenci\u00f3n del morador de la vivienda allanada: un sujeto de 39 a\u00f1os que se desempe\u00f1a como alba\u00f1il y al que lo notific\u00f3 de la formaci\u00f3n de la causa.<\/div>\n","protected":false},"excerpt":{"rendered":"<p>TRAS EFICAZ ALLANAMIENTO.<\/p>\n","protected":false},"author":3,"featured_media":0,"comment_status":"open","ping_status":"open","sticky":false,"template":"","format":"standard","meta":{"footnotes":"","jetpack_publicize_message":"","jetpack_publicize_feature_enabled":true,"jetpack_social_post_already_shared":false,"jetpack_social_options":{"image_generator_settings":{"template":"highway","default_image_id":0,"font":"","enabled":false},"version":2}},"categories":[6],"tags":[1420,881],"class_list":["post-20336","post","type-post","status-publish","format-standard","hentry","category-barrios","tag-barrio-jularo","tag-robo"],"jetpack_publicize_connections":[],"jetpack_featured_media_url":"","jetpack_likes_enabled":true,"_links":{"self":[{"href":"https:\/\/revistaepocadigital.com.ar\/index.php?rest_route=\/wp\/v2\/posts\/20336","targetHints":{"allow":["GET"]}}],"collection":[{"href":"https:\/\/revistaepocadigital.com.ar\/index.php?rest_route=\/wp\/v2\/posts"}],"about":[{"href":"https:\/\/revistaepocadigital.com.ar\/index.php?rest_route=\/wp\/v2\/types\/post"}],"author":[{"embeddable":true,"href":"https:\/\/revistaepocadigital.com.ar\/index.php?rest_route=\/wp\/v2\/users\/3"}],"replies":[{"embeddable":true,"href":"https:\/\/revistaepocadigital.com.ar\/index.php?rest_route=%2Fwp%2Fv2%2Fcomments&post=20336"}],"version-history":[{"count":0,"href":"https:\/\/revistaepocadigital.com.ar\/index.php?rest_route=\/wp\/v2\/posts\/20336\/revisions"}],"wp:attachment":[{"href":"https:\/\/revistaepocadigital.com.ar\/index.php?rest_route=%2Fwp%2Fv2%2Fmedia&parent=20336"}],"wp:term":[{"taxonomy":"category","embeddable":true,"href":"https:\/\/revistaepocadigital.com.ar\/index.php?rest_route=%2Fwp%2Fv2%2Fcategories&post=20336"},{"taxonomy":"post_tag","embeddable":true,"href":"https:\/\/revistaepocadigital.com.ar\/index.php?rest_route=%2Fwp%2Fv2%2Ftags&post=20336"}],"curies":[{"name":"wp","href":"https:\/\/api.w.org\/{rel}","templated":true}]}}