{"id":20371,"date":"2023-04-06T21:18:23","date_gmt":"2023-04-07T00:18:23","guid":{"rendered":"https:\/\/revistaepocadigital.com.ar\/?p=20371"},"modified":"2023-04-06T21:22:17","modified_gmt":"2023-04-07T00:22:17","slug":"el-hospital-de-los-cardales-premiado-en-las-vegas-ee-uu","status":"publish","type":"post","link":"https:\/\/revistaepocadigital.com.ar\/?p=20371","title":{"rendered":"El Hospital de Los Cardales premiado en Las Vegas, EE.UU"},"content":{"rendered":"<div class=\"x11i5rnm xat24cr x1mh8g0r x1vvkbs xtlvy1s x126k92a\">\n<div dir=\"auto\"><strong>El premio fue por la construcci\u00f3n modular menor a 1000 pies.<!--more--><\/strong><\/div>\n<div dir=\"auto\"><\/div>\n<div dir=\"auto\">Lo resolvi\u00f3 el Institute Building Modular en su Congreso anual en la ciudad de Las Vegas, EE.UU, donde se premian los mejores proyectos a nivel mundial. La obra fue llevada adelante en Los Cardales por ECOSAN, primera empresa argentina dentro del instituto, y fue financiada por el Ministerio de Obras P\u00fablicas, adjudic\u00e1ndose el reconocimiento por la terna mencionada.<\/div>\n<div dir=\"auto\"><\/div>\n<div dir=\"auto\">La construcci\u00f3n modular es una t\u00e9cnica de construcci\u00f3n utilizada en el mundo, que implica la fabricaci\u00f3n de paneles o estructuras 3D en f\u00e1bricas externas al entorno de edificaci\u00f3n, y el transporte a las obras para su montaje y ensamble en el lugar.<\/div>\n<\/div>\n<p>Como es sabido, el hospital cardalense se encuentra en funcionamiento, con el objetivo ya anunicado, de mejorar la calidad de vida de todos los exaltacruzenses, en especial los residentes en Cardales y zonas aleda\u00f1as.<\/p>\n","protected":false},"excerpt":{"rendered":"<p>El premio fue por la construcci\u00f3n modular menor a 1000 pies.<\/p>\n","protected":false},"author":3,"featured_media":20372,"comment_status":"open","ping_status":"open","sticky":false,"template":"","format":"standard","meta":{"footnotes":"","jetpack_publicize_message":"","jetpack_publicize_feature_enabled":true,"jetpack_social_post_already_shared":false,"jetpack_social_options":{"image_generator_settings":{"template":"highway","default_image_id":0,"font":"","enabled":false},"version":2}},"categories":[17],"tags":[1390,1153],"class_list":["post-20371","post","type-post","status-publish","format-standard","has-post-thumbnail","hentry","category-politica","tag-hospital-cardales","tag-premio"],"jetpack_publicize_connections":[],"jetpack_featured_media_url":"https:\/\/revistaepocadigital.com.ar\/wp-content\/uploads\/2023\/04\/hospital-loscardales-02-640x427-1.jpg","jetpack_likes_enabled":true,"_links":{"self":[{"href":"https:\/\/revistaepocadigital.com.ar\/index.php?rest_route=\/wp\/v2\/posts\/20371","targetHints":{"allow":["GET"]}}],"collection":[{"href":"https:\/\/revistaepocadigital.com.ar\/index.php?rest_route=\/wp\/v2\/posts"}],"about":[{"href":"https:\/\/revistaepocadigital.com.ar\/index.php?rest_route=\/wp\/v2\/types\/post"}],"author":[{"embeddable":true,"href":"https:\/\/revistaepocadigital.com.ar\/index.php?rest_route=\/wp\/v2\/users\/3"}],"replies":[{"embeddable":true,"href":"https:\/\/revistaepocadigital.com.ar\/index.php?rest_route=%2Fwp%2Fv2%2Fcomments&post=20371"}],"version-history":[{"count":0,"href":"https:\/\/revistaepocadigital.com.ar\/index.php?rest_route=\/wp\/v2\/posts\/20371\/revisions"}],"wp:featuredmedia":[{"embeddable":true,"href":"https:\/\/revistaepocadigital.com.ar\/index.php?rest_route=\/wp\/v2\/media\/20372"}],"wp:attachment":[{"href":"https:\/\/revistaepocadigital.com.ar\/index.php?rest_route=%2Fwp%2Fv2%2Fmedia&parent=20371"}],"wp:term":[{"taxonomy":"category","embeddable":true,"href":"https:\/\/revistaepocadigital.com.ar\/index.php?rest_route=%2Fwp%2Fv2%2Fcategories&post=20371"},{"taxonomy":"post_tag","embeddable":true,"href":"https:\/\/revistaepocadigital.com.ar\/index.php?rest_route=%2Fwp%2Fv2%2Ftags&post=20371"}],"curies":[{"name":"wp","href":"https:\/\/api.w.org\/{rel}","templated":true}]}}