{"id":20375,"date":"2023-04-06T22:17:20","date_gmt":"2023-04-07T01:17:20","guid":{"rendered":"https:\/\/revistaepocadigital.com.ar\/?p=20375"},"modified":"2023-04-06T22:18:24","modified_gmt":"2023-04-07T01:18:24","slug":"el-dolar-agro-agrava-la-situacion-de-los-productores-en-emergencia","status":"publish","type":"post","link":"https:\/\/revistaepocadigital.com.ar\/?p=20375","title":{"rendered":"&#8220;El d\u00f3lar agro agrava la situaci\u00f3n de los productores en emergencia&#8221;"},"content":{"rendered":"<div class=\"styles_section-container-title__q8BDD\">\n<div class=\"orig-container\">\n<div><strong>LA SITUACI\u00d3N DEL SECTOR DEL CAMPO.<\/strong><\/div>\n<\/div>\n<\/div>\n<p><!--more--><\/p>\n<div><\/div>\n<div><\/div>\n<div>Lo dice Ignacio M\u00e1ntaras, presidente de la Sociedad Rural de la provincia de Santa Fe. (SRSF). Nota y fotos publicado en ElLitoral.com.<\/div>\n<div><\/div>\n<div class=\"styles_section-container-title__q8BDD\">\n<div class=\"orig-container\">\n<p>Quienes se quedaron sin granos o con cosechas magras, ver\u00e1n encarecidas sus facturas de alquileres, insumos y semillas. Impacto inflacionario en alimentos.<\/p>\n<\/div>\n<\/div>\n<div class=\"styles_container-article-image__hbOp_\">\n<div class=\"custom-related-container styles_article-image-epi__ZwP_U\"><\/div>\n<\/div>\n<div class=\"styles_grid-container__rrdZf\">\n<div class=\"styles_detail-left__1NZ5_\">\n<div class=\"styles_dynamic-content__TRcVW\">\n<div class=\"styles_dates-container__CZB0M styles_paragraph-detail__iq2ji\">El presidente de la Sociedad Rural de Santa Fe, Ignacio M\u00e1ntaras, calific\u00f3 <a href=\"https:\/\/www.ellitoral.com\/economia\/video-sergio-massa-programa-exportador-dolar-soja-300_0_hJG06o9hsz.html\" target=\"_blank\" rel=\"noopener\">los anuncios del d\u00f3lar agro<\/a>\u00a0como &#8220;mamarracho y parque que genera m\u00e1s preocupaci\u00f3n que soluciones&#8221;, porque encarece las obligaciones de los productores m\u00e1s afectados por la sequ\u00eda y sin granos para vender, y afecta adem\u00e1s los precios de insumos claves en la econom\u00eda de producci\u00f3n y consumo que referencian las carnes de ave, porcinos y bovinos.<\/div>\n<div class=\"custom-text text-content styles_paragraph-detail__iq2ji styles_lila-links__fmg8W styles_note-styles__iXm81\">\n<p>&#8220;El d\u00f3lar agro es en definitiva la tercera versi\u00f3n del d\u00f3lar soja; a los productores y sus entidades no nos parece una medida adecuada. Las actividades agr\u00edcolas son de ciclos largos, se requiere previsibilidad y reglas de juego por per\u00edodos extendidos o que respeten los ciclos. Aqu\u00ed se cambian las reglas del juego, por 30 d\u00edas en el caso del d\u00f3lar soja 1 y 2, y por 50 d\u00edas ahora&#8221;.<\/p>\n<\/div>\n<div class=\"custom-text text-content styles_paragraph-detail__iq2ji styles_lila-links__fmg8W styles_note-styles__iXm81\">\n<p>&#8220;Esas medidas cortas -explic\u00f3 M\u00e1ntaras- en el tiempo terminan siendo parches que generan una serie de da\u00f1os colaterales en el universo de los productores, en los v\u00ednculos comerciales; en momentos de crisis como la presente por la sequ\u00eda, ese impacto es may\u00fasculo&#8221;.<\/p>\n<\/div>\n<div class=\"styles_article-image-epi__3jf7y\">\n<picture><img loading=\"lazy\" decoding=\"async\" class=\"styles_cover-image__jSsJM\" src=\"https:\/\/www.ellitoral.com\/cdn-cgi\/image\/format=auto\/https:\/\/www.ellitoral.com\/images\/2023\/04\/05\/jxpqJCbvs_870x580__1.jpg\" alt=\"agro\" width=\"870\" height=\"580\" \/><\/picture>Para M\u00e1ntaras, el d\u00f3lar agro genera &#8220;m\u00e1s perjuicios que los que la propia sequ\u00eda&#8221;. Cr\u00e9dito: Manuel Fabat\u00eda<\/p>\n<hr \/>\n<\/div>\n<div class=\"custom-text text-content styles_paragraph-detail__iq2ji styles_lila-links__fmg8W styles_note-styles__iXm81\">\n<p>A modo de ejemplo, detall\u00f3 que &#8220;hay productores que no van a poder cosechar en funci\u00f3n de sus expectativas, porque la perdieron o porque va a ser insuficiente porque los rindes son muy bajo. En la l\u00f3gica de los productores agr\u00edcolas, los alquileres, insumos y granos son a pagar en la cosecha&#8221;.<\/p>\n<\/div>\n<div class=\"custom-text text-content styles_paragraph-detail__iq2ji styles_lila-links__fmg8W styles_note-styles__iXm81\">\n<p>&#8220;Pero los granos no est\u00e1n para todos y hay que asumir obligaciones con lo cosechado. Este d\u00f3lar soja posiblemente les permita cumplir compromisos a algunos, pero a los m\u00e1s afectados los encarece las obligaciones que no pueden afrontar&#8221;.<\/p>\n<\/div>\n<div class=\"custom-text text-content styles_paragraph-detail__iq2ji styles_lila-links__fmg8W styles_note-styles__iXm81\">\n<p>Subray\u00f3 en ese sentido que &#8220;un productor que est\u00e1 en situaci\u00f3n de desastre o de emergencia, que ha visto mermada su producci\u00f3n, tendr\u00e1 pagos de arrendamientos -casi 70% de las actividades agr\u00edcolas se hacen en campos arrendados- con un tipo de cambio establecido arbitrariamente a partir del 10 de abril. Se encarecen los compromisos a los que no tienen granos. No se puede hablar de da\u00f1o colateral sino de impacto directo&#8221;.<\/p>\n<\/div>\n<div class=\"custom-text text-content styles_paragraph-detail__iq2ji styles_lila-links__fmg8W styles_note-styles__iXm81\">\n<p>A\u00f1adi\u00f3 que existe un &#8220;impacto similar por obligaciones asumidas y compromisos a cancelar para otras actividades. Se encarecen por ejemplo derivados de la soja, que insumos para otras actividades como la av\u00edcola, porcina o tambera. Aparecer\u00e1n despu\u00e9s las compensaciones, pero los da\u00f1os se extienden en el tiempo, en un contexto inflacionario&#8221;.<\/p>\n<\/div>\n<div class=\"custom-text text-content styles_paragraph-detail__iq2ji styles_lila-links__fmg8W styles_note-styles__iXm81\">\n<p>Unificar el d\u00f3lar<\/p>\n<\/div>\n<div class=\"custom-text text-content styles_paragraph-detail__iq2ji styles_lila-links__fmg8W styles_note-styles__iXm81\">\n<p>Sobre las medidas que a su juicio permitir\u00edan atemperar ciclos cr\u00edticos como el de la presente sequ\u00eda, el titular de la Sociedad Rural de Santa Fe sostuvo que &#8220;se necesita unificar el tipo de cambio, tener las mismas reglas de juego para todos. Hoy hay ganadores como los propietarios de campos -esto no es en desmedro de ellos- las empresas acopiadoras, las cerealeras y acopiadoras. Massa agradece a la C\u00e1mara de la Industria Aceitera, a los grandes ganadores, a los que captan el d\u00f3lar diferencial al 100%; eso no ocurre con los productores pese a lo que se esfuerza en explicar el ministro.<\/p>\n<\/div>\n<div class=\"custom-text text-content styles_paragraph-detail__iq2ji styles_lila-links__fmg8W styles_note-styles__iXm81\">\n<p>&#8220;Es un disparate la brecha cambiaria, los tipos de cambio que tenemos. No es serio, claramente. Se necesita unificar el tipo de cambio, encarar el tema. La semana pasada el diputado Oscar Mart\u00ednez dijo en la Legislatura de Santa Fe que, a los productores, el d\u00f3lar soja les implica cobrar sus granos sin derecho a exportaci\u00f3n.<\/p>\n<\/div>\n<div class=\"custom-text text-content styles_paragraph-detail__iq2ji styles_lila-links__fmg8W styles_note-styles__iXm81\">\n<p>&#8220;Hay que aclarar -a\u00f1adi\u00f3- que los derechos a exportaci\u00f3n siguen vigentes. Los productores con cosecha magra lo pagar\u00e1n&#8221;. M\u00e1ntaras dijo que entre los perjuicios de las medidas, est\u00e1n las dificultades &#8220;a la hora de planificar la pr\u00f3xima campa\u00f1a si el ministro de un d\u00eda para el otro cambia arbitrariamente los tipos de cambio para algunas actividades y otras no. Ni siquiera est\u00e1 definido qu\u00e9 econom\u00edas regionales van a entrar&#8221;, concluy\u00f3.<\/p>\n<\/div>\n<div class=\"styles_widget-block__YWV30\">\n<div class=\"styles_top-fb-comments__hTVs8\">\n<h4><\/h4>\n<\/div>\n<\/div>\n<\/div>\n<\/div>\n<\/div>\n","protected":false},"excerpt":{"rendered":"<p>LA SITUACI\u00d3N DEL SECTOR DEL CAMPO.<\/p>\n","protected":false},"author":3,"featured_media":20376,"comment_status":"open","ping_status":"open","sticky":false,"template":"","format":"standard","meta":{"footnotes":"","jetpack_publicize_message":"","jetpack_publicize_feature_enabled":true,"jetpack_social_post_already_shared":false,"jetpack_social_options":{"image_generator_settings":{"template":"highway","default_image_id":0,"font":"","enabled":false},"version":2}},"categories":[17],"tags":[902,1441],"class_list":["post-20375","post","type-post","status-publish","format-standard","has-post-thumbnail","hentry","category-politica","tag-dolar","tag-sector-del-campo"],"jetpack_publicize_connections":[],"jetpack_featured_media_url":"https:\/\/revistaepocadigital.com.ar\/wp-content\/uploads\/2023\/04\/R-IlvdXI9_1300x655__2.jpg","jetpack_likes_enabled":true,"_links":{"self":[{"href":"https:\/\/revistaepocadigital.com.ar\/index.php?rest_route=\/wp\/v2\/posts\/20375","targetHints":{"allow":["GET"]}}],"collection":[{"href":"https:\/\/revistaepocadigital.com.ar\/index.php?rest_route=\/wp\/v2\/posts"}],"about":[{"href":"https:\/\/revistaepocadigital.com.ar\/index.php?rest_route=\/wp\/v2\/types\/post"}],"author":[{"embeddable":true,"href":"https:\/\/revistaepocadigital.com.ar\/index.php?rest_route=\/wp\/v2\/users\/3"}],"replies":[{"embeddable":true,"href":"https:\/\/revistaepocadigital.com.ar\/index.php?rest_route=%2Fwp%2Fv2%2Fcomments&post=20375"}],"version-history":[{"count":0,"href":"https:\/\/revistaepocadigital.com.ar\/index.php?rest_route=\/wp\/v2\/posts\/20375\/revisions"}],"wp:featuredmedia":[{"embeddable":true,"href":"https:\/\/revistaepocadigital.com.ar\/index.php?rest_route=\/wp\/v2\/media\/20376"}],"wp:attachment":[{"href":"https:\/\/revistaepocadigital.com.ar\/index.php?rest_route=%2Fwp%2Fv2%2Fmedia&parent=20375"}],"wp:term":[{"taxonomy":"category","embeddable":true,"href":"https:\/\/revistaepocadigital.com.ar\/index.php?rest_route=%2Fwp%2Fv2%2Fcategories&post=20375"},{"taxonomy":"post_tag","embeddable":true,"href":"https:\/\/revistaepocadigital.com.ar\/index.php?rest_route=%2Fwp%2Fv2%2Ftags&post=20375"}],"curies":[{"name":"wp","href":"https:\/\/api.w.org\/{rel}","templated":true}]}}