{"id":20384,"date":"2023-04-07T13:39:52","date_gmt":"2023-04-07T16:39:52","guid":{"rendered":"https:\/\/revistaepocadigital.com.ar\/?p=20384"},"modified":"2023-04-07T13:39:52","modified_gmt":"2023-04-07T16:39:52","slug":"francesca-moroni-se-destaca-en-ciclismo-gano-dos-carreras-al-hilo","status":"publish","type":"post","link":"https:\/\/revistaepocadigital.com.ar\/?p=20384","title":{"rendered":"Francesca Moroni se destaca en ciclismo. Gan\u00f3 dos carreras al hilo"},"content":{"rendered":"<div dir=\"ltr\"><strong><img loading=\"lazy\" decoding=\"async\" class=\"alignleft size-full wp-image-20387\" src=\"https:\/\/revistaepocadigital.com.ar\/wp-content\/uploads\/2023\/04\/moroni-1.jpg\" alt=\"\" width=\"310\" height=\"424\" srcset=\"https:\/\/revistaepocadigital.com.ar\/wp-content\/uploads\/2023\/04\/moroni-1.jpg 310w, https:\/\/revistaepocadigital.com.ar\/wp-content\/uploads\/2023\/04\/moroni-1-219x300.jpg 219w, https:\/\/revistaepocadigital.com.ar\/wp-content\/uploads\/2023\/04\/moroni-1-307x420.jpg 307w\" sizes=\"auto, (max-width: 310px) 100vw, 310px\" \/><br \/>\n<\/strong><\/div>\n<div dir=\"ltr\"><\/div>\n<div dir=\"ltr\"><\/div>\n<div dir=\"ltr\"><\/div>\n<div dir=\"ltr\"><\/div>\n<div dir=\"ltr\"><\/div>\n<div dir=\"ltr\"><\/div>\n<div dir=\"ltr\"><\/div>\n<div dir=\"ltr\"><\/div>\n<div dir=\"ltr\"><\/div>\n<div dir=\"ltr\"><\/div>\n<div dir=\"ltr\"><\/div>\n<div dir=\"ltr\"><\/div>\n<div dir=\"ltr\"><\/div>\n<div dir=\"ltr\"><\/div>\n<div dir=\"ltr\"><\/div>\n<div dir=\"ltr\"><\/div>\n<div dir=\"ltr\"><strong>LA JOVEN CICLISTA CAPILLENSE.<\/strong><\/div>\n<p><!--more--><\/p>\n<div dir=\"ltr\"><\/div>\n<div dir=\"ltr\">Contin\u00faa dando buenos pasos en ciclismo. La representante de la Asociaci\u00f3n Civil Ciclista Capilla del Se\u00f1or, obtuvo otro triunfo en la competencia realizada en General Rodr\u00edguez en la categor\u00eda Damas 2010, luego de un gran ritmo y excelente embalaje final.<\/div>\n<div dir=\"ltr\">La muy buena racha, continu\u00f3 para Francesca Moroni en San Andr\u00e9s de Giles, donde volvi\u00f3 a ganar en la categor\u00eda Damas, y a su vez arrib\u00f3 cuarta en la prueba para varones de la misma categor\u00eda. Su calendario cicl\u00edstico continuaba en Salto, provincia de Buenos Aires.<\/div>\n","protected":false},"excerpt":{"rendered":"<p>LA JOVEN CICLISTA CAPILLENSE.<\/p>\n","protected":false},"author":3,"featured_media":20389,"comment_status":"open","ping_status":"open","sticky":false,"template":"","format":"standard","meta":{"footnotes":"","jetpack_publicize_message":"","jetpack_publicize_feature_enabled":true,"jetpack_social_post_already_shared":false,"jetpack_social_options":{"image_generator_settings":{"template":"highway","default_image_id":0,"font":"","enabled":false},"version":2}},"categories":[9],"tags":[324,2268],"class_list":["post-20384","post","type-post","status-publish","format-standard","has-post-thumbnail","hentry","category-deportes","tag-ciclismo","tag-moroni"],"jetpack_publicize_connections":[],"jetpack_featured_media_url":"https:\/\/revistaepocadigital.com.ar\/wp-content\/uploads\/2023\/04\/moroni1.jpg","jetpack_likes_enabled":true,"_links":{"self":[{"href":"https:\/\/revistaepocadigital.com.ar\/index.php?rest_route=\/wp\/v2\/posts\/20384","targetHints":{"allow":["GET"]}}],"collection":[{"href":"https:\/\/revistaepocadigital.com.ar\/index.php?rest_route=\/wp\/v2\/posts"}],"about":[{"href":"https:\/\/revistaepocadigital.com.ar\/index.php?rest_route=\/wp\/v2\/types\/post"}],"author":[{"embeddable":true,"href":"https:\/\/revistaepocadigital.com.ar\/index.php?rest_route=\/wp\/v2\/users\/3"}],"replies":[{"embeddable":true,"href":"https:\/\/revistaepocadigital.com.ar\/index.php?rest_route=%2Fwp%2Fv2%2Fcomments&post=20384"}],"version-history":[{"count":0,"href":"https:\/\/revistaepocadigital.com.ar\/index.php?rest_route=\/wp\/v2\/posts\/20384\/revisions"}],"wp:featuredmedia":[{"embeddable":true,"href":"https:\/\/revistaepocadigital.com.ar\/index.php?rest_route=\/wp\/v2\/media\/20389"}],"wp:attachment":[{"href":"https:\/\/revistaepocadigital.com.ar\/index.php?rest_route=%2Fwp%2Fv2%2Fmedia&parent=20384"}],"wp:term":[{"taxonomy":"category","embeddable":true,"href":"https:\/\/revistaepocadigital.com.ar\/index.php?rest_route=%2Fwp%2Fv2%2Fcategories&post=20384"},{"taxonomy":"post_tag","embeddable":true,"href":"https:\/\/revistaepocadigital.com.ar\/index.php?rest_route=%2Fwp%2Fv2%2Ftags&post=20384"}],"curies":[{"name":"wp","href":"https:\/\/api.w.org\/{rel}","templated":true}]}}